{"id":13522,"date":"2020-08-11T19:46:08","date_gmt":"2020-08-11T22:46:08","guid":{"rendered":"https:\/\/www.infraestruturameioambiente.sp.gov.br\/institutogeologico\/?p=13522"},"modified":"2020-08-12T09:58:11","modified_gmt":"2020-08-12T12:58:11","slug":"datacao-das-aguas-subterraneas-do-aquifero-tubarao","status":"publish","type":"post","link":"https:\/\/www.infraestruturameioambiente.sp.gov.br\/institutogeologico\/2020\/08\/datacao-das-aguas-subterraneas-do-aquifero-tubarao\/","title":{"rendered":"Data\u00e7\u00e3o das \u00c1guas Subterr\u00e2neas do Aqu\u00edfero Tubar\u00e3o"},"content":{"rendered":"<p><strong>O que s\u00e3o data\u00e7\u00f5es de \u00e1guas subterr\u00e2neas e para que servem?<\/strong><\/p>\n<p style=\"text-align: justify\">Pesquisadores do Instituto Geol\u00f3gico (IG-SIMA), do Centro e Estudos Ambientais e do Instituto de Geoci\u00eancias e Ci\u00eancias Exatas da UNESP-Rio Claro, vem utilizando estas t\u00e9cnicas nas pesquisas de caracteriza\u00e7\u00e3o do Aqu\u00edfero Tubar\u00e3o, no Estado de S\u00e3o Paulo. O objetivo \u00e9 aprofundar o conhecimento sobre o modo de circula\u00e7\u00e3o e a recarga das \u00e1guas subterr\u00e2neas neste aqu\u00edfero.<\/p>\n<p style=\"text-align: justify\">Data\u00e7\u00f5es envolvem uso de t\u00e9cnicas isot\u00f3picas que auxiliam na caracteriza\u00e7\u00e3o hidrogeol\u00f3gica de aqu\u00edferos, e servem para investigar a ocorr\u00eancia de \u00e1guas antigas (n\u00e3o renov\u00e1veis), estimar o tempo de resid\u00eancia das \u00e1guas e processos de recarga de aqu\u00edferos, avaliar a sustentabilidade das taxas de extra\u00e7\u00e3o de \u00e1guas subterr\u00e2neas, entre outras aplica\u00e7\u00f5es.<\/p>\n<p style=\"text-align: justify\">A pesquisa visa aplicar tr\u00eas m\u00e9todos de estimativas de idades das \u00e1guas a partir da medi\u00e7\u00e3o de concentra\u00e7\u00e3o de subst\u00e2ncias isot\u00f3picas: \u00a0Carbono-14, Helio-4 e Kript\u00f4nio-81, com o aux\u00edlio da Ag\u00eancia Internacional de Energia At\u00f4mica.<\/p>\n<p style=\"text-align: justify\">Em palestra promovida pela C\u00e2mara T\u00e9cnica de \u00c1guas Subterr\u00e2neas dos Comit\u00eas PCJ, no dia 06\/08\/20, foram apresentados os primeiros resultados de data\u00e7\u00e3o das \u00e1guas do Aqu\u00edfero Tubar\u00e3o, obtidos pelo m\u00e9todo de Carbono-14. Dados de 41 amostras de po\u00e7os, coletadas entre 2015 a 2019, mostram pelo menos dois grupos de \u00e1guas quanto \u00e0 idade: um mais jovem (com tempos de resid\u00eancia menores que 10.000 anos, e m\u00e9dia de 5.000 anos), que ocorre em por\u00e7\u00f5es menos profundas, associado a \u00e1guas bicarbonatadas c\u00e1lcicas; e outro de \u00e1guas antigas (&gt; 10.000 anos, com tempo de resid\u00eancia m\u00e9dio de 20.000 anos), bicarbonatadas s\u00f3dicas, nas por\u00e7\u00f5es mais profundas ou em condi\u00e7\u00f5es de confinamento entre camadas ou lentes de rochas mais argilosas.<\/p>\n<p style=\"text-align: justify\">O estudo demonstra que alguns po\u00e7os amostrados indicam explota\u00e7\u00e3o de \u00e1guas muito antigas (n\u00e3o-renov\u00e1veis), podendo chegar a 40.000 anos ou mais. Na \u00e1rea confinada pelo aquiclude Passa Dois, n\u00e3o se determinou tempos de resid\u00eancia pelo m\u00e9todo C-14, sendo necess\u00e1rios m\u00e9todos com maior alcance (He-4, Kr-81). Os resultados obtidos na primeira etapa, publicados recentemente (Ezaki et al., 2020), indicam a necessidade de acompanhamento da explota\u00e7\u00e3o das \u00e1guas subterr\u00e2neas nas por\u00e7\u00f5es rasas e profundas no Aqu\u00edfero Tubar\u00e3o, e a gera\u00e7\u00e3o de mais dados, que possibilitar\u00e1 auxiliar na gest\u00e3o dos recursos h\u00eddricos subterr\u00e2neos, de forma a evitar o esgotamento de reservas.<\/p>\n<p><strong>\u00a0<\/strong><strong>Para saber mais sobre:<\/strong><\/p>\n<p style=\"text-align: justify\">Sibele Ezaki, Didier Gastmans , Mara Akie Iritani , Vin\u00edcius dos Santos &amp; M\u00e1rcia Regina Stradioto. 2020. Geochemical evolution, residence times and recharge conditions of the multilayered Tubar\u00e3o aquifer system (State of S\u00e3o Paulo \u2013 Brazil) as indicated by hydrochemical, stable isotope and 14C data. <em>Isotopes in Environmental and Health Studies<\/em>, v. 56. DOI: 10.1080\/10256016.2020.1797714<\/p>\n","protected":false},"excerpt":{"rendered":"<p>O que s\u00e3o data\u00e7\u00f5es de \u00e1guas subterr\u00e2neas e para que servem? Pesquisadores do Instituto Geol\u00f3gico (IG-SIMA), do Centro e Estudos Ambientais e do Instituto de Geoci\u00eancias e Ci\u00eancias Exatas da UNESP-Rio Claro, vem utilizando estas t\u00e9cnicas nas pesquisas de caracteriza\u00e7\u00e3o do Aqu\u00edfero Tubar\u00e3o, no Estado de S\u00e3o Paulo. O objetivo \u00e9 aprofundar o conhecimento sobre [&hellip;]<\/p>\n","protected":false},"author":96,"featured_media":13526,"comment_status":"open","ping_status":"open","sticky":false,"template":"","format":"standard","meta":[],"categories":[1852,1850],"tags":[],"_links":{"self":[{"href":"https:\/\/www.infraestruturameioambiente.sp.gov.br\/institutogeologico\/wp-json\/wp\/v2\/posts\/13522"}],"collection":[{"href":"https:\/\/www.infraestruturameioambiente.sp.gov.br\/institutogeologico\/wp-json\/wp\/v2\/posts"}],"about":[{"href":"https:\/\/www.infraestruturameioambiente.sp.gov.br\/institutogeologico\/wp-json\/wp\/v2\/types\/post"}],"author":[{"embeddable":true,"href":"https:\/\/www.infraestruturameioambiente.sp.gov.br\/institutogeologico\/wp-json\/wp\/v2\/users\/96"}],"replies":[{"embeddable":true,"href":"https:\/\/www.infraestruturameioambiente.sp.gov.br\/institutogeologico\/wp-json\/wp\/v2\/comments?post=13522"}],"version-history":[{"count":2,"href":"https:\/\/www.infraestruturameioambiente.sp.gov.br\/institutogeologico\/wp-json\/wp\/v2\/posts\/13522\/revisions"}],"predecessor-version":[{"id":13525,"href":"https:\/\/www.infraestruturameioambiente.sp.gov.br\/institutogeologico\/wp-json\/wp\/v2\/posts\/13522\/revisions\/13525"}],"wp:featuredmedia":[{"embeddable":true,"href":"https:\/\/www.infraestruturameioambiente.sp.gov.br\/institutogeologico\/wp-json\/wp\/v2\/media\/13526"}],"wp:attachment":[{"href":"https:\/\/www.infraestruturameioambiente.sp.gov.br\/institutogeologico\/wp-json\/wp\/v2\/media?parent=13522"}],"wp:term":[{"taxonomy":"category","embeddable":true,"href":"https:\/\/www.infraestruturameioambiente.sp.gov.br\/institutogeologico\/wp-json\/wp\/v2\/categories?post=13522"},{"taxonomy":"post_tag","embeddable":true,"href":"https:\/\/www.infraestruturameioambiente.sp.gov.br\/institutogeologico\/wp-json\/wp\/v2\/tags?post=13522"}],"curies":[{"name":"wp","href":"https:\/\/api.w.org\/{rel}","templated":true}]}}