{"id":13444,"date":"2020-06-05T11:54:59","date_gmt":"2020-06-05T14:54:59","guid":{"rendered":"https:\/\/www.infraestruturameioambiente.sp.gov.br\/institutogeologico\/?p=13444"},"modified":"2020-06-05T18:01:30","modified_gmt":"2020-06-05T21:01:30","slug":"lancamento-de-cartilha-da-colecao-geonatural-sobre-inundacao-para-o-publico-infanto-juvenil","status":"publish","type":"post","link":"https:\/\/www.infraestruturameioambiente.sp.gov.br\/institutogeologico\/2020\/06\/lancamento-de-cartilha-da-colecao-geonatural-sobre-inundacao-para-o-publico-infanto-juvenil\/","title":{"rendered":"Lan\u00e7amento de Cartilha da Cole\u00e7\u00e3o Geonatural sobre Inunda\u00e7\u00e3o para o p\u00fablico infanto-juvenil"},"content":{"rendered":"<p style=\"text-align: justify\">Nesse momento em que enfrentamos uma situa\u00e7\u00e3o de pandemia do Coronav\u00edrus, as atividades infanto-juvenis est\u00e3o restritas ao lar, devido ao isolamento social. A equipe do Instituto Geol\u00f3gico (IG) buscou colaborar com uma op\u00e7\u00e3o para o entretenimento da fam\u00edlia lan\u00e7ando virtualmente uma publica\u00e7\u00e3o de educa\u00e7\u00e3o ambiental, para que pais e filhos possam brincar, aprender e aproveitar esse tempo juntos.<\/p>\n<p style=\"text-align: justify\">A publica\u00e7\u00e3o \u201cVoc\u00ea Sabe o que \u00e9 Inunda\u00e7\u00e3o?\u201d, Cartilha da Cole\u00e7\u00e3o Geonatural, de autoria da pesquisadora cient\u00edfica Rosangela do Amaral e da Analista de Recursos Ambientais Sandra Moni, com projeto gr\u00e1fico de Janderson Matos. Essa \u00e9 mais uma contribui\u00e7\u00e3o do IG para informar sobre inunda\u00e7\u00e3o, quais s\u00e3o suas consequ\u00eancias e formas de preven\u00e7\u00e3o, voltada ao p\u00fablico infanto-juvenil, que poder\u00e1 ter maior percep\u00e7\u00e3o sobre este fen\u00f4meno, tornando-se mais um agente envolvido na preven\u00e7\u00e3o de desastres e acidentes e na preserva\u00e7\u00e3o e conserva\u00e7\u00e3o do meio ambiente em que vive. O livro tamb\u00e9m oferece alguns entretenimentos como ca\u00e7a palavras, jogo dos sete erros, atividades para colorir e um jogo de tabuleiro para divertir toda a fam\u00edlia.<\/p>\n<p style=\"text-align: justify\">A publica\u00e7\u00e3o est\u00e1 dispon\u00edvel para download e pode ser reproduzida em impressora dom\u00e9stica de formato A4.<\/p>\n<div id=\"attachment_13441\" style=\"width: 410px\" class=\"wp-caption alignnone\"><img aria-describedby=\"caption-attachment-13441\" decoding=\"async\" loading=\"lazy\" class=\"size-full wp-image-13441\" src=\"https:\/\/smastr16.blob.core.windows.net\/igeo\/sites\/233\/2020\/06\/inundacao.jpg\" alt=\"\" width=\"400\" height=\"553\" srcset=\"https:\/\/smastr16.blob.core.windows.net\/igeo\/sites\/233\/2020\/06\/inundacao.jpg 400w, https:\/\/smastr16.blob.core.windows.net\/igeo\/sites\/233\/2020\/06\/inundacao-217x300.jpg 217w, https:\/\/smastr16.blob.core.windows.net\/igeo\/sites\/233\/2020\/06\/inundacao-250x346.jpg 250w, https:\/\/smastr16.blob.core.windows.net\/igeo\/sites\/233\/2020\/06\/inundacao-130x180.jpg 130w, https:\/\/smastr16.blob.core.windows.net\/igeo\/sites\/233\/2020\/06\/inundacao-362x500.jpg 362w\" sizes=\"(max-width: 400px) 100vw, 400px\" \/><p id=\"caption-attachment-13441\" class=\"wp-caption-text\"><a href=\"https:\/\/smastr16.blob.core.windows.net\/igeo\/sites\/233\/2020\/06\/cartilha-voce_sabe_o_que_e_inundacao.pdf\"> Voc\u00ea Sabe o que \u00e9 Inunda\u00e7\u00e3o? (PDF &#8211; 4.76 MB) <\/a><\/p><\/div>\n<div id=\"attachment_13456\" style=\"width: 810px\" class=\"wp-caption alignnone\"><img aria-describedby=\"caption-attachment-13456\" decoding=\"async\" loading=\"lazy\" class=\"wp-image-13456 size-wcbig\" src=\"https:\/\/smastr16.blob.core.windows.net\/igeo\/sites\/233\/2020\/06\/jogo_siga_o_rio-800x566.jpg\" alt=\"\" width=\"800\" height=\"566\" srcset=\"https:\/\/smastr16.blob.core.windows.net\/igeo\/sites\/233\/2020\/06\/jogo_siga_o_rio-800x566.jpg 800w, https:\/\/smastr16.blob.core.windows.net\/igeo\/sites\/233\/2020\/06\/jogo_siga_o_rio-300x212.jpg 300w, https:\/\/smastr16.blob.core.windows.net\/igeo\/sites\/233\/2020\/06\/jogo_siga_o_rio-768x543.jpg 768w, https:\/\/smastr16.blob.core.windows.net\/igeo\/sites\/233\/2020\/06\/jogo_siga_o_rio-250x177.jpg 250w, https:\/\/smastr16.blob.core.windows.net\/igeo\/sites\/233\/2020\/06\/jogo_siga_o_rio-550x389.jpg 550w, https:\/\/smastr16.blob.core.windows.net\/igeo\/sites\/233\/2020\/06\/jogo_siga_o_rio-255x180.jpg 255w, https:\/\/smastr16.blob.core.windows.net\/igeo\/sites\/233\/2020\/06\/jogo_siga_o_rio-424x300.jpg 424w, https:\/\/smastr16.blob.core.windows.net\/igeo\/sites\/233\/2020\/06\/jogo_siga_o_rio-707x500.jpg 707w, https:\/\/smastr16.blob.core.windows.net\/igeo\/sites\/233\/2020\/06\/jogo_siga_o_rio-210x150.jpg 210w, https:\/\/smastr16.blob.core.windows.net\/igeo\/sites\/233\/2020\/06\/jogo_siga_o_rio.jpg 1000w\" sizes=\"(max-width: 800px) 100vw, 800px\" \/><p id=\"caption-attachment-13456\" class=\"wp-caption-text\"><a href=\"https:\/\/smastr16.blob.core.windows.net\/igeo\/sites\/233\/2020\/06\/jogo_siga_o_rio.pdf\"> Tabuleiro do Jogo Siga o Rio (PDF &#8211; 0.9 MB) <\/a><\/p><\/div>\n<p style=\"text-align: justify\">O lan\u00e7amento faz parte da comemora\u00e7\u00e3o da semana em que se celebram os Dias do Ge\u00f3grafo e do Ge\u00f3logo, profissionais que al\u00e9m da pesquisa e das atividades t\u00e9cnicas, tamb\u00e9m se dedicam ao ensino e divulga\u00e7\u00e3o de informa\u00e7\u00f5es, e tamb\u00e9m da Semana do Meio Ambiente, em que se enfatizam as a\u00e7\u00f5es de educa\u00e7\u00e3o ambiental.<\/p>\n<p style=\"text-align: justify\"><a href=\"https:\/\/www.infraestruturameioambiente.sp.gov.br\/institutogeologico\/2012\/10\/colecao-geonatural\/\">CLIQUE AQUI<\/a> e conhe\u00e7a as outras cartilhas da cole\u00e7\u00e3o Geonatural e <a href=\"https:\/\/www.infraestruturameioambiente.sp.gov.br\/institutogeologico\/publicacoes\/livros-e-colecoes\/livros-e-audiolivros\/\">CLIQUE AQUI<\/a> e veja as demais publica\u00e7\u00f5es do Instituto Geol\u00f3gico.<\/p>\n","protected":false},"excerpt":{"rendered":"<p>Nesse momento em que enfrentamos uma situa\u00e7\u00e3o de pandemia do Coronav\u00edrus, as atividades infanto-juvenis est\u00e3o restritas ao lar, devido ao isolamento social. A equipe do Instituto Geol\u00f3gico (IG) buscou colaborar com uma op\u00e7\u00e3o para o entretenimento da fam\u00edlia lan\u00e7ando virtualmente uma publica\u00e7\u00e3o de educa\u00e7\u00e3o ambiental, para que pais e filhos possam brincar, aprender e aproveitar [&hellip;]<\/p>\n","protected":false},"author":96,"featured_media":13445,"comment_status":"open","ping_status":"open","sticky":false,"template":"","format":"standard","meta":[],"categories":[1852,1850],"tags":[],"_links":{"self":[{"href":"https:\/\/www.infraestruturameioambiente.sp.gov.br\/institutogeologico\/wp-json\/wp\/v2\/posts\/13444"}],"collection":[{"href":"https:\/\/www.infraestruturameioambiente.sp.gov.br\/institutogeologico\/wp-json\/wp\/v2\/posts"}],"about":[{"href":"https:\/\/www.infraestruturameioambiente.sp.gov.br\/institutogeologico\/wp-json\/wp\/v2\/types\/post"}],"author":[{"embeddable":true,"href":"https:\/\/www.infraestruturameioambiente.sp.gov.br\/institutogeologico\/wp-json\/wp\/v2\/users\/96"}],"replies":[{"embeddable":true,"href":"https:\/\/www.infraestruturameioambiente.sp.gov.br\/institutogeologico\/wp-json\/wp\/v2\/comments?post=13444"}],"version-history":[{"count":5,"href":"https:\/\/www.infraestruturameioambiente.sp.gov.br\/institutogeologico\/wp-json\/wp\/v2\/posts\/13444\/revisions"}],"predecessor-version":[{"id":13455,"href":"https:\/\/www.infraestruturameioambiente.sp.gov.br\/institutogeologico\/wp-json\/wp\/v2\/posts\/13444\/revisions\/13455"}],"wp:featuredmedia":[{"embeddable":true,"href":"https:\/\/www.infraestruturameioambiente.sp.gov.br\/institutogeologico\/wp-json\/wp\/v2\/media\/13445"}],"wp:attachment":[{"href":"https:\/\/www.infraestruturameioambiente.sp.gov.br\/institutogeologico\/wp-json\/wp\/v2\/media?parent=13444"}],"wp:term":[{"taxonomy":"category","embeddable":true,"href":"https:\/\/www.infraestruturameioambiente.sp.gov.br\/institutogeologico\/wp-json\/wp\/v2\/categories?post=13444"},{"taxonomy":"post_tag","embeddable":true,"href":"https:\/\/www.infraestruturameioambiente.sp.gov.br\/institutogeologico\/wp-json\/wp\/v2\/tags?post=13444"}],"curies":[{"name":"wp","href":"https:\/\/api.w.org\/{rel}","templated":true}]}}