{"id":13380,"date":"2020-03-16T08:49:34","date_gmt":"2020-03-16T11:49:34","guid":{"rendered":"https:\/\/www.infraestruturameioambiente.sp.gov.br\/institutogeologico\/?p=13380"},"modified":"2020-07-16T13:01:27","modified_gmt":"2020-07-16T16:01:27","slug":"lancamento-do-livro-nitrato-nas-aguas-subterraneas-desafios-frente-ao-panorama-atual-2","status":"publish","type":"post","link":"https:\/\/www.infraestruturameioambiente.sp.gov.br\/institutogeologico\/2020\/03\/lancamento-do-livro-nitrato-nas-aguas-subterraneas-desafios-frente-ao-panorama-atual-2\/","title":{"rendered":"Lan\u00e7amento do livro \u201cNitrato nas \u00c1guas Subterr\u00e2neas: Desafios Frente ao Panorama Atual\u201d"},"content":{"rendered":"<div class=\"wc-gallery\"><div id='gallery-1' data-gutter-width='5' data-columns='1' class='gallery wc-gallery-captions-onhover gallery-link-file gallery-grid galleryid-13380 gallery-columns-1 gallery-size-thumbnail wc-gallery-bottomspace-default wc-gallery-gutter-5 wc-gallery-clear'><div class='gallery-item-wrapper gallery-item-position-1 gallery-item-attachment-13382 gallery-item-column-1 gallery-item-last-column'><div class='gallery-item'>\n\t\t\t\t<div class='gallery-item-inner'>\n\t\t\t\t\t<div class='gallery-icon landscape'>\n\t\t\t\t\t\t<a href='https:\/\/smastr16.blob.core.windows.net\/igeo\/sites\/233\/2020\/03\/img_0288-1024x683-1024x683.jpg' title='img_0288-1024x683' target='_self'><img width=\"150\" height=\"150\" src=\"https:\/\/smastr16.blob.core.windows.net\/igeo\/sites\/233\/2020\/03\/img_0288-1024x683-150x150.jpg\" class=\"attachment-thumbnail size-thumbnail\" alt=\"\" decoding=\"async\" loading=\"lazy\" srcset=\"https:\/\/smastr16.blob.core.windows.net\/igeo\/sites\/233\/2020\/03\/img_0288-1024x683-150x150.jpg 150w, https:\/\/smastr16.blob.core.windows.net\/igeo\/sites\/233\/2020\/03\/img_0288-1024x683-48x48.jpg 48w, https:\/\/smastr16.blob.core.windows.net\/igeo\/sites\/233\/2020\/03\/img_0288-1024x683-300x300.jpg 300w\" sizes=\"(max-width: 150px) 100vw, 150px\" \/><\/a>\n\t\t\t\t\t<\/div>\n\t\t\t\t\t\t\t<div class='wp-caption-text gallery-caption'>\n\t\t\t\t\t\t\t\t<p>\n\t\t\t\t\t\t\t\tMesa de Abertura\n\t\t\t\t\t\t\t\t<\/p>\n\t\t\t\t\t\t\t<\/div><\/div><\/div><\/div><div class='gallery-item-wrapper gallery-item-position-2 gallery-item-attachment-13383 gallery-item-column-1 gallery-item-last-column'><div class='gallery-item'>\n\t\t\t\t<div class='gallery-item-inner'>\n\t\t\t\t\t<div class='gallery-icon landscape'>\n\t\t\t\t\t\t<a href='https:\/\/smastr16.blob.core.windows.net\/igeo\/sites\/233\/2020\/03\/img_0330-1024x683-1024x683.jpg' title='img_0330-1024x683' target='_self'><img width=\"150\" height=\"150\" src=\"https:\/\/smastr16.blob.core.windows.net\/igeo\/sites\/233\/2020\/03\/img_0330-1024x683-150x150.jpg\" class=\"attachment-thumbnail size-thumbnail\" alt=\"\" decoding=\"async\" loading=\"lazy\" srcset=\"https:\/\/smastr16.blob.core.windows.net\/igeo\/sites\/233\/2020\/03\/img_0330-1024x683-150x150.jpg 150w, https:\/\/smastr16.blob.core.windows.net\/igeo\/sites\/233\/2020\/03\/img_0330-1024x683-48x48.jpg 48w, https:\/\/smastr16.blob.core.windows.net\/igeo\/sites\/233\/2020\/03\/img_0330-1024x683-300x300.jpg 300w\" sizes=\"(max-width: 150px) 100vw, 150px\" \/><\/a>\n\t\t\t\t\t<\/div>\n\t\t\t\t\t\t\t<div class='wp-caption-text gallery-caption'>\n\t\t\t\t\t\t\t\t<p>\n\t\t\t\t\t\t\t\tSess\u00e3o de Debates\n\t\t\t\t\t\t\t\t<\/p>\n\t\t\t\t\t\t\t<\/div><\/div><\/div><\/div><div class='gallery-item-wrapper gallery-item-position-3 gallery-item-attachment-13384 gallery-item-column-1 gallery-item-last-column'><div class='gallery-item'>\n\t\t\t\t<div class='gallery-item-inner'>\n\t\t\t\t\t<div class='gallery-icon landscape'>\n\t\t\t\t\t\t<a href='https:\/\/smastr16.blob.core.windows.net\/igeo\/sites\/233\/2020\/03\/img_6064-1024x683.jpg' title='IMG_6064' target='_self'><img width=\"150\" height=\"150\" src=\"https:\/\/smastr16.blob.core.windows.net\/igeo\/sites\/233\/2020\/03\/img_6064-150x150.jpg\" class=\"attachment-thumbnail size-thumbnail\" alt=\"\" decoding=\"async\" loading=\"lazy\" srcset=\"https:\/\/smastr16.blob.core.windows.net\/igeo\/sites\/233\/2020\/03\/img_6064-150x150.jpg 150w, https:\/\/smastr16.blob.core.windows.net\/igeo\/sites\/233\/2020\/03\/img_6064-48x48.jpg 48w, https:\/\/smastr16.blob.core.windows.net\/igeo\/sites\/233\/2020\/03\/img_6064-300x300.jpg 300w\" sizes=\"(max-width: 150px) 100vw, 150px\" \/><\/a>\n\t\t\t\t\t<\/div>\n\t\t\t\t\t\t\t<div class='wp-caption-text gallery-caption'>\n\t\t\t\t\t\t\t\t<p>\n\t\t\t\t\t\t\t\tOrganizadores\n\t\t\t\t\t\t\t\t<\/p>\n\t\t\t\t\t\t\t<\/div><\/div><\/div><\/div><\/div>\n<\/div>\n<p style=\"text-align: justify\">O livro \u201cNitrato nas \u00c1guas Subterr\u00e2neas: Desafios Frente ao Panorama Atual\u201d foi lan\u00e7ado no dia 11 de mar\u00e7o de 2020, durante evento no Audit\u00f3rio Jos\u00e9 Reis do Instituto Biol\u00f3gico. Este evento foi promovido pela C\u00e2mara T\u00e9cnica de \u00c1guas Subterr\u00e2neas do Conselho Estadual de Recursos H\u00eddricos (CTAS\/CRH) e organizado pelo Instituto Geol\u00f3gico da Secretaria de Infraestrutura e Meio Ambiente (IG\/SIMA).<\/p>\n<p style=\"text-align: justify\">O nitrato \u00e9 o contaminante de maior ocorr\u00eancia em aqu\u00edferos, seja no Brasil ou no exterior. A subst\u00e2ncia \u00e9 utilizada mundialmente como indicador de contamina\u00e7\u00e3o das \u00e1guas subterr\u00e2neas, devido \u00e0 alta mobilidade, podendo atingir extensas \u00e1reas.<\/p>\n<p style=\"text-align: justify\">A publica\u00e7\u00e3o foi elaborada pelo Grupo de Trabalho Nitrato da CTAS\/CRH, sob coordena\u00e7\u00e3o geral da pesquisadora Claudia Varnier, do IG\/SIMA. Al\u00e9m da pesquisadora, a equipe t\u00e9cnica \u00e9 composta por Ger\u00f4ncio Albuquerque Rocha (Consultor), Jos\u00e9 Eduardo Campos (DAEE), Jos\u00e9 Luiz Albuquerque Filho (IPT), Mateus Simonato (Consultor; CEPAS|USP) e Ricardo Hirata (CEPAS|USP).<\/p>\n<p style=\"text-align: justify\">O livro cont\u00e9m um breve panorama sobre o nitrato em aqu\u00edferos, abrangendo aspectos como ocorr\u00eancia, fontes potenciais de contamina\u00e7\u00e3o, efeitos na sa\u00fade humana e animal, bem como a proposi\u00e7\u00e3o de estrat\u00e9gias e recomenda\u00e7\u00f5es para a preven\u00e7\u00e3o e mitiga\u00e7\u00e3o do problema.<\/p>\n<p style=\"text-align: justify\">A abertura do evento contou com a presen\u00e7a da coordenadora da CTAS\/CRH e diretora geral do IG\/SIMA, Luciana Ferreira, e o secret\u00e1rio executivo do CRH, Rui Brasil Assis.<\/p>\n<p style=\"text-align: justify\">A seguir, a pesquisadora do IG\/SIMA e coordenadora geral da publica\u00e7\u00e3o, Claudia Varnier, fez uma breve apresenta\u00e7\u00e3o sobre a publica\u00e7\u00e3o, enfatizando sua import\u00e2ncia. Na ocasi\u00e3o, ela tamb\u00e9m destacou que trata-se de um documento de refer\u00eancia em l\u00edngua portuguesa, in\u00e9dito no Brasil, destinado aos \u00f3rg\u00e3os gestores de recursos h\u00eddricos e de sa\u00fade p\u00fablica, profissionais especializados no campo das \u00e1guas subterr\u00e2neas e demais interessados.<\/p>\n<p style=\"text-align: justify\">Ela mencionou, ainda, que a elabora\u00e7\u00e3o do livro contou tamb\u00e9m com importantes colabora\u00e7\u00f5es de outros membros do GT Nitrato, representados pelos comit\u00eas de bacias hidrogr\u00e1ficas dos rios Aguape\u00ed e Peixe (CBH-AP) e do Pontal do Paranapanema (CBH-PP), Centro de Vigil\u00e2ncia Sanit\u00e1ria (CVS), Companhia Ambiental do Estado de S\u00e3o Paulo (CETESB), Centro de Pesquisas de \u00c1guas Subterr\u00e2neas da Universidade de S\u00e3o Paulo (CEPAS-USP), Instituto de Pesquisas Tecnol\u00f3gicas (IPT), Departamento de \u00c1guas e Energia El\u00e9trica (DAEE), Associa\u00e7\u00e3o Brasileira de \u00c1guas Subterr\u00e2neas (ABAS), DH Perfura\u00e7\u00f5es de Po\u00e7os Ltda, al\u00e9m de consultores.<\/p>\n<p style=\"text-align: justify\">A apresenta\u00e7\u00e3o foi sucedida por uma mesa redonda, composta pela coordenadora da CTAS e a equipe t\u00e9cnica do livro onde responderam \u00e0s perguntas da plateia. No encerramento do evento, uma especial homenagem foi feita ao ge\u00f3logo Ger\u00f4ncio Albuquerque Rocha, um dos autores do livro, por sua contribui\u00e7\u00e3o \u00e0 hidrogeologia no Brasil, nas \u00faltimas d\u00e9cadas.<\/p>\n<div id=\"attachment_13337\" style=\"width: 360px\" class=\"wp-caption alignnone\"><img aria-describedby=\"caption-attachment-13337\" decoding=\"async\" loading=\"lazy\" class=\"size-full wp-image-13337\" src=\"https:\/\/smastr16.blob.core.windows.net\/igeo\/2020\/01\/capa_boletim_nitrato.jpg\" alt=\"\" width=\"350\" height=\"350\" srcset=\"https:\/\/smastr16.blob.core.windows.net\/igeo\/2020\/01\/capa_boletim_nitrato.jpg 350w, https:\/\/smastr16.blob.core.windows.net\/igeo\/2020\/01\/capa_boletim_nitrato-150x150.jpg 150w, https:\/\/smastr16.blob.core.windows.net\/igeo\/2020\/01\/capa_boletim_nitrato-300x300.jpg 300w, https:\/\/smastr16.blob.core.windows.net\/igeo\/2020\/01\/capa_boletim_nitrato-48x48.jpg 48w, https:\/\/smastr16.blob.core.windows.net\/igeo\/2020\/01\/capa_boletim_nitrato-250x250.jpg 250w, https:\/\/smastr16.blob.core.windows.net\/igeo\/2020\/01\/capa_boletim_nitrato-180x180.jpg 180w\" sizes=\"(max-width: 350px) 100vw, 350px\" \/><p id=\"caption-attachment-13337\" class=\"wp-caption-text\"><a href=\"https:\/\/www.infraestruturameioambiente.sp.gov.br\/institutogeologico\/2020\/01\/boletim-sobre-nitrato-nas-aguas-subterraneas-e-apresentado-no-conselho-estadual-de-recursos-hidricos\/\"> Boletim Nitrato nas \u00c1guas Subterr\u00e2neas: Desafios Frente ao Panorama Atual(PDF &#8211; 12.7 MB) <\/a><\/p><\/div>\n<p style=\"text-align: justify\">Para visualizar a publica\u00e7\u00e3o <a href=\"http:\/\/bit.ly\/ig_nitrato\">CLIQUE AQUI<\/a><\/p>\n<p style=\"text-align: justify\">Para visualizar a apresenta\u00e7\u00e3o <a href=\"https:\/\/www.slideshare.net\/igeologicosp\/nitrato-nas-guas-subterrneas-desafios-frente-ao-panorama-atual\">CLIQUE AQUI<\/a><\/p>\n","protected":false},"excerpt":{"rendered":"<p>O livro \u201cNitrato nas \u00c1guas Subterr\u00e2neas: Desafios Frente ao Panorama Atual\u201d foi lan\u00e7ado no dia 11 de mar\u00e7o de 2020, durante evento no Audit\u00f3rio Jos\u00e9 Reis do Instituto Biol\u00f3gico. Este evento foi promovido pela C\u00e2mara T\u00e9cnica de \u00c1guas Subterr\u00e2neas do Conselho Estadual de Recursos H\u00eddricos (CTAS\/CRH) e organizado pelo Instituto Geol\u00f3gico da Secretaria de Infraestrutura [&hellip;]<\/p>\n","protected":false},"author":96,"featured_media":13381,"comment_status":"open","ping_status":"open","sticky":false,"template":"","format":"standard","meta":[],"categories":[1852,1850],"tags":[],"_links":{"self":[{"href":"https:\/\/www.infraestruturameioambiente.sp.gov.br\/institutogeologico\/wp-json\/wp\/v2\/posts\/13380"}],"collection":[{"href":"https:\/\/www.infraestruturameioambiente.sp.gov.br\/institutogeologico\/wp-json\/wp\/v2\/posts"}],"about":[{"href":"https:\/\/www.infraestruturameioambiente.sp.gov.br\/institutogeologico\/wp-json\/wp\/v2\/types\/post"}],"author":[{"embeddable":true,"href":"https:\/\/www.infraestruturameioambiente.sp.gov.br\/institutogeologico\/wp-json\/wp\/v2\/users\/96"}],"replies":[{"embeddable":true,"href":"https:\/\/www.infraestruturameioambiente.sp.gov.br\/institutogeologico\/wp-json\/wp\/v2\/comments?post=13380"}],"version-history":[{"count":4,"href":"https:\/\/www.infraestruturameioambiente.sp.gov.br\/institutogeologico\/wp-json\/wp\/v2\/posts\/13380\/revisions"}],"predecessor-version":[{"id":13506,"href":"https:\/\/www.infraestruturameioambiente.sp.gov.br\/institutogeologico\/wp-json\/wp\/v2\/posts\/13380\/revisions\/13506"}],"wp:featuredmedia":[{"embeddable":true,"href":"https:\/\/www.infraestruturameioambiente.sp.gov.br\/institutogeologico\/wp-json\/wp\/v2\/media\/13381"}],"wp:attachment":[{"href":"https:\/\/www.infraestruturameioambiente.sp.gov.br\/institutogeologico\/wp-json\/wp\/v2\/media?parent=13380"}],"wp:term":[{"taxonomy":"category","embeddable":true,"href":"https:\/\/www.infraestruturameioambiente.sp.gov.br\/institutogeologico\/wp-json\/wp\/v2\/categories?post=13380"},{"taxonomy":"post_tag","embeddable":true,"href":"https:\/\/www.infraestruturameioambiente.sp.gov.br\/institutogeologico\/wp-json\/wp\/v2\/tags?post=13380"}],"curies":[{"name":"wp","href":"https:\/\/api.w.org\/{rel}","templated":true}]}}