{"id":13274,"date":"2019-10-15T14:00:12","date_gmt":"2019-10-15T17:00:12","guid":{"rendered":"https:\/\/www.infraestruturameioambiente.sp.gov.br\/institutogeologico\/?p=13274"},"modified":"2019-10-16T09:25:26","modified_gmt":"2019-10-16T12:25:26","slug":"erosao-acelerada-causa-problemas-em-avare-e-hortol-ndia","status":"publish","type":"post","link":"https:\/\/www.infraestruturameioambiente.sp.gov.br\/institutogeologico\/2019\/10\/erosao-acelerada-causa-problemas-em-avare-e-hortol-ndia\/","title":{"rendered":"Eros\u00e3o Acelerada Causa Problemas em Avar\u00e9 e Hortol\u00e2ndia"},"content":{"rendered":"<p style=\"text-align: justify\"><span style=\"font-weight: 400\">A eros\u00e3o acelerada do solo \u00e9 um processo erosivo que pode combinar os escoamentos de \u00e1gua superficiais e subterr\u00e2neos, respons\u00e1veis pelo carreamento das part\u00edculas do solo, gerando cavidades de grandes dimens\u00f5es, tanto em profundidade como em superf\u00edcie. Em fun\u00e7\u00e3o de suas dimens\u00f5es s\u00e3o classificadas, respectivamente, das maiores para as menores, em vossorocas ou bo\u00e7orocas, ravinas e sulcos. Considerado um processo geodin\u00e2mico perigoso na <\/span><a href=\"http:\/\/pesquisa.in.gov.br\/imprensa\/jsp\/visualiza\/index.jsp?data=30\/08\/2012&amp;jornal=1&amp;pagina=30&amp;totalArquivos=120\"><span style=\"font-weight: 400\">Classifica\u00e7\u00e3o Brasileira de Desastres<\/span><\/a><span style=\"font-weight: 400\"> (COBRADE), a eros\u00e3o acelerada vem causando problemas em v\u00e1rios munic\u00edpios do Estado de S\u00e3o Paulo. O Instituto Geol\u00f3gico (IG) realizou vistoria e emitiu parecer t\u00e9cnico sobre a ocorr\u00eancia de vossorocas nos munic\u00edpios de Avar\u00e9, em junho, e Hortol\u00e2ndia, em agosto de 2019.<\/span><\/p>\n<p style=\"text-align: justify\"><span style=\"font-weight: 400\">Em Avar\u00e9, a solicita\u00e7\u00e3o de realiza\u00e7\u00e3o do parecer partiu da CETESB, frente ao licenciamento de loteamento no Jardim Presidencial. A vossoroca com dimens\u00f5es de at\u00e9 30 m de largura, profundidades de 8-10m e comprimento em torno de 600m localiza-se em regi\u00e3o de solo arenoso fri\u00e1vel com prec\u00e1rio sistema de capta\u00e7\u00e3o e direcionamento das \u00e1guas superficiais. Para a mitiga\u00e7\u00e3o do problema o parecer\u00a0 recomenda a implanta\u00e7\u00e3o de um sistema de capta\u00e7\u00e3o e de direcionamento das \u00e1guas superficiais e a prote\u00e7\u00e3o superficial de eros\u00e3o (restabelecimento da cobertura vegetal com uso de geot\u00eaxteis, biomantas, plantio de gram\u00edneas.\u00a0<\/span><\/p>\n<p style=\"text-align: justify\"><span style=\"font-weight: 400\">Em Hortol\u00e2ndia, a solicita\u00e7\u00e3o partiu do Minist\u00e9rio P\u00fablico Estadual, 1\u00aa Promotoria de Justi\u00e7a de Hortol\u00e2ndia, frente A\u00e7\u00e3o Civil P\u00fablica que investiga dano ambiental em \u00e1rea de preserva\u00e7\u00e3o permanente, na Ch\u00e1cara Recreio Alvorada. A mesma \u00e1rea j\u00e1 havia sido objeto de an\u00e1lise t\u00e9cnica do Instituto Geol\u00f3gico em mar\u00e7o de 2010. O respons\u00e1vel pela \u00e1rea realizou interven\u00e7\u00f5es de mitiga\u00e7\u00e3o do problema, por meio de retaludamento, suaviza\u00e7\u00e3o do talude e escava\u00e7\u00e3o de sulcos em n\u00edvel para o controle de eros\u00f5es laminares superficiais, contudo o disciplinamento de \u00e1gua ainda pode ser considerado prec\u00e1rio, como indica a presen\u00e7a de novos sulcos erosivos na \u00e1rea recuperada.<\/span><\/p>\n<p style=\"text-align: justify\"><span style=\"font-weight: 400\">O banco de dados de eventos e desastres geodin\u00e2micos do Estado de S\u00e3o Paulo (<\/span><a href=\"https:\/\/docs.google.com\/spreadsheets\/d\/1z1NiSErGf7ntRI3cjGnkZ4zXdumhuPqPKh-dPELeZ-Q\/edit#gid=1682488593\"><span style=\"font-weight: 400\">GEODESASTRES IG<\/span><\/a><span style=\"font-weight: 400\">), do Instituto Geol\u00f3gico com 21.384 registros, no per\u00edodo de 2003-2017, exibe oito deles relacionados \u00e0 vossorocas, no munic\u00edpios de Itaporanga, Socorro, Avar\u00e9 (duas), It\u00e1polis, Taquaritinga, Americana e Monte Alto. Este \u00faltimo munic\u00edpio tamb\u00e9m foi objeto de vistorias e pareceres t\u00e9cnicos do IG, <\/span><a href=\"https:\/\/www.infraestruturameioambiente.sp.gov.br\/institutogeologico\/2007\/03\/tecnicos-do-ig-sma-atendem-desastre-ambiental-em-bocoroca-na-cidade-de-monte-alto-sp\/\"><span style=\"font-weight: 400\">em mar\u00e7o de 2007<\/span><\/a><span style=\"font-weight: 400\"> e setembro de 2016. Levantamento realizado pelo <\/span><a href=\"http:\/\/www.ipt.br\/noticias_interna.php?id_noticia=576\"><span style=\"font-weight: 400\">Instituto de Pesquisas Tecnol\u00f3gicas (IPT)<\/span><\/a><span style=\"font-weight: 400\"> cadastrou cerca de 6755 vossorocas no estado, das quais 6122 s\u00e3o rurais e 633 s\u00e3o urbanas.<\/span><\/p>\n<p style=\"text-align: justify\"><span style=\"font-weight: 400\">As avalia\u00e7\u00f5es realizadas pelo Instituto Geol\u00f3gico sobre eros\u00e3o acelerada apoiam a solu\u00e7\u00e3o de problemas ambientais em conformidade com as pol\u00edticas p\u00fablicas de conserva\u00e7\u00e3o e recupera\u00e7\u00e3o ambiental e o desenvolvimento econ\u00f4mico sustent\u00e1vel.<\/span><\/p>\n","protected":false},"excerpt":{"rendered":"<p>A eros\u00e3o acelerada do solo \u00e9 um processo erosivo que pode combinar os escoamentos de \u00e1gua superficiais e subterr\u00e2neos, respons\u00e1veis pelo carreamento das part\u00edculas do solo, gerando cavidades de grandes dimens\u00f5es, tanto em profundidade como em superf\u00edcie. Em fun\u00e7\u00e3o de suas dimens\u00f5es s\u00e3o classificadas, respectivamente, das maiores para as menores, em vossorocas ou bo\u00e7orocas, ravinas [&hellip;]<\/p>\n","protected":false},"author":96,"featured_media":13275,"comment_status":"open","ping_status":"open","sticky":false,"template":"","format":"standard","meta":[],"categories":[1852,1850],"tags":[],"_links":{"self":[{"href":"https:\/\/www.infraestruturameioambiente.sp.gov.br\/institutogeologico\/wp-json\/wp\/v2\/posts\/13274"}],"collection":[{"href":"https:\/\/www.infraestruturameioambiente.sp.gov.br\/institutogeologico\/wp-json\/wp\/v2\/posts"}],"about":[{"href":"https:\/\/www.infraestruturameioambiente.sp.gov.br\/institutogeologico\/wp-json\/wp\/v2\/types\/post"}],"author":[{"embeddable":true,"href":"https:\/\/www.infraestruturameioambiente.sp.gov.br\/institutogeologico\/wp-json\/wp\/v2\/users\/96"}],"replies":[{"embeddable":true,"href":"https:\/\/www.infraestruturameioambiente.sp.gov.br\/institutogeologico\/wp-json\/wp\/v2\/comments?post=13274"}],"version-history":[{"count":5,"href":"https:\/\/www.infraestruturameioambiente.sp.gov.br\/institutogeologico\/wp-json\/wp\/v2\/posts\/13274\/revisions"}],"predecessor-version":[{"id":13280,"href":"https:\/\/www.infraestruturameioambiente.sp.gov.br\/institutogeologico\/wp-json\/wp\/v2\/posts\/13274\/revisions\/13280"}],"wp:featuredmedia":[{"embeddable":true,"href":"https:\/\/www.infraestruturameioambiente.sp.gov.br\/institutogeologico\/wp-json\/wp\/v2\/media\/13275"}],"wp:attachment":[{"href":"https:\/\/www.infraestruturameioambiente.sp.gov.br\/institutogeologico\/wp-json\/wp\/v2\/media?parent=13274"}],"wp:term":[{"taxonomy":"category","embeddable":true,"href":"https:\/\/www.infraestruturameioambiente.sp.gov.br\/institutogeologico\/wp-json\/wp\/v2\/categories?post=13274"},{"taxonomy":"post_tag","embeddable":true,"href":"https:\/\/www.infraestruturameioambiente.sp.gov.br\/institutogeologico\/wp-json\/wp\/v2\/tags?post=13274"}],"curies":[{"name":"wp","href":"https:\/\/api.w.org\/{rel}","templated":true}]}}