{"id":13148,"date":"2019-08-07T09:55:24","date_gmt":"2019-08-07T12:55:24","guid":{"rendered":"https:\/\/www.infraestruturameioambiente.sp.gov.br\/institutogeologico\/?p=13148"},"modified":"2019-08-07T09:55:24","modified_gmt":"2019-08-07T12:55:24","slug":"grupo-de-trabalho-apresenta-relatorio-de-seguranca-de-barragens-no-estado-de-sao-paulo","status":"publish","type":"post","link":"https:\/\/www.infraestruturameioambiente.sp.gov.br\/institutogeologico\/2019\/08\/grupo-de-trabalho-apresenta-relatorio-de-seguranca-de-barragens-no-estado-de-sao-paulo\/","title":{"rendered":"Grupo de Trabalho apresenta Relat\u00f3rio de Seguran\u00e7a de Barragens no Estado de S\u00e3o Paulo"},"content":{"rendered":"<p style=\"text-align: justify\">Em reuni\u00e3o realizada no dia 03\/07\/2019 o Grupo de Trabalho (GT) institu\u00eddo pelos Secret\u00e1rios de Estado de Infraestrutura e Meio Ambiente\/SIMA e da Casa Militar do Gabinete do Governador\/CMIL, por meio da Resolu\u00e7\u00e3o Conjunta SIMA-CMIL 1 de 29\/01\/2019, apresentou \u00e0s Ag\u00eancias Fiscalizadoras e ao Minist\u00e9rio P\u00fablico o Relat\u00f3rio de Seguran\u00e7a de Barragens no Estado de S\u00e3o Paulo O GT teve Coordena\u00e7\u00e3o Geral de Gl\u00e1ucio Attorre Penna, Subsecret\u00e1rio de Infraestrutura da SIMA e Coordena\u00e7\u00e3o T\u00e9cnica de Sonia Aparecida Abissi Nogueira, pesquisadora do Instituto Geol\u00f3gico (IG), que realizou a exposi\u00e7\u00e3o do relat\u00f3rio destacando suas principais conclus\u00f5es e recomenda\u00e7\u00f5es. O documento encontra-se dispon\u00edvel <em>online<\/em> no site da SIMA, para acesso e conhecimento de todos os interessados.<\/p>\n<p style=\"text-align: justify\">O relat\u00f3rio apresenta os resultados das atividades do GT, respons\u00e1vel pelo levantamento, atualiza\u00e7\u00e3o e an\u00e1lise de informa\u00e7\u00f5es relativas \u00e0 situa\u00e7\u00e3o de risco das barragens no Estado de S\u00e3o Paulo, e pela recomenda\u00e7\u00e3o de medidas voltadas para contribuir com o aperfei\u00e7oamento e amplia\u00e7\u00e3o da seguran\u00e7a das barragens enquadradas na Pol\u00edtica Nacional de Seguran\u00e7a de Barragens &#8211; PNSB (Lei Federal 12.334\/2010) e, consequentemente, contribuir com a continuidade das opera\u00e7\u00f5es de forma respons\u00e1vel e segura.<\/p>\n<p><strong>Sobre o Grupo de Trabalho<\/strong><\/p>\n<p style=\"text-align: justify\">O GT teve um prazo de 90 dias, entre fevereiro e abril de 2019, para a realiza\u00e7\u00e3o dos trabalhos, os quais abrangeram todos os tipos de usos de barragens inclu\u00eddos na PNSB: de disposi\u00e7\u00e3o de rejeitos de minera\u00e7\u00e3o; de acumula\u00e7\u00e3o de res\u00edduos industriais; de acumula\u00e7\u00e3o de \u00e1gua para usos m\u00faltiplos; e de acumula\u00e7\u00e3o de \u00e1gua para gera\u00e7\u00e3o hidrel\u00e9trica. Reuniu nos seus trabalhos operacionais representantes dos diversos \u00f3rg\u00e3os do Estado de S\u00e3o Paulo relacionados com a tem\u00e1tica, dentre eles o IG (Instituto Geol\u00f3gico), a CETESB (Companhia Ambiental do Estado de S\u00e3o Paulo), o DAEE (Departamento de \u00c1guas e Energia El\u00e9trica), a EMAE (Empresa Metropolitana de \u00c1guas e Energia S.A.), a CPGM (Coordenadoria de Petr\u00f3leo, G\u00e1s e Minera\u00e7\u00e3o), a SUPEC (Subsecretaria de Prote\u00e7\u00e3o e Defesa Civil), e o IPT (Instituto de Pesquisas Tecnol\u00f3gicas). Al\u00e9m desses, participaram do grupo, como colaboradores, representantes da ARSESP (Ag\u00eancia Reguladora de Saneamento e Energia do Estado de S\u00e3o Paulo), da ANM (Ag\u00eancia Nacional de Minera\u00e7\u00e3o), da ANA (Ag\u00eancia Nacional de \u00c1guas), da ANEEL (Ag\u00eancia Nacional de Energia El\u00e9trica), do Minist\u00e9rio P\u00fablico do Estado de S\u00e3o Paulo, do DECONCIC (Departamento da Ind\u00fastria da Constru\u00e7\u00e3o e Minera\u00e7\u00e3o) da FIESP (Federa\u00e7\u00e3o das Ind\u00fastrias do Estado de S\u00e3o Paulo), do CEPED (Centro de Estudos e Pesquisas sobre Desastres no Estado de S\u00e3o Paulo) e da Escola Polit\u00e9cnica, ambos da USP (Universidade de S\u00e3o Paulo).<\/p>\n<p>Para saber mais sobre a apresenta\u00e7\u00e3o do relat\u00f3rio <a href=\"https:\/\/www.infraestruturameioambiente.sp.gov.br\/2019\/07\/governo-de-sao-paulo-entrega-relatorio-sobre-diagnostico-das-barragens-de-mineracao-e-de-usos-multiplos\/\">CLIQUE AQUI<\/a>.<\/p>\n<p><a href=\"http:\/\/arquivo.ambiente.sp.gov.br\/publicacoes\/2019\/07\/barragens-noestadodespaulo2019.pdf\"><img decoding=\"async\" loading=\"lazy\" class=\"alignnone size-medium wp-image-13150\" src=\"https:\/\/smastr16.blob.core.windows.net\/igeo\/2019\/08\/capa_relatorio_barragens_2019-212x300.jpg\" alt=\"\" width=\"212\" height=\"300\" srcset=\"https:\/\/smastr16.blob.core.windows.net\/igeo\/2019\/08\/capa_relatorio_barragens_2019-212x300.jpg 212w, https:\/\/smastr16.blob.core.windows.net\/igeo\/2019\/08\/capa_relatorio_barragens_2019-250x354.jpg 250w, https:\/\/smastr16.blob.core.windows.net\/igeo\/2019\/08\/capa_relatorio_barragens_2019-550x778.jpg 550w, https:\/\/smastr16.blob.core.windows.net\/igeo\/2019\/08\/capa_relatorio_barragens_2019-127x180.jpg 127w, https:\/\/smastr16.blob.core.windows.net\/igeo\/2019\/08\/capa_relatorio_barragens_2019-354x500.jpg 354w, https:\/\/smastr16.blob.core.windows.net\/igeo\/2019\/08\/capa_relatorio_barragens_2019.jpg 707w\" sizes=\"(max-width: 212px) 100vw, 212px\" \/><\/a><\/p>\n<p>O Relat\u00f3rio completo est\u00e1 dispon\u00edvel <a href=\"http:\/\/arquivo.ambiente.sp.gov.br\/publicacoes\/2019\/07\/barragens-noestadodespaulo2019.pdf\">AQUI<\/a><\/p>\n","protected":false},"excerpt":{"rendered":"<p>Em reuni\u00e3o realizada no dia 03\/07\/2019 o Grupo de Trabalho (GT) institu\u00eddo pelos Secret\u00e1rios de Estado de Infraestrutura e Meio Ambiente\/SIMA e da Casa Militar do Gabinete do Governador\/CMIL, por meio da Resolu\u00e7\u00e3o Conjunta SIMA-CMIL 1 de 29\/01\/2019, apresentou \u00e0s Ag\u00eancias Fiscalizadoras e ao Minist\u00e9rio P\u00fablico o Relat\u00f3rio de Seguran\u00e7a de Barragens no Estado de [&hellip;]<\/p>\n","protected":false},"author":96,"featured_media":13149,"comment_status":"open","ping_status":"open","sticky":false,"template":"","format":"standard","meta":[],"categories":[1852,1850],"tags":[],"_links":{"self":[{"href":"https:\/\/www.infraestruturameioambiente.sp.gov.br\/institutogeologico\/wp-json\/wp\/v2\/posts\/13148"}],"collection":[{"href":"https:\/\/www.infraestruturameioambiente.sp.gov.br\/institutogeologico\/wp-json\/wp\/v2\/posts"}],"about":[{"href":"https:\/\/www.infraestruturameioambiente.sp.gov.br\/institutogeologico\/wp-json\/wp\/v2\/types\/post"}],"author":[{"embeddable":true,"href":"https:\/\/www.infraestruturameioambiente.sp.gov.br\/institutogeologico\/wp-json\/wp\/v2\/users\/96"}],"replies":[{"embeddable":true,"href":"https:\/\/www.infraestruturameioambiente.sp.gov.br\/institutogeologico\/wp-json\/wp\/v2\/comments?post=13148"}],"version-history":[{"count":1,"href":"https:\/\/www.infraestruturameioambiente.sp.gov.br\/institutogeologico\/wp-json\/wp\/v2\/posts\/13148\/revisions"}],"predecessor-version":[{"id":13151,"href":"https:\/\/www.infraestruturameioambiente.sp.gov.br\/institutogeologico\/wp-json\/wp\/v2\/posts\/13148\/revisions\/13151"}],"wp:featuredmedia":[{"embeddable":true,"href":"https:\/\/www.infraestruturameioambiente.sp.gov.br\/institutogeologico\/wp-json\/wp\/v2\/media\/13149"}],"wp:attachment":[{"href":"https:\/\/www.infraestruturameioambiente.sp.gov.br\/institutogeologico\/wp-json\/wp\/v2\/media?parent=13148"}],"wp:term":[{"taxonomy":"category","embeddable":true,"href":"https:\/\/www.infraestruturameioambiente.sp.gov.br\/institutogeologico\/wp-json\/wp\/v2\/categories?post=13148"},{"taxonomy":"post_tag","embeddable":true,"href":"https:\/\/www.infraestruturameioambiente.sp.gov.br\/institutogeologico\/wp-json\/wp\/v2\/tags?post=13148"}],"curies":[{"name":"wp","href":"https:\/\/api.w.org\/{rel}","templated":true}]}}