{"id":13094,"date":"2019-06-04T16:48:12","date_gmt":"2019-06-04T19:48:12","guid":{"rendered":"https:\/\/www.infraestruturameioambiente.sp.gov.br\/institutogeologico\/?p=13094"},"modified":"2019-06-04T17:02:30","modified_gmt":"2019-06-04T20:02:30","slug":"instituto-geologico-realizou-o-9o-seminario-de-iniciacao-cientifica-pibic-ig","status":"publish","type":"post","link":"https:\/\/www.infraestruturameioambiente.sp.gov.br\/institutogeologico\/2019\/06\/instituto-geologico-realizou-o-9o-seminario-de-iniciacao-cientifica-pibic-ig\/","title":{"rendered":"INSTITUTO GEOL\u00d3GICO REALIZOU O 9\u00ba SEMIN\u00c1RIO DE INICIA\u00c7\u00c3O CIENT\u00cdFICA PIBIC-IG"},"content":{"rendered":"<div class=\"wc-gallery\"><div id='gallery-1' data-gutter-width='5' data-columns='3' class='gallery wc-gallery-captions-onhover gallery-link-file gallery-grid galleryid-13094 gallery-columns-3 gallery-size-thumbnail wc-gallery-bottomspace-default wc-gallery-gutter-5 wc-gallery-clear'><div class='gallery-item-wrapper gallery-item-position-1 gallery-item-attachment-13097 gallery-item-column-1'><div class='gallery-item'>\n\t\t\t\t<div class='gallery-item-inner'>\n\t\t\t\t\t<div class='gallery-icon landscape'>\n\t\t\t\t\t\t<a href='https:\/\/smastr16.blob.core.windows.net\/igeo\/2019\/06\/9o_sicig_01.jpg' title='9o_SICIG_01' target='_self'><img width=\"150\" height=\"150\" src=\"https:\/\/smastr16.blob.core.windows.net\/igeo\/2019\/06\/9o_sicig_01-150x150.jpg\" class=\"attachment-thumbnail size-thumbnail\" alt=\"\" decoding=\"async\" loading=\"lazy\" srcset=\"https:\/\/smastr16.blob.core.windows.net\/igeo\/2019\/06\/9o_sicig_01-150x150.jpg 150w, https:\/\/smastr16.blob.core.windows.net\/igeo\/2019\/06\/9o_sicig_01-48x48.jpg 48w, https:\/\/smastr16.blob.core.windows.net\/igeo\/2019\/06\/9o_sicig_01-300x300.jpg 300w\" sizes=\"(max-width: 150px) 100vw, 150px\" \/><\/a>\n\t\t\t\t\t<\/div><\/div><\/div><\/div><div class='gallery-item-wrapper gallery-item-position-2 gallery-item-attachment-13098 gallery-item-column-2'><div class='gallery-item'>\n\t\t\t\t<div class='gallery-item-inner'>\n\t\t\t\t\t<div class='gallery-icon landscape'>\n\t\t\t\t\t\t<a href='https:\/\/smastr16.blob.core.windows.net\/igeo\/2019\/06\/9o_sicig_02.jpg' title='9o_SICIG_02' target='_self'><img width=\"150\" height=\"150\" src=\"https:\/\/smastr16.blob.core.windows.net\/igeo\/2019\/06\/9o_sicig_02-150x150.jpg\" class=\"attachment-thumbnail size-thumbnail\" alt=\"\" decoding=\"async\" loading=\"lazy\" srcset=\"https:\/\/smastr16.blob.core.windows.net\/igeo\/2019\/06\/9o_sicig_02-150x150.jpg 150w, https:\/\/smastr16.blob.core.windows.net\/igeo\/2019\/06\/9o_sicig_02-48x48.jpg 48w, https:\/\/smastr16.blob.core.windows.net\/igeo\/2019\/06\/9o_sicig_02-300x300.jpg 300w\" sizes=\"(max-width: 150px) 100vw, 150px\" \/><\/a>\n\t\t\t\t\t<\/div><\/div><\/div><\/div><div class='gallery-item-wrapper gallery-item-position-3 gallery-item-attachment-13099 gallery-item-column-3 gallery-item-last-column'><div class='gallery-item'>\n\t\t\t\t<div class='gallery-item-inner'>\n\t\t\t\t\t<div class='gallery-icon landscape'>\n\t\t\t\t\t\t<a href='https:\/\/smastr16.blob.core.windows.net\/igeo\/2019\/06\/9o_sicig_03.jpg' title='9o_SICIG_03' target='_self'><img width=\"150\" height=\"150\" src=\"https:\/\/smastr16.blob.core.windows.net\/igeo\/2019\/06\/9o_sicig_03-150x150.jpg\" class=\"attachment-thumbnail size-thumbnail\" alt=\"\" decoding=\"async\" loading=\"lazy\" srcset=\"https:\/\/smastr16.blob.core.windows.net\/igeo\/2019\/06\/9o_sicig_03-150x150.jpg 150w, https:\/\/smastr16.blob.core.windows.net\/igeo\/2019\/06\/9o_sicig_03-48x48.jpg 48w, https:\/\/smastr16.blob.core.windows.net\/igeo\/2019\/06\/9o_sicig_03-300x300.jpg 300w\" sizes=\"(max-width: 150px) 100vw, 150px\" \/><\/a>\n\t\t\t\t\t<\/div><\/div><\/div><\/div><div class='gallery-item-wrapper gallery-item-position-4 gallery-item-attachment-13100 gallery-item-column-1'><div class='gallery-item'>\n\t\t\t\t<div class='gallery-item-inner'>\n\t\t\t\t\t<div class='gallery-icon landscape'>\n\t\t\t\t\t\t<a href='https:\/\/smastr16.blob.core.windows.net\/igeo\/2019\/06\/9o_sicig_04.jpg' title='9o_SICIG_04' target='_self'><img width=\"150\" height=\"150\" src=\"https:\/\/smastr16.blob.core.windows.net\/igeo\/2019\/06\/9o_sicig_04-150x150.jpg\" class=\"attachment-thumbnail size-thumbnail\" alt=\"\" decoding=\"async\" loading=\"lazy\" srcset=\"https:\/\/smastr16.blob.core.windows.net\/igeo\/2019\/06\/9o_sicig_04-150x150.jpg 150w, https:\/\/smastr16.blob.core.windows.net\/igeo\/2019\/06\/9o_sicig_04-48x48.jpg 48w, https:\/\/smastr16.blob.core.windows.net\/igeo\/2019\/06\/9o_sicig_04-300x300.jpg 300w\" sizes=\"(max-width: 150px) 100vw, 150px\" \/><\/a>\n\t\t\t\t\t<\/div><\/div><\/div><\/div><div class='gallery-item-wrapper gallery-item-position-5 gallery-item-attachment-13101 gallery-item-column-2'><div class='gallery-item'>\n\t\t\t\t<div class='gallery-item-inner'>\n\t\t\t\t\t<div class='gallery-icon landscape'>\n\t\t\t\t\t\t<a href='https:\/\/smastr16.blob.core.windows.net\/igeo\/2019\/06\/9o_sicig_05.jpg' title='9o_SICIG_05' target='_self'><img width=\"150\" height=\"150\" src=\"https:\/\/smastr16.blob.core.windows.net\/igeo\/2019\/06\/9o_sicig_05-150x150.jpg\" class=\"attachment-thumbnail size-thumbnail\" alt=\"\" decoding=\"async\" loading=\"lazy\" srcset=\"https:\/\/smastr16.blob.core.windows.net\/igeo\/2019\/06\/9o_sicig_05-150x150.jpg 150w, https:\/\/smastr16.blob.core.windows.net\/igeo\/2019\/06\/9o_sicig_05-48x48.jpg 48w, https:\/\/smastr16.blob.core.windows.net\/igeo\/2019\/06\/9o_sicig_05-300x300.jpg 300w\" sizes=\"(max-width: 150px) 100vw, 150px\" \/><\/a>\n\t\t\t\t\t<\/div><\/div><\/div><\/div><\/div>\n<\/div>\n<p style=\"text-align: justify\">No dia 30 de maio de 2019, o Instituto Geol\u00f3gico (IG\/SIMA) realizou o \u201c<em>9\u00ba Semin\u00e1rio de Inicia\u00e7\u00e3o Cient\u00edfica PIBIC-IG (9\u00ba SICIG)<\/em>\u201d, no Espa\u00e7o de Eventos M\u00e1rcia M. Rebou\u00e7as \u2013 Instituto Biol\u00f3gico, organizado pelo Programa de Inicia\u00e7\u00e3o Cient\u00edfica do Instituto Geol\u00f3gico (PIBIC-IG).<\/p>\n<p style=\"text-align: justify\">Como normalmente acontece, no final do m\u00eas de maio, em meio \u00e0s comemora\u00e7\u00f5es dos dias do ge\u00f3grafo e do ge\u00f3logo e antecedendo a Semana do Meio Ambiente, este evento \u00e9 uma grande oportunidade que os bolsistas, alunos dos ensinos m\u00e9dio e superior, t\u00eam para divulgar e disseminar os resultados de seus projetos de pesquisa, desenvolvidos ao longo dos \u00faltimos 10 meses, sob a orienta\u00e7\u00e3o dos t\u00e9cnicos do IG\/SIMA.<\/p>\n<p style=\"text-align: justify\">A 9\u00ba edi\u00e7\u00e3o do evento contou com a ilustre presen\u00e7a da Subsecret\u00e1ria de Articula\u00e7\u00e3o da Capital e Grande S\u00e3o Paulo da Secretaria da Educa\u00e7\u00e3o, Maria Elizabeth Gambini, que exp\u00f4s um breve cen\u00e1rio a respeito a sistema de ensino p\u00fablico paulista e reformas previstas no setor, al\u00e9m de citar a import\u00e2ncia do 9\u00ba SICIG e da necessidade em divulg\u00e1-lo \u00e0s grandes m\u00eddias.<\/p>\n<p style=\"text-align: justify\">A abertura do 9\u00ba SICIG foi realizada pela Diretora Geral Substituta do Instituto Geol\u00f3gico, Ros\u00e2ngela do Amaral, que destacou a import\u00e2ncia em se valorizar a pesquisa e educa\u00e7\u00e3o em nosso Pa\u00eds. Em seguida, a coordenadora do PIBIC-IG, Claudia Varnier, ressaltou o importante papel da institui\u00e7\u00e3o na forma\u00e7\u00e3o acad\u00eamica dos bolsistas, e que conhecimentos como os apresentados durante o semin\u00e1rio precisavam ser divulgados e ampliados para que as pesquisas contribuam tamb\u00e9m para as pr\u00f3ximas gera\u00e7\u00f5es.<\/p>\n<p style=\"text-align: justify\">A seguir, o Tenente Tiago Luiz Louren\u00e7on, da Divis\u00e3o de Preven\u00e7\u00e3o da Subsecretaria Estadual de Prote\u00e7\u00e3o e Defesa Civil, proferiu a palestra \u201c<em>Defesa Civil e sua Rela\u00e7\u00e3o com as Geoci\u00eancias e a Educa\u00e7\u00e3o<\/em>\u201d, envolvendo a participa\u00e7\u00e3o de estudantes do ensino m\u00e9dio. Na sequ\u00eancia, ocorreram breves apresenta\u00e7\u00f5es sobre projetos desenvolvidos pelas pesquisadoras do IG\/SIMA, Am\u00e9lia Jo\u00e3o Fernandes, Ros\u00e2ngela do Amaral e Sibele Ezaki, e de um dos membros do Comit\u00ea Externo, Prof. Dr. Emerson Galvani do Departamento de Geografia da Universidade de S\u00e3o Paulo, que trataram de temas atuais e relevantes \u00e0s Geoci\u00eancias. Tais projetos e tantos outros, em andamento ou j\u00e1 finalizados, contam ou j\u00e1 contaram com a participa\u00e7\u00e3o dos bolsistas de inicia\u00e7\u00e3o cient\u00edfica.<\/p>\n<p style=\"text-align: justify\">Posteriormente, todos os palestrantes, al\u00e9m da Subsecret\u00e1ria Maria Elisabeth Gambini, foram convidados a compor a mesa redonda, cujo assunto em pauta foi \u201c<em>Projetos de Pesquisa e a Inicia\u00e7\u00e3o Cient\u00edfica<\/em>\u201d. As discuss\u00f5es que se sucederam abordaram assuntos como: i) import\u00e2ncia da inicia\u00e7\u00e3o cient\u00edfica na forma\u00e7\u00e3o dos bolsistas; ii) papel do orientador na inicia\u00e7\u00e3o cient\u00edfica; iii) crit\u00e9rios adotados pelos orientadores na sele\u00e7\u00e3o dos bolsistas; iv) motivos que levaram os palestrantes a seguirem o caminho da pesquisa cient\u00edfica.<\/p>\n<p style=\"text-align: justify\">Esta edi\u00e7\u00e3o do evento contou com a presen\u00e7a de 38 participantes, incluindo estudantes dos ensinos m\u00e9dio e superior, coordenadores de escola, funcion\u00e1rios do IG\/SIMA e demais pesquisadores da \u00e1rea das geoci\u00eancias.<\/p>\n<p style=\"text-align: justify\">No total, foram apresentados 09 trabalhos, sendo quatro do ensino m\u00e9dio e cinco do ensino superior. As quatro primeiras apresenta\u00e7\u00f5es foram dos bolsistas do ensino m\u00e9dio, cujos temas citados inclu\u00edram: i) plano de conting\u00eancia para eventos de inunda\u00e7\u00e3o em escola p\u00fablica no munic\u00edpio de Ubatuba; ii) georreferenciamento do acervo digital de fotografias a\u00e9reas do Litoral Norte e Vale do Ribeira, ambos no estado de S\u00e3o Paulo; iii) crit\u00e9rios descritivos de documentos fotogr\u00e1ficos, para organiza\u00e7\u00e3o e inser\u00e7\u00e3o de imagens de desastres naturais e de eventos geodin\u00e2micos em bancos de dados. Por sua vez, os cinco \u00faltimos trabalhos foram proferidos pelos bolsistas do ensino superior, com os seguintes temas: i) aplica\u00e7\u00e3o de entrevistas para estimativa de danos decorrentes das inunda\u00e7\u00f5es do C\u00f3rrego Ipiranga (SP); ii) an\u00e1lise multitemporal dos coeficientes de permeabilidade na Bacia Hidrogr\u00e1fica do C\u00f3rrego Ipiranga (SP); iii) varia\u00e7\u00e3o temporal da radia\u00e7\u00e3o solar global e da transmissividade atmosf\u00e9rica global na cidade de S\u00e3o Paulo; iv) estado da arte sobre sistemas de alerta\/aviso de eventos meteoceanogr\u00e1ficos extremos; v) cadastro de desastres relacionados a eventos geodin\u00e2micos no estado de S\u00e3o Paulo em 2018.<\/p>\n<p>CADERNO DE RESUMOS<\/p>\n<p>Reunidas na forma de resumos simples ou expandidos, produzidos pelos pr\u00f3prios bolsistas, as pesquisas de inicia\u00e7\u00e3o cient\u00edfica apresentadas no 9\u00ba SICIG estar\u00e3o em breve sendo disponibilizadas em um Caderno de Resumos.<\/p>\n<p style=\"text-align: justify\">As inscri\u00e7\u00f5es para as bolsas de inicia\u00e7\u00e3o cient\u00edfica PIBIC-IG 2019-2020 encontram-se abertas at\u00e9 o dia 14\/06 <a href=\"https:\/\/www.infraestruturameioambiente.sp.gov.br\/institutogeologico\/2019\/05\/inscricoes-para-bolsas-de-iniciacao-cientifica-junior-ensino-medio-pibic-ig-cnpq-sao-prorrogadas-ate-o-dia-14-de-junho-de-2019\/\">ENSINO M\u00c9DIO<\/a> e <a href=\"https:\/\/www.infraestruturameioambiente.sp.gov.br\/institutogeologico\/2019\/05\/inscricoes-para-bolsas-de-iniciacao-cientifica-pibic-ig-cnpq-sao-prorrogadas-ate-o-dia-14-de-junho-de-2019\/\">ENSINO SUPERIOR<\/a>.<\/p>\n","protected":false},"excerpt":{"rendered":"<p>No dia 30 de maio de 2019, o Instituto Geol\u00f3gico (IG\/SIMA) realizou o \u201c9\u00ba Semin\u00e1rio de Inicia\u00e7\u00e3o Cient\u00edfica PIBIC-IG (9\u00ba SICIG)\u201d, no Espa\u00e7o de Eventos M\u00e1rcia M. Rebou\u00e7as \u2013 Instituto Biol\u00f3gico, organizado pelo Programa de Inicia\u00e7\u00e3o Cient\u00edfica do Instituto Geol\u00f3gico (PIBIC-IG). Como normalmente acontece, no final do m\u00eas de maio, em meio \u00e0s comemora\u00e7\u00f5es dos [&hellip;]<\/p>\n","protected":false},"author":96,"featured_media":13096,"comment_status":"open","ping_status":"open","sticky":false,"template":"","format":"standard","meta":[],"categories":[1852,1850],"tags":[],"_links":{"self":[{"href":"https:\/\/www.infraestruturameioambiente.sp.gov.br\/institutogeologico\/wp-json\/wp\/v2\/posts\/13094"}],"collection":[{"href":"https:\/\/www.infraestruturameioambiente.sp.gov.br\/institutogeologico\/wp-json\/wp\/v2\/posts"}],"about":[{"href":"https:\/\/www.infraestruturameioambiente.sp.gov.br\/institutogeologico\/wp-json\/wp\/v2\/types\/post"}],"author":[{"embeddable":true,"href":"https:\/\/www.infraestruturameioambiente.sp.gov.br\/institutogeologico\/wp-json\/wp\/v2\/users\/96"}],"replies":[{"embeddable":true,"href":"https:\/\/www.infraestruturameioambiente.sp.gov.br\/institutogeologico\/wp-json\/wp\/v2\/comments?post=13094"}],"version-history":[{"count":4,"href":"https:\/\/www.infraestruturameioambiente.sp.gov.br\/institutogeologico\/wp-json\/wp\/v2\/posts\/13094\/revisions"}],"predecessor-version":[{"id":13104,"href":"https:\/\/www.infraestruturameioambiente.sp.gov.br\/institutogeologico\/wp-json\/wp\/v2\/posts\/13094\/revisions\/13104"}],"wp:featuredmedia":[{"embeddable":true,"href":"https:\/\/www.infraestruturameioambiente.sp.gov.br\/institutogeologico\/wp-json\/wp\/v2\/media\/13096"}],"wp:attachment":[{"href":"https:\/\/www.infraestruturameioambiente.sp.gov.br\/institutogeologico\/wp-json\/wp\/v2\/media?parent=13094"}],"wp:term":[{"taxonomy":"category","embeddable":true,"href":"https:\/\/www.infraestruturameioambiente.sp.gov.br\/institutogeologico\/wp-json\/wp\/v2\/categories?post=13094"},{"taxonomy":"post_tag","embeddable":true,"href":"https:\/\/www.infraestruturameioambiente.sp.gov.br\/institutogeologico\/wp-json\/wp\/v2\/tags?post=13094"}],"curies":[{"name":"wp","href":"https:\/\/api.w.org\/{rel}","templated":true}]}}