{"id":1300,"date":"2008-01-01T00:00:00","date_gmt":"2008-01-01T02:00:00","guid":{"rendered":"https:\/\/www.infraestruturameioambiente.sp.gov.br\/institutogeologico\/producao-cientifica\/varnier-c-hirata-r-aravena-r\/"},"modified":"2008-01-01T00:00:00","modified_gmt":"2008-01-01T02:00:00","slug":"varnier-c-hirata-r-aravena-r","status":"publish","type":"post","link":"https:\/\/www.infraestruturameioambiente.sp.gov.br\/institutogeologico\/2008\/01\/varnier-c-hirata-r-aravena-r\/","title":{"rendered":"VARNIER, C.; HIRATA, R.; ARAVENA, R. ("},"content":{"rendered":"<p><strong>Referencia:<\/strong> VARNIER, C.; HIRATA, R.; ARAVENA, R. (2008). Uso de is\u00f3topos est\u00e1veis e gases para avalia\u00e7\u00e3o de desnitrifica\u00e7\u00e3o na zona n\u00e3o-saturada do Aq\u00fc\u00edfero Adamantina (Ur\u00e2nia, SP). In: XV CONGRESSO BRASILEIRO DE \u00c1GUAS SUBTERR\u00c2NEAS, Natal, 2008. Anais (CD-ROM). Natal, ABAS, 19p.<\/p>\n<p><strong>Palavra Chave:<\/strong> Is\u00f3topos est\u00e1veis; desnitrifica\u00e7\u00e3o; zona n\u00e3o-saturada<\/p>\n<p><strong>Tipo:<\/strong> anais de eventos<\/p>\n<p><strong>Projeto:<\/strong> Impacto de Fossas Negras nas Zonas Saturada e N\u00e3o Saturada do Aq\u00fc\u00edfero Adamantina (SP)<\/p>\n<p><strong>Programa:<\/strong> Recursos H\u00eddricos Subterr\u00e2neos e Meio Ambiente<\/p>\n<p><strong>Restri\u00e7\u00e3o:<\/strong> sem restri\u00e7\u00e3o<\/p>\n","protected":false},"excerpt":{"rendered":"<p>Referencia: VARNIER, C.; HIRATA, R.; ARAVENA, R. (2008). Uso de is\u00f3topos est\u00e1veis e gases para avalia\u00e7\u00e3o de desnitrifica\u00e7\u00e3o na zona n\u00e3o-saturada do Aq\u00fc\u00edfero Adamantina (Ur\u00e2nia, SP). In: XV CONGRESSO BRASILEIRO DE \u00c1GUAS SUBTERR\u00c2NEAS, Natal, 2008. Anais (CD-ROM). Natal, ABAS, 19p. Palavra Chave: Is\u00f3topos est\u00e1veis; desnitrifica\u00e7\u00e3o; zona n\u00e3o-saturada Tipo: anais de eventos Projeto: Impacto de Fossas [&hellip;]<\/p>\n","protected":false},"author":1,"featured_media":0,"comment_status":"open","ping_status":"open","sticky":false,"template":"","format":"standard","meta":[],"categories":[37],"tags":[62],"_links":{"self":[{"href":"https:\/\/www.infraestruturameioambiente.sp.gov.br\/institutogeologico\/wp-json\/wp\/v2\/posts\/1300"}],"collection":[{"href":"https:\/\/www.infraestruturameioambiente.sp.gov.br\/institutogeologico\/wp-json\/wp\/v2\/posts"}],"about":[{"href":"https:\/\/www.infraestruturameioambiente.sp.gov.br\/institutogeologico\/wp-json\/wp\/v2\/types\/post"}],"author":[{"embeddable":true,"href":"https:\/\/www.infraestruturameioambiente.sp.gov.br\/institutogeologico\/wp-json\/wp\/v2\/users\/1"}],"replies":[{"embeddable":true,"href":"https:\/\/www.infraestruturameioambiente.sp.gov.br\/institutogeologico\/wp-json\/wp\/v2\/comments?post=1300"}],"version-history":[{"count":0,"href":"https:\/\/www.infraestruturameioambiente.sp.gov.br\/institutogeologico\/wp-json\/wp\/v2\/posts\/1300\/revisions"}],"wp:attachment":[{"href":"https:\/\/www.infraestruturameioambiente.sp.gov.br\/institutogeologico\/wp-json\/wp\/v2\/media?parent=1300"}],"wp:term":[{"taxonomy":"category","embeddable":true,"href":"https:\/\/www.infraestruturameioambiente.sp.gov.br\/institutogeologico\/wp-json\/wp\/v2\/categories?post=1300"},{"taxonomy":"post_tag","embeddable":true,"href":"https:\/\/www.infraestruturameioambiente.sp.gov.br\/institutogeologico\/wp-json\/wp\/v2\/tags?post=1300"}],"curies":[{"name":"wp","href":"https:\/\/api.w.org\/{rel}","templated":true}]}}