{"id":12715,"date":"2019-04-15T12:14:45","date_gmt":"2019-04-15T15:14:45","guid":{"rendered":"https:\/\/www.infraestruturameioambiente.sp.gov.br\/institutogeologico\/?p=12715"},"modified":"2019-04-15T12:45:58","modified_gmt":"2019-04-15T15:45:58","slug":"12715","status":"publish","type":"post","link":"https:\/\/www.infraestruturameioambiente.sp.gov.br\/institutogeologico\/2019\/04\/12715\/","title":{"rendered":"Limeira recebe a exposi\u00e7\u00e3o: \u201cOs Rios da Comiss\u00e3o Geogr\u00e1fica e Geol\u00f3gica de S\u00e3o Paulo\u201d"},"content":{"rendered":"<p style=\"text-align: justify;\"><img decoding=\"async\" loading=\"lazy\" class=\"alignleft size-medium wp-image-12641\" src=\"http:\/\/www3.ambiente.sp.gov.br\/institutogeologico\/files\/2019\/04\/Exposi\u00e7\u00e3o_cgg_Limeira-300x225.jpg\" alt=\"\" width=\"300\" height=\"225\" \/>Entre os dias 02 a 30 de abril de 2019, no Espa\u00e7o Expositivo do Museu Hist\u00f3rico e Peda<span class=\"text_exposed_show\">g\u00f3gico \u201cMajor Jos\u00e9 Levy Sobrinho\u201d &#8211; Centro &#8211; Limeira (com entrada pela rua Treze de Maio, 102) toda popula\u00e7\u00e3o poder\u00e1 conferir a exposi\u00e7\u00e3o: \u201cOS RIOS DA COMISS\u00c3O GEOGR\u00c1FICA E GEOL\u00d3GICA DE S\u00c3O PAULO\u201d.<br \/>\nEssa exposi\u00e7\u00e3o \u00e9 composta por fotos hist\u00f3ricas que retratam as expedi\u00e7\u00f5es realizadas pela Comiss\u00e3o Geogr\u00e1fica Geol\u00f3gica entre 1886 a 1910, que percorreram os principais rios do estado de S\u00e3o Paulo: Paranapanema (1886); Paran\u00e1, Tiet\u00ea, Feio (Aguape\u00ed) e do Peixe (1905); e rio Grande e afluentes (1910).<br \/>\nA CGG foi patrocinada pela elite cafeeira, que por meio da ocupa\u00e7\u00e3o do territ\u00f3rio \u201cdesconhecido\u201d e apropria\u00e7\u00e3o econ\u00f4mica de seus recursos naturais, via em seus trabalhos a possibilidade de aumentar a produ\u00e7\u00e3o e sua influ\u00eancia pol\u00edtica. Foram realizados estudos, levantamentos cartogr\u00e1ficos e relatos detalhados da geografia, geologia, climatologia, bot\u00e2nica, hidrografia e zoologia, da ent\u00e3o Prov\u00edncia de S\u00e3o Paulo e posterior Estado de S\u00e3o Paulo.<br \/>\nA exposi\u00e7\u00e3o, ao apresentar ao p\u00fablico as mudan\u00e7as ocorridas na paisagem natural do Estado de S\u00e3o Paulo ao longo de mais de cento e trinta anos, tem como objetivo despertar a reflex\u00e3o sobre a import\u00e2ncia pioneira desse trabalho, seu valor hist\u00f3rico, as causas e consequ\u00eancias para a atualidade.<\/span><\/p>\n<div class=\"text_exposed_show\">\n<p><strong>Hor\u00e1rios:<\/strong> de segunda a sexta-feira das 9h \u00e0s 12h e das 13h \u00e0s 17h.<br \/>\n<strong>Entrada:<\/strong> Gratuita.<br \/>\n<strong>Classifica\u00e7\u00e3o:<\/strong> Livre.<br \/>\n<strong>Realiza\u00e7\u00e3o:<\/strong> Museu Geol\u00f3gico &#8211; Instituto Geol\u00f3gico &#8211; Secretaria de Infraestrutura e Meio Ambiente do Estado de S\u00e3o Paulo.<br \/>\n<strong>Apoio:<\/strong> Prefeitura Municipal de Limeira por meio da Secretaria de Cultura.<\/p>\n<\/div>\n","protected":false},"excerpt":{"rendered":"<p>Entre os dias 02 a 30 de abril de 2019, no Espa\u00e7o Expositivo do Museu Hist\u00f3rico e Pedag\u00f3gico \u201cMajor Jos\u00e9 Levy Sobrinho\u201d &#8211; Centro &#8211; Limeira (com entrada pela rua Treze de Maio, 102) toda popula\u00e7\u00e3o poder\u00e1 conferir a exposi\u00e7\u00e3o: \u201cOS RIOS DA COMISS\u00c3O GEOGR\u00c1FICA E GEOL\u00d3GICA DE S\u00c3O PAULO\u201d. Essa exposi\u00e7\u00e3o \u00e9 composta por [&hellip;]<\/p>\n","protected":false},"author":3,"featured_media":12716,"comment_status":"open","ping_status":"open","sticky":false,"template":"","format":"standard","meta":[],"categories":[1852,1850],"tags":[],"_links":{"self":[{"href":"https:\/\/www.infraestruturameioambiente.sp.gov.br\/institutogeologico\/wp-json\/wp\/v2\/posts\/12715"}],"collection":[{"href":"https:\/\/www.infraestruturameioambiente.sp.gov.br\/institutogeologico\/wp-json\/wp\/v2\/posts"}],"about":[{"href":"https:\/\/www.infraestruturameioambiente.sp.gov.br\/institutogeologico\/wp-json\/wp\/v2\/types\/post"}],"author":[{"embeddable":true,"href":"https:\/\/www.infraestruturameioambiente.sp.gov.br\/institutogeologico\/wp-json\/wp\/v2\/users\/3"}],"replies":[{"embeddable":true,"href":"https:\/\/www.infraestruturameioambiente.sp.gov.br\/institutogeologico\/wp-json\/wp\/v2\/comments?post=12715"}],"version-history":[{"count":2,"href":"https:\/\/www.infraestruturameioambiente.sp.gov.br\/institutogeologico\/wp-json\/wp\/v2\/posts\/12715\/revisions"}],"predecessor-version":[{"id":12718,"href":"https:\/\/www.infraestruturameioambiente.sp.gov.br\/institutogeologico\/wp-json\/wp\/v2\/posts\/12715\/revisions\/12718"}],"wp:featuredmedia":[{"embeddable":true,"href":"https:\/\/www.infraestruturameioambiente.sp.gov.br\/institutogeologico\/wp-json\/wp\/v2\/media\/12716"}],"wp:attachment":[{"href":"https:\/\/www.infraestruturameioambiente.sp.gov.br\/institutogeologico\/wp-json\/wp\/v2\/media?parent=12715"}],"wp:term":[{"taxonomy":"category","embeddable":true,"href":"https:\/\/www.infraestruturameioambiente.sp.gov.br\/institutogeologico\/wp-json\/wp\/v2\/categories?post=12715"},{"taxonomy":"post_tag","embeddable":true,"href":"https:\/\/www.infraestruturameioambiente.sp.gov.br\/institutogeologico\/wp-json\/wp\/v2\/tags?post=12715"}],"curies":[{"name":"wp","href":"https:\/\/api.w.org\/{rel}","templated":true}]}}