{"id":12567,"date":"2019-03-27T07:00:20","date_gmt":"2019-03-27T10:00:20","guid":{"rendered":"https:\/\/www.infraestruturameioambiente.sp.gov.br\/institutogeologico\/?p=12567"},"modified":"2019-03-25T09:06:37","modified_gmt":"2019-03-25T12:06:37","slug":"comissao-geografica-e-geologica-cgg-foi-criada-ha-133-anos","status":"publish","type":"post","link":"https:\/\/www.infraestruturameioambiente.sp.gov.br\/institutogeologico\/2019\/03\/comissao-geografica-e-geologica-cgg-foi-criada-ha-133-anos\/","title":{"rendered":"Comiss\u00e3o Geogr\u00e1fica e Geol\u00f3gica (CGG) foi criada h\u00e1 133 anos"},"content":{"rendered":"<div class=\"wc-gallery\"><div id='gallery-1' data-gutter-width='5' data-columns='1' class='gallery wc-gallery-captions-onhover gallery-link-file gallery-masonry galleryid-12567 gallery-columns-1 gallery-size-thumbnail wc-gallery-bottomspace-default wc-gallery-clear'><div class='gallery-item gallery-item-position-1 gallery-item-attachment-12568'>\n\t\t\t\t<div class='gallery-icon landscape'>\n\t\t\t\t\t<a href='https:\/\/www.infraestruturameioambiente.sp.gov.br\/institutogeologico\/wp-content\/uploads\/sites\/233\/2019\/03\/Atravessando-a-Corredeira-do-Taquaral-600x2126.jpg' title='Atravessando a Corredeira do Taquaral' target='_self'><img width=\"150\" height=\"150\" src=\"https:\/\/www.infraestruturameioambiente.sp.gov.br\/institutogeologico\/wp-content\/uploads\/sites\/233\/2019\/03\/Atravessando-a-Corredeira-do-Taquaral-150x150.jpg\" class=\"attachment-thumbnail size-thumbnail\" alt=\"\" decoding=\"async\" loading=\"lazy\" \/><\/a>\n\t\t\t\t<\/div>\n\t\t\t\t\t<div class='wp-caption-text gallery-caption'>\n\t\t\t\t\t\t<p>\n\t\t\t\t\t\tAtravessando a Corredeira do Taquaral\n\t\t\t\t\t\t<\/p>\n\t\t\t\t\t<\/div><\/div><div class='gallery-item gallery-item-position-2 gallery-item-attachment-12569'>\n\t\t\t\t<div class='gallery-icon landscape'>\n\t\t\t\t\t<a href='https:\/\/www.infraestruturameioambiente.sp.gov.br\/institutogeologico\/wp-content\/uploads\/sites\/233\/2019\/03\/Cachoeira-da-Capivara-600x2953.jpg' title='Cachoeira da Capivara' target='_self'><img width=\"150\" height=\"150\" src=\"https:\/\/www.infraestruturameioambiente.sp.gov.br\/institutogeologico\/wp-content\/uploads\/sites\/233\/2019\/03\/Cachoeira-da-Capivara-150x150.jpg\" class=\"attachment-thumbnail size-thumbnail\" alt=\"\" decoding=\"async\" loading=\"lazy\" \/><\/a>\n\t\t\t\t<\/div>\n\t\t\t\t\t<div class='wp-caption-text gallery-caption'>\n\t\t\t\t\t\t<p>\n\t\t\t\t\t\tCachoeira da Capivara\n\t\t\t\t\t\t<\/p>\n\t\t\t\t\t<\/div><\/div><div class='gallery-item gallery-item-position-3 gallery-item-attachment-12570'>\n\t\t\t\t<div class='gallery-icon landscape'>\n\t\t\t\t\t<a href='https:\/\/www.infraestruturameioambiente.sp.gov.br\/institutogeologico\/wp-content\/uploads\/sites\/233\/2019\/03\/Corredeira-no-Ti\u00eate-600x2008.jpg' title='Corredeira no Ti\u00eate' target='_self'><img width=\"150\" height=\"150\" src=\"https:\/\/www.infraestruturameioambiente.sp.gov.br\/institutogeologico\/wp-content\/uploads\/sites\/233\/2019\/03\/Corredeira-no-Ti\u00eate-150x150.jpg\" class=\"attachment-thumbnail size-thumbnail\" alt=\"\" decoding=\"async\" loading=\"lazy\" \/><\/a>\n\t\t\t\t<\/div>\n\t\t\t\t\t<div class='wp-caption-text gallery-caption'>\n\t\t\t\t\t\t<p>\n\t\t\t\t\t\tCorredeira no Tiet\u00ea\n\t\t\t\t\t\t<\/p>\n\t\t\t\t\t<\/div><\/div><div class='gallery-item gallery-item-position-4 gallery-item-attachment-12571'>\n\t\t\t\t<div class='gallery-icon landscape'>\n\t\t\t\t\t<a href='https:\/\/www.infraestruturameioambiente.sp.gov.br\/institutogeologico\/wp-content\/uploads\/sites\/233\/2019\/03\/Corredeira-Tombo-do-Meio-600x2008.jpg' title='Corredeira Tombo do Meio' target='_self'><img width=\"150\" height=\"150\" src=\"https:\/\/www.infraestruturameioambiente.sp.gov.br\/institutogeologico\/wp-content\/uploads\/sites\/233\/2019\/03\/Corredeira-Tombo-do-Meio-150x150.jpg\" class=\"attachment-thumbnail size-thumbnail\" alt=\"\" decoding=\"async\" loading=\"lazy\" \/><\/a>\n\t\t\t\t<\/div>\n\t\t\t\t\t<div class='wp-caption-text gallery-caption'>\n\t\t\t\t\t\t<p>\n\t\t\t\t\t\tCorredeira Tombo do Meio\n\t\t\t\t\t\t<\/p>\n\t\t\t\t\t<\/div><\/div><div class='gallery-item gallery-item-position-5 gallery-item-attachment-12572'>\n\t\t\t\t<div class='gallery-icon landscape'>\n\t\t\t\t\t<a href='https:\/\/www.infraestruturameioambiente.sp.gov.br\/institutogeologico\/wp-content\/uploads\/sites\/233\/2019\/03\/Partida-da-turma-600x2953.jpg' title='Partida da turma' target='_self'><img width=\"150\" height=\"150\" src=\"https:\/\/www.infraestruturameioambiente.sp.gov.br\/institutogeologico\/wp-content\/uploads\/sites\/233\/2019\/03\/Partida-da-turma-150x150.jpg\" class=\"attachment-thumbnail size-thumbnail\" alt=\"\" decoding=\"async\" loading=\"lazy\" \/><\/a>\n\t\t\t\t<\/div>\n\t\t\t\t\t<div class='wp-caption-text gallery-caption'>\n\t\t\t\t\t\t<p>\n\t\t\t\t\t\tPartida da Turma no Tiet\u00ea\n\t\t\t\t\t\t<\/p>\n\t\t\t\t\t<\/div><\/div><div class='gallery-item gallery-item-position-6 gallery-item-attachment-12573'>\n\t\t\t\t<div class='gallery-icon landscape'>\n\t\t\t\t\t<a href='https:\/\/www.infraestruturameioambiente.sp.gov.br\/institutogeologico\/wp-content\/uploads\/sites\/233\/2019\/03\/Pessoal-que-desceu-o-Rio-Feio-600x2953.jpg' title='Pessoal que desceu o Rio Feio' target='_self'><img width=\"150\" height=\"150\" src=\"https:\/\/www.infraestruturameioambiente.sp.gov.br\/institutogeologico\/wp-content\/uploads\/sites\/233\/2019\/03\/Pessoal-que-desceu-o-Rio-Feio-150x150.jpg\" class=\"attachment-thumbnail size-thumbnail\" alt=\"\" decoding=\"async\" loading=\"lazy\" \/><\/a>\n\t\t\t\t<\/div>\n\t\t\t\t\t<div class='wp-caption-text gallery-caption'>\n\t\t\t\t\t\t<p>\n\t\t\t\t\t\tPessoal que desceu o Rio Feio\n\t\t\t\t\t\t<\/p>\n\t\t\t\t\t<\/div><\/div><div class='gallery-item gallery-item-position-7 gallery-item-attachment-12574'>\n\t\t\t\t<div class='gallery-icon landscape'>\n\t\t\t\t\t<a href='https:\/\/www.infraestruturameioambiente.sp.gov.br\/institutogeologico\/wp-content\/uploads\/sites\/233\/2019\/03\/Picad\u00e3o-do-quil\u00f4metro-100-600x2953.jpg' title='Picad\u00e3o do quil\u00f4metro 100' target='_self'><img width=\"150\" height=\"150\" src=\"https:\/\/www.infraestruturameioambiente.sp.gov.br\/institutogeologico\/wp-content\/uploads\/sites\/233\/2019\/03\/Picad\u00e3o-do-quil\u00f4metro-100-150x150.jpg\" class=\"attachment-thumbnail size-thumbnail\" alt=\"\" decoding=\"async\" loading=\"lazy\" \/><\/a>\n\t\t\t\t<\/div>\n\t\t\t\t\t<div class='wp-caption-text gallery-caption'>\n\t\t\t\t\t\t<p>\n\t\t\t\t\t\tPicad\u00e3o do quil\u00f4metro 100\n\t\t\t\t\t\t<\/p>\n\t\t\t\t\t<\/div><\/div><div class='gallery-item gallery-item-position-8 gallery-item-attachment-12575'>\n\t\t\t\t<div class='gallery-icon landscape'>\n\t\t\t\t\t<a href='https:\/\/www.infraestruturameioambiente.sp.gov.br\/institutogeologico\/wp-content\/uploads\/sites\/233\/2019\/03\/Salto-do-Rio-Pari-600x3071.jpg' title='Salto do Rio Pari' target='_self'><img width=\"150\" height=\"150\" src=\"https:\/\/www.infraestruturameioambiente.sp.gov.br\/institutogeologico\/wp-content\/uploads\/sites\/233\/2019\/03\/Salto-do-Rio-Pari-150x150.jpg\" class=\"attachment-thumbnail size-thumbnail\" alt=\"\" decoding=\"async\" loading=\"lazy\" \/><\/a>\n\t\t\t\t<\/div>\n\t\t\t\t\t<div class='wp-caption-text gallery-caption'>\n\t\t\t\t\t\t<p>\n\t\t\t\t\t\tSalto do Rio Pari\n\t\t\t\t\t\t<\/p>\n\t\t\t\t\t<\/div><\/div><div class='gallery-item gallery-item-position-9 gallery-item-attachment-12576'>\n\t\t\t\t<div class='gallery-icon landscape'>\n\t\t\t\t\t<a href='https:\/\/www.infraestruturameioambiente.sp.gov.br\/institutogeologico\/wp-content\/uploads\/sites\/233\/2019\/03\/vara\u00e7\u00e3o-do-salto-do-talhado-rio-turvo-600x5906.jpg' title='vara\u00e7\u00e3o do salto do talhado-rio turvo' target='_self'><img width=\"150\" height=\"150\" src=\"https:\/\/www.infraestruturameioambiente.sp.gov.br\/institutogeologico\/wp-content\/uploads\/sites\/233\/2019\/03\/vara\u00e7\u00e3o-do-salto-do-talhado-rio-turvo-150x150.jpg\" class=\"attachment-thumbnail size-thumbnail\" alt=\"\" decoding=\"async\" loading=\"lazy\" \/><\/a>\n\t\t\t\t<\/div>\n\t\t\t\t\t<div class='wp-caption-text gallery-caption'>\n\t\t\t\t\t\t<p>\n\t\t\t\t\t\tVara\u00e7\u00e3o do salto do talhado-Rio Turvo\n\t\t\t\t\t\t<\/p>\n\t\t\t\t\t<\/div><\/div><div class='gallery-item gallery-item-position-10 gallery-item-attachment-12577'>\n\t\t\t\t<div class='gallery-icon landscape'>\n\t\t\t\t\t<a href='https:\/\/www.infraestruturameioambiente.sp.gov.br\/institutogeologico\/wp-content\/uploads\/sites\/233\/2019\/03\/Vista-parcial-do-salto-de-itapura_-600x2953.jpg' title='Vista parcial do salto de itapura_' target='_self'><img width=\"150\" height=\"150\" src=\"https:\/\/www.infraestruturameioambiente.sp.gov.br\/institutogeologico\/wp-content\/uploads\/sites\/233\/2019\/03\/Vista-parcial-do-salto-de-itapura_-150x150.jpg\" class=\"attachment-thumbnail size-thumbnail\" alt=\"\" decoding=\"async\" loading=\"lazy\" \/><\/a>\n\t\t\t\t<\/div>\n\t\t\t\t\t<div class='wp-caption-text gallery-caption'>\n\t\t\t\t\t\t<p>\n\t\t\t\t\t\tVista parcial do salto de Itapura\n\t\t\t\t\t\t<\/p>\n\t\t\t\t\t<\/div><\/div><\/div>\n<\/div>\n<p style=\"text-align: justify\">Em 27 de mar\u00e7o de 1886 foi criada a COMISS\u00c3O GEOGR\u00c1FICA E GEOL\u00d3GICA (CGG), tendo como finalidade a presta\u00e7\u00e3o de servi\u00e7os \u00e0 Prov\u00edncia de S\u00e3o Paulo. Com a cafeicultura e o acelerado crescimento econ\u00f4mico da Prov\u00edncia, surgiu a necessidade de se conhecer o territ\u00f3rio paulista. Assim, a CGG destinou-se a realizar pesquisas e levantamentos detalhados sobre o solo, clima, geomorfologia, geologia e hidrografia. O trabalho da CGG revelou-se extremamente importante para o processo de ocupa\u00e7\u00e3o territorial no interior do Estado.<\/p>\n<p style=\"text-align: justify\">Entre suas realiza\u00e7\u00f5es destacam-se as expedi\u00e7\u00f5es explorat\u00f3rias aos grandes rios. Assim como os antigos Bandeirantes, os pesquisadores utilizaram essas vias naturais de transporte para iniciar os levantamentos cient\u00edficos. Os trabalhos da CGG duraram at\u00e9 1931, e quase todos os produtos de suas pesquisas (mapas, relat\u00f3rios, documentos fotogr\u00e1ficos, al\u00e9m de equipamentos) passaram a pertencer a diversos \u00f3rg\u00e3os e institui\u00e7\u00f5es de pesquisa, como o Instituto Geol\u00f3gico, o Instituto de Bot\u00e2nica, o Instituto Florestal, o Instituto Geogr\u00e1fico e Cartogr\u00e1fico, o Centro Tecnol\u00f3gico de Hidr\u00e1ulica e Recursos H\u00eddricos, o Museu Paulista, o Museu de Zoologia, o Museu de Arqueologia e Etnologia, o Instituto Astron\u00f4mico e Geof\u00edsico, dentre outros.<\/p>\n<p style=\"text-align: justify\">Colaboraram na Comiss\u00e3o pesquisadores e naturalistas famosos, como: Theodoro Sampaio, Albert Loefgren, Orville Adelbert Derby, Francisco de Paula Oliveira, Luiz Felipe Gonzaga de Campos, entre outros.<\/p>\n<p style=\"text-align: justify\">A CGG, em 45 anos de exist\u00eancia, lan\u00e7ou diversas publica\u00e7\u00f5es, colaborando, com suas pesquisas, para o reconhecimento e planejamento do espa\u00e7o territorial paulista. Deve-se ainda \u00e0 CGG a aquisi\u00e7\u00e3o e coleta de parte das cole\u00e7\u00f5es que atualmente comp\u00f5em o acervo do Museu Geol\u00f3gico &#8211; <a href=\"http:\/\/mugeo.sp.gov.br\/\">MUGEO<\/a>.<\/p>\n<p style=\"text-align: justify\">No Instituto Geol\u00f3gico foi criado em 2010, o N\u00facleo Curadoria do Acervo Hist\u00f3rico, que tem como objetivo identificar, organizar, descrever, preservar e divulgar o acesso \u00e0s informa\u00e7\u00f5es de uma importante documenta\u00e7\u00e3o relativa aos estudos geocient\u00edficos que nortearam a ocupa\u00e7\u00e3o do solo no Estado de S\u00e3o Paulo. O arquivo abrange o per\u00edodo entre 1886 e 1975 e seu objetivo maior \u00e9 o de manter a conserva\u00e7\u00e3o dessa documenta\u00e7\u00e3o para as futuras gera\u00e7\u00f5es e permitir o f\u00e1cil acesso \u00e0s informa\u00e7\u00f5es para pleno uso dos cidad\u00e3os e dos pesquisadores. Caso tenha interesse em realizar uma pesquisa documental, acesse as <a href=\"https:\/\/www.infraestruturameioambiente.sp.gov.br\/institutogeologico\/mugeo\/acervo-historico\/normas-de-utilizacao-do-acervo-historico\/\">NORMAS DE UTILIZA\u00c7\u00c3O<\/a> e veja como solicitar.<\/p>\n<p style=\"text-align: justify\">Para saber mais, veja as publica\u00e7\u00f5es dispon\u00edveis para download:<\/p>\n<p><a href=\"https:\/\/www.infraestruturameioambiente.sp.gov.br\/wp-content\/uploads\/sites\/233\/2017\/03\/IG_110-Anos_Criacao_CGG_1886-1996.pdf\">110 anos de Cria\u00e7\u00e3o da Commiss\u00e3o Geographica e Geologica 1886-1996 (PDF \u2013 42.3 MB)<\/a><\/p>\n<p><a href=\"https:\/\/www.infraestruturameioambiente.sp.gov.br\/wp-content\/uploads\/sites\/233\/2017\/03\/IG_120_anos_Criacao_CGG_1886-2006.pdf\">Os 120 anos de Cria\u00e7\u00e3o da Commiss\u00e3o Geographica e Geologica 1886-2006 (PDF \u2013 48.5 MB)<\/a><\/p>\n<p><a href=\"https:\/\/www.infraestruturameioambiente.sp.gov.br\/institutogeologico\/publicacoes\/boletim-cgg\/\">Boletins hist\u00f3ricos da Comiss\u00e3o Geographica e Geologica \u2013 CGG<\/a><\/p>\n<p><a href=\"https:\/\/www.infraestruturameioambiente.sp.gov.br\/institutogeologico\/publicacoes\/relatorio-da-comissao-geografica-e-geologica\/\">Relat\u00f3rios hist\u00f3ricos da Comiss\u00e3o Geographica e Geologica &#8211; CGG<\/a><\/p>\n","protected":false},"excerpt":{"rendered":"<p>Em 27 de mar\u00e7o de 1886 foi criada a COMISS\u00c3O GEOGR\u00c1FICA E GEOL\u00d3GICA (CGG), tendo como finalidade a presta\u00e7\u00e3o de servi\u00e7os \u00e0 Prov\u00edncia de S\u00e3o Paulo. Com a cafeicultura e o acelerado crescimento econ\u00f4mico da Prov\u00edncia, surgiu a necessidade de se conhecer o territ\u00f3rio paulista. Assim, a CGG destinou-se a realizar pesquisas e levantamentos detalhados [&hellip;]<\/p>\n","protected":false},"author":25,"featured_media":10874,"comment_status":"closed","ping_status":"open","sticky":false,"template":"","format":"standard","meta":[],"categories":[1852,1850],"tags":[],"_links":{"self":[{"href":"https:\/\/www.infraestruturameioambiente.sp.gov.br\/institutogeologico\/wp-json\/wp\/v2\/posts\/12567"}],"collection":[{"href":"https:\/\/www.infraestruturameioambiente.sp.gov.br\/institutogeologico\/wp-json\/wp\/v2\/posts"}],"about":[{"href":"https:\/\/www.infraestruturameioambiente.sp.gov.br\/institutogeologico\/wp-json\/wp\/v2\/types\/post"}],"author":[{"embeddable":true,"href":"https:\/\/www.infraestruturameioambiente.sp.gov.br\/institutogeologico\/wp-json\/wp\/v2\/users\/25"}],"replies":[{"embeddable":true,"href":"https:\/\/www.infraestruturameioambiente.sp.gov.br\/institutogeologico\/wp-json\/wp\/v2\/comments?post=12567"}],"version-history":[{"count":3,"href":"https:\/\/www.infraestruturameioambiente.sp.gov.br\/institutogeologico\/wp-json\/wp\/v2\/posts\/12567\/revisions"}],"predecessor-version":[{"id":12580,"href":"https:\/\/www.infraestruturameioambiente.sp.gov.br\/institutogeologico\/wp-json\/wp\/v2\/posts\/12567\/revisions\/12580"}],"wp:featuredmedia":[{"embeddable":true,"href":"https:\/\/www.infraestruturameioambiente.sp.gov.br\/institutogeologico\/wp-json\/wp\/v2\/media\/10874"}],"wp:attachment":[{"href":"https:\/\/www.infraestruturameioambiente.sp.gov.br\/institutogeologico\/wp-json\/wp\/v2\/media?parent=12567"}],"wp:term":[{"taxonomy":"category","embeddable":true,"href":"https:\/\/www.infraestruturameioambiente.sp.gov.br\/institutogeologico\/wp-json\/wp\/v2\/categories?post=12567"},{"taxonomy":"post_tag","embeddable":true,"href":"https:\/\/www.infraestruturameioambiente.sp.gov.br\/institutogeologico\/wp-json\/wp\/v2\/tags?post=12567"}],"curies":[{"name":"wp","href":"https:\/\/api.w.org\/{rel}","templated":true}]}}