{"id":12520,"date":"2019-03-28T11:52:14","date_gmt":"2019-03-28T14:52:14","guid":{"rendered":"https:\/\/www.infraestruturameioambiente.sp.gov.br\/institutogeologico\/?p=12520"},"modified":"2019-05-08T08:26:13","modified_gmt":"2019-05-08T11:26:13","slug":"instituto-geologico-e-parque-de-cientec-da-usp-promovem-exposicao-mulheres-na-paleontologia","status":"publish","type":"post","link":"https:\/\/www.infraestruturameioambiente.sp.gov.br\/institutogeologico\/2019\/03\/instituto-geologico-e-parque-de-cientec-da-usp-promovem-exposicao-mulheres-na-paleontologia\/","title":{"rendered":"Instituto Geol\u00f3gico e Parque de CienTec da USP promovem exposi\u00e7\u00e3o: &#8220;Mulheres na Paleontologia&#8221;"},"content":{"rendered":"<div style=\"text-align: justify\"><img decoding=\"async\" loading=\"lazy\" class=\"alignleft size-medium wp-image-12522\" src=\"https:\/\/www.infraestruturameioambiente.sp.gov.br\/wp-content\/uploads\/sites\/233\/2019\/03\/exposi\u00e7\u00e3o_instagram-300x300.jpg\" alt=\"\" width=\"300\" height=\"300\" srcset=\"https:\/\/www.infraestruturameioambiente.sp.gov.br\/institutogeologico\/wp-content\/uploads\/sites\/233\/2019\/03\/exposi\u00e7\u00e3o_instagram-300x300.jpg 300w, https:\/\/www.infraestruturameioambiente.sp.gov.br\/institutogeologico\/wp-content\/uploads\/sites\/233\/2019\/03\/exposi\u00e7\u00e3o_instagram-150x150.jpg 150w, https:\/\/www.infraestruturameioambiente.sp.gov.br\/institutogeologico\/wp-content\/uploads\/sites\/233\/2019\/03\/exposi\u00e7\u00e3o_instagram-768x768.jpg 768w, https:\/\/www.infraestruturameioambiente.sp.gov.br\/institutogeologico\/wp-content\/uploads\/sites\/233\/2019\/03\/exposi\u00e7\u00e3o_instagram-270x270.jpg 270w, https:\/\/www.infraestruturameioambiente.sp.gov.br\/institutogeologico\/wp-content\/uploads\/sites\/233\/2019\/03\/exposi\u00e7\u00e3o_instagram-155x155.jpg 155w, https:\/\/www.infraestruturameioambiente.sp.gov.br\/institutogeologico\/wp-content\/uploads\/sites\/233\/2019\/03\/exposi\u00e7\u00e3o_instagram-97x97.jpg 97w, https:\/\/www.infraestruturameioambiente.sp.gov.br\/institutogeologico\/wp-content\/uploads\/sites\/233\/2019\/03\/exposi\u00e7\u00e3o_instagram-68x68.jpg 68w, https:\/\/www.infraestruturameioambiente.sp.gov.br\/institutogeologico\/wp-content\/uploads\/sites\/233\/2019\/03\/exposi\u00e7\u00e3o_instagram-201x201.jpg 201w, https:\/\/www.infraestruturameioambiente.sp.gov.br\/institutogeologico\/wp-content\/uploads\/sites\/233\/2019\/03\/exposi\u00e7\u00e3o_instagram-129x129.jpg 129w, https:\/\/www.infraestruturameioambiente.sp.gov.br\/institutogeologico\/wp-content\/uploads\/sites\/233\/2019\/03\/exposi\u00e7\u00e3o_instagram-99x99.jpg 99w, https:\/\/www.infraestruturameioambiente.sp.gov.br\/institutogeologico\/wp-content\/uploads\/sites\/233\/2019\/03\/exposi\u00e7\u00e3o_instagram-70x70.jpg 70w, https:\/\/www.infraestruturameioambiente.sp.gov.br\/institutogeologico\/wp-content\/uploads\/sites\/233\/2019\/03\/exposi\u00e7\u00e3o_instagram-69x70.jpg 69w, https:\/\/www.infraestruturameioambiente.sp.gov.br\/institutogeologico\/wp-content\/uploads\/sites\/233\/2019\/03\/exposi\u00e7\u00e3o_instagram.jpg 1080w\" sizes=\"(max-width: 300px) 100vw, 300px\" \/><\/div>\n<div style=\"text-align: justify\">Em celebra\u00e7\u00e3o ao Dia Internacional da Mulher, 8 de mar\u00e7o, o Instituto Geol\u00f3gico (IG) e o Parque de Ci\u00eancia e Tecnologia da Universidade de S\u00e3o Paulo (CienTec\/USP) prepararam uma exposi\u00e7\u00e3o comemorativa intitulada: &#8220;Mulheres da Paleontologia&#8221;.<\/div>\n<div><\/div>\n<div style=\"text-align: justify\">A amostra acontece no Parque CienTec\/USP at\u00e9 o dia 31 de outubro, de segunda a sexta das 9h \u00e0s 16h.<\/div>\n<div><\/div>\n<div style=\"text-align: justify\">A exposi\u00e7\u00e3o pretende, por meio de depoimentos em v\u00eddeo, mostrar o papel de um grupo de cientistas, mulheres, que atua em institui\u00e7\u00f5es no Estado de S\u00e3o Paulo. Neste sentido, foram entrevistadas paleont\u00f3logas que narram um pouco de suas trajet\u00f3rias, experi\u00eancias e dificuldades ao longo de suas carreiras. Essas paleont\u00f3logas se destacam,\u00a0 entre outras aqui n\u00e3o representadas, como nomes importantes na paleontologia nacional.<\/div>\n<div><\/div>\n<div style=\"text-align: justify\">Ao mesmo tempo, a exposi\u00e7\u00e3o proporciona o contato com alguns f\u00f3sseis e publica\u00e7\u00f5es relacionados \u00e0s \u00e1reas de atua\u00e7\u00e3o de cada uma delas.<\/div>\n<div><\/div>\n<div style=\"text-align: justify\">O Estado de S\u00e3o Paulo \u00e9 ocupado em grande parte por rochas sedimentares que cont\u00eam f\u00f3sseis dos mais variados tipos e idades, desde 1 bilh\u00e3o de anos at\u00e9 tempos quase atuais. Desde as primeiras explora\u00e7\u00f5es do territ\u00f3rio paulista no s\u00e9culo XIX, houve muitas descobertas e avan\u00e7os cient\u00edficos no conhecimento dos f\u00f3sseis, e gra\u00e7as ao protagonismo das mulheres, todo esse conhecimento \u00e9 constru\u00eddo corroborando com os avan\u00e7os das pesquisas paleontol\u00f3gicas.<\/div>\n<div><\/div>\n<div><\/div>\n<div style=\"text-align: justify\"><strong>Exposi\u00e7\u00e3o: &#8220;Mulheres na Paleontologia&#8221;<\/strong><br \/>\nDe 08 de mar\u00e7o at\u00e9 31 de outubro<br \/>\nde segunda a sexta das 9h \u00e0s 16h<br \/>\nParque CienTec\/USP<br \/>\nAv. Miguel St\u00e9fano, 4.200<br \/>\n\u00c1gua Funda \u2013 S\u00e3o Paulo \u2013 SP<br \/>\n(Em frente ao Jardim Zool\u00f3gico)<\/div>\n<div style=\"text-align: justify\"><strong>REALIZA\u00c7\u00c3O:<\/strong><br \/>\nInstituto Geol\u00f3gico \u2013 IG<br \/>\nSubsecretaria do Meio Ambiente<br \/>\nSecretaria de Infraestrutura e Meio Ambiente<br \/>\nParque de Ci\u00eancias e tecnologia \u2013 CienTec\/USP<br \/>\nPr\u00f3-reitoria de Cultura e Extens\u00e3o Universit\u00e1ria\/USP<br \/>\nUniversidade de S\u00e3o Paulo \u2013 USP<br \/>\nGoverno do Estado de S\u00e3o Paulo<\/div>\n","protected":false},"excerpt":{"rendered":"<p>Em celebra\u00e7\u00e3o ao Dia Internacional da Mulher, 8 de mar\u00e7o, o Instituto Geol\u00f3gico (IG) e o Parque de Ci\u00eancia e Tecnologia da Universidade de S\u00e3o Paulo (CienTec\/USP) prepararam uma exposi\u00e7\u00e3o comemorativa intitulada: &#8220;Mulheres da Paleontologia&#8221;. A amostra acontece no Parque CienTec\/USP at\u00e9 o dia 31 de outubro, de segunda a sexta das 9h \u00e0s 16h. [&hellip;]<\/p>\n","protected":false},"author":96,"featured_media":12523,"comment_status":"closed","ping_status":"open","sticky":false,"template":"","format":"standard","meta":[],"categories":[1852,1850],"tags":[],"_links":{"self":[{"href":"https:\/\/www.infraestruturameioambiente.sp.gov.br\/institutogeologico\/wp-json\/wp\/v2\/posts\/12520"}],"collection":[{"href":"https:\/\/www.infraestruturameioambiente.sp.gov.br\/institutogeologico\/wp-json\/wp\/v2\/posts"}],"about":[{"href":"https:\/\/www.infraestruturameioambiente.sp.gov.br\/institutogeologico\/wp-json\/wp\/v2\/types\/post"}],"author":[{"embeddable":true,"href":"https:\/\/www.infraestruturameioambiente.sp.gov.br\/institutogeologico\/wp-json\/wp\/v2\/users\/96"}],"replies":[{"embeddable":true,"href":"https:\/\/www.infraestruturameioambiente.sp.gov.br\/institutogeologico\/wp-json\/wp\/v2\/comments?post=12520"}],"version-history":[{"count":17,"href":"https:\/\/www.infraestruturameioambiente.sp.gov.br\/institutogeologico\/wp-json\/wp\/v2\/posts\/12520\/revisions"}],"predecessor-version":[{"id":12843,"href":"https:\/\/www.infraestruturameioambiente.sp.gov.br\/institutogeologico\/wp-json\/wp\/v2\/posts\/12520\/revisions\/12843"}],"wp:featuredmedia":[{"embeddable":true,"href":"https:\/\/www.infraestruturameioambiente.sp.gov.br\/institutogeologico\/wp-json\/wp\/v2\/media\/12523"}],"wp:attachment":[{"href":"https:\/\/www.infraestruturameioambiente.sp.gov.br\/institutogeologico\/wp-json\/wp\/v2\/media?parent=12520"}],"wp:term":[{"taxonomy":"category","embeddable":true,"href":"https:\/\/www.infraestruturameioambiente.sp.gov.br\/institutogeologico\/wp-json\/wp\/v2\/categories?post=12520"},{"taxonomy":"post_tag","embeddable":true,"href":"https:\/\/www.infraestruturameioambiente.sp.gov.br\/institutogeologico\/wp-json\/wp\/v2\/tags?post=12520"}],"curies":[{"name":"wp","href":"https:\/\/api.w.org\/{rel}","templated":true}]}}