{"id":12370,"date":"2019-02-09T07:01:16","date_gmt":"2019-02-09T09:01:16","guid":{"rendered":"https:\/\/www.infraestruturameioambiente.sp.gov.br\/institutogeologico\/?p=12370"},"modified":"2019-02-08T16:22:18","modified_gmt":"2019-02-08T18:22:18","slug":"pesquisadora-do-instituto-geologico-e-autora-de-capitulo-de-livro-sobre-mudancas-climaticas","status":"publish","type":"post","link":"https:\/\/www.infraestruturameioambiente.sp.gov.br\/institutogeologico\/2019\/02\/pesquisadora-do-instituto-geologico-e-autora-de-capitulo-de-livro-sobre-mudancas-climaticas\/","title":{"rendered":"Pesquisadora do Instituto Geol\u00f3gico \u00e9 autora de cap\u00edtulo de livro sobre mudan\u00e7as clim\u00e1ticas"},"content":{"rendered":"<p style=\"text-align: justify\"><img decoding=\"async\" loading=\"lazy\" class=\"alignleft size-medium wp-image-12371\" src=\"https:\/\/www.infraestruturameioambiente.sp.gov.br\/wp-content\/uploads\/sites\/233\/2019\/02\/climate-change-in-santos-brazil-192x300.jpg\" alt=\"\" width=\"192\" height=\"300\" srcset=\"https:\/\/www.infraestruturameioambiente.sp.gov.br\/institutogeologico\/wp-content\/uploads\/sites\/233\/2019\/02\/climate-change-in-santos-brazil-192x300.jpg 192w, https:\/\/www.infraestruturameioambiente.sp.gov.br\/institutogeologico\/wp-content\/uploads\/sites\/233\/2019\/02\/climate-change-in-santos-brazil.jpg 600w, https:\/\/www.infraestruturameioambiente.sp.gov.br\/institutogeologico\/wp-content\/uploads\/sites\/233\/2019\/02\/climate-change-in-santos-brazil-173x270.jpg 173w, https:\/\/www.infraestruturameioambiente.sp.gov.br\/institutogeologico\/wp-content\/uploads\/sites\/233\/2019\/02\/climate-change-in-santos-brazil-99x155.jpg 99w, https:\/\/www.infraestruturameioambiente.sp.gov.br\/institutogeologico\/wp-content\/uploads\/sites\/233\/2019\/02\/climate-change-in-santos-brazil-62x97.jpg 62w, https:\/\/www.infraestruturameioambiente.sp.gov.br\/institutogeologico\/wp-content\/uploads\/sites\/233\/2019\/02\/climate-change-in-santos-brazil-43x68.jpg 43w, https:\/\/www.infraestruturameioambiente.sp.gov.br\/institutogeologico\/wp-content\/uploads\/sites\/233\/2019\/02\/climate-change-in-santos-brazil-129x201.jpg 129w, https:\/\/www.infraestruturameioambiente.sp.gov.br\/institutogeologico\/wp-content\/uploads\/sites\/233\/2019\/02\/climate-change-in-santos-brazil-83x129.jpg 83w, https:\/\/www.infraestruturameioambiente.sp.gov.br\/institutogeologico\/wp-content\/uploads\/sites\/233\/2019\/02\/climate-change-in-santos-brazil-63x99.jpg 63w, https:\/\/www.infraestruturameioambiente.sp.gov.br\/institutogeologico\/wp-content\/uploads\/sites\/233\/2019\/02\/climate-change-in-santos-brazil-45x70.jpg 45w\" sizes=\"(max-width: 192px) 100vw, 192px\" \/>Lan\u00e7ado no final de janeiro de 2019 o livro: \u201cClimate Change in Santos Brazil: Projections, Impacts and Adaptation Options\u201d, editado por Luc\u00ed Hidalgo Nunes, Roberto Greco, Jos\u00e9 A. Marengo, \u00e9 o resultado do projeto \u201cMETROPOLE: Uma Estrutura Integrada para Analisar Tomada de Decis\u00e3o Local e Capacidade Adaptativa para Mudan\u00e7as Ambientais em Grande Escala: Estudos de Casos Comunit\u00e1rios no Brasil, Reino Unido e EUA\u201d.<\/p>\n<p style=\"text-align: justify\">A publica\u00e7\u00e3o em l\u00edngua inglesa tem como objetivo a divulga\u00e7\u00e3o dos resultados da pesquisa, fomentando o di\u00e1logo e a participa\u00e7\u00e3o de tomadores de decis\u00e3o, da popula\u00e7\u00e3o e dos representantes de organiza\u00e7\u00f5es civis e privadas. Esperasse que com a divulga\u00e7\u00e3o dos estudos garanta-se medidas que possam retardar, minimizar ou at\u00e9 mesmo restringir os efeitos perversos da mudan\u00e7a clim\u00e1tica nos pr\u00f3ximos anos.<\/p>\n<p style=\"text-align: justify\">A pesquisadora do Instituto Geol\u00f3gico (IG) Dra. C\u00e9lia Regina de Gouveia Souza \u00e9 coautora em dois cap\u00edtulos do livro, no cap\u00edtulo 4 &#8220;Projections of Climate Change in the Coastal Area of Santos&#8221; e no cap\u00edtulo 5 &#8220;Projection and Uncertainties of Sea Level Trends in Baixada Santista&#8221;. A pesquisadora foi autora principal do cap\u00edtulo 6 intitulado: \u201cLong Term Analysis of Meteorological-Oceanographic Extreme Events for the Baixada Santista Region\u201d. Escrito em coautoria com o consultor ambiental Agenor Pereira Souza e Joseph Harari do Instituto Oceanogr\u00e1fico\/USP, o cap\u00edtulo apresenta BD de eventos meteorol\u00f3gicos-oceanogr\u00e1ficos extremos (ressacas e inunda\u00e7\u00f5es costeiras), entre 1928 e 2016 (Baixada Santista), e as an\u00e1lises das condi\u00e7\u00f5es de ocorr\u00eancia desses eventos, com v\u00e1rios indicadores. Oferecendo ao leitor uma vis\u00e3o hist\u00f3rica da eleva\u00e7\u00e3o do n\u00edvel do mar, com dados sobre: precipita\u00e7\u00e3o, temperatura e frequ\u00eancia de tempestades.<\/p>\n<p style=\"text-align: justify\">Sobre o Projeto METROPOLE: Foi desenhado para enfrentar alguns desafios importantes do nosso tempo: por um lado, como reduzir os riscos das altera\u00e7\u00f5es clim\u00e1ticas nas \u00e1reas costeiras, com vista a salvaguardar a vida, assegurando a seguran\u00e7a dos bens e a manuten\u00e7\u00e3o de ecossistemas ricos; e, por outro lado, como melhorar a intera\u00e7\u00e3o entre cientistas, tomadores de decis\u00e3o e popula\u00e7\u00e3o para um objetivo comum, para evitar que proje\u00e7\u00f5es alarmantes de eleva\u00e7\u00e3o do n\u00edvel do mar sejam realizadas. Participam pesquisadores de v\u00e1rias institui\u00e7\u00f5es brasileiras (INPE, CEMADEM, USP, UNICAMP, IG), americana University of Florida e inglesa Kings College of London.<\/p>\n<p>Para visualizar a publica\u00e7\u00e3o <a href=\"https:\/\/www.springer.com\/br\/book\/9783319965345\">CLIQUE AQUI<\/a><\/p>\n","protected":false},"excerpt":{"rendered":"<p>Lan\u00e7ado no final de janeiro de 2019 o livro: \u201cClimate Change in Santos Brazil: Projections, Impacts and Adaptation Options\u201d, editado por Luc\u00ed Hidalgo Nunes, Roberto Greco, Jos\u00e9 A. Marengo, \u00e9 o resultado do projeto \u201cMETROPOLE: Uma Estrutura Integrada para Analisar Tomada de Decis\u00e3o Local e Capacidade Adaptativa para Mudan\u00e7as Ambientais em Grande Escala: Estudos de [&hellip;]<\/p>\n","protected":false},"author":25,"featured_media":12372,"comment_status":"closed","ping_status":"open","sticky":false,"template":"","format":"standard","meta":[],"categories":[1852,1850],"tags":[],"_links":{"self":[{"href":"https:\/\/www.infraestruturameioambiente.sp.gov.br\/institutogeologico\/wp-json\/wp\/v2\/posts\/12370"}],"collection":[{"href":"https:\/\/www.infraestruturameioambiente.sp.gov.br\/institutogeologico\/wp-json\/wp\/v2\/posts"}],"about":[{"href":"https:\/\/www.infraestruturameioambiente.sp.gov.br\/institutogeologico\/wp-json\/wp\/v2\/types\/post"}],"author":[{"embeddable":true,"href":"https:\/\/www.infraestruturameioambiente.sp.gov.br\/institutogeologico\/wp-json\/wp\/v2\/users\/25"}],"replies":[{"embeddable":true,"href":"https:\/\/www.infraestruturameioambiente.sp.gov.br\/institutogeologico\/wp-json\/wp\/v2\/comments?post=12370"}],"version-history":[{"count":1,"href":"https:\/\/www.infraestruturameioambiente.sp.gov.br\/institutogeologico\/wp-json\/wp\/v2\/posts\/12370\/revisions"}],"predecessor-version":[{"id":12373,"href":"https:\/\/www.infraestruturameioambiente.sp.gov.br\/institutogeologico\/wp-json\/wp\/v2\/posts\/12370\/revisions\/12373"}],"wp:featuredmedia":[{"embeddable":true,"href":"https:\/\/www.infraestruturameioambiente.sp.gov.br\/institutogeologico\/wp-json\/wp\/v2\/media\/12372"}],"wp:attachment":[{"href":"https:\/\/www.infraestruturameioambiente.sp.gov.br\/institutogeologico\/wp-json\/wp\/v2\/media?parent=12370"}],"wp:term":[{"taxonomy":"category","embeddable":true,"href":"https:\/\/www.infraestruturameioambiente.sp.gov.br\/institutogeologico\/wp-json\/wp\/v2\/categories?post=12370"},{"taxonomy":"post_tag","embeddable":true,"href":"https:\/\/www.infraestruturameioambiente.sp.gov.br\/institutogeologico\/wp-json\/wp\/v2\/tags?post=12370"}],"curies":[{"name":"wp","href":"https:\/\/api.w.org\/{rel}","templated":true}]}}