{"id":12345,"date":"2019-01-30T17:13:18","date_gmt":"2019-01-30T19:13:18","guid":{"rendered":"https:\/\/www.infraestruturameioambiente.sp.gov.br\/institutogeologico\/?p=12345"},"modified":"2019-02-08T16:25:45","modified_gmt":"2019-02-08T18:25:45","slug":"workshop-sobre-coproducao-na-gestao-de-riscos-de-escorregamentos-em-assentamentos-precarios-e-realizado-em-sao-paulo","status":"publish","type":"post","link":"https:\/\/www.infraestruturameioambiente.sp.gov.br\/institutogeologico\/2019\/01\/workshop-sobre-coproducao-na-gestao-de-riscos-de-escorregamentos-em-assentamentos-precarios-e-realizado-em-sao-paulo\/","title":{"rendered":"Workshop sobre \u201cCoprodu\u00e7\u00e3o na Gest\u00e3o de Riscos de Escorregamentos em Assentamentos Prec\u00e1rios\u201d \u00e9 realizado em S\u00e3o Paulo"},"content":{"rendered":"<div class=\"wc-gallery\"><div id='gallery-1' data-gutter-width='5' data-columns='1' class='gallery wc-gallery-captions-onhover gallery-link-file gallery-masonry galleryid-12345 gallery-columns-1 gallery-size-thumbnail wc-gallery-bottomspace-default wc-gallery-clear'><div class='gallery-item gallery-item-position-1 gallery-item-attachment-12347'>\n\t\t\t\t<div class='gallery-icon landscape'>\n\t\t\t\t\t<a href='https:\/\/www.infraestruturameioambiente.sp.gov.br\/institutogeologico\/wp-content\/uploads\/sites\/233\/2019\/01\/Worshop_Coproducao_Risco_01-600x600.jpg' title='Worshop_Coproducao_Risco_01' target='_self'><img width=\"150\" height=\"150\" src=\"https:\/\/www.infraestruturameioambiente.sp.gov.br\/institutogeologico\/wp-content\/uploads\/sites\/233\/2019\/01\/Worshop_Coproducao_Risco_01-150x150.jpg\" class=\"attachment-thumbnail size-thumbnail\" alt=\"\" decoding=\"async\" loading=\"lazy\" srcset=\"https:\/\/www.infraestruturameioambiente.sp.gov.br\/institutogeologico\/wp-content\/uploads\/sites\/233\/2019\/01\/Worshop_Coproducao_Risco_01-150x150.jpg 150w, https:\/\/www.infraestruturameioambiente.sp.gov.br\/institutogeologico\/wp-content\/uploads\/sites\/233\/2019\/01\/Worshop_Coproducao_Risco_01-600x600.jpg 600w\" sizes=\"(max-width: 150px) 100vw, 150px\" \/><\/a>\n\t\t\t\t<\/div>\n\t\t\t\t\t<div class='wp-caption-text gallery-caption'>\n\t\t\t\t\t\t<p>\n\t\t\t\t\t\tMesa de Apertura\n\t\t\t\t\t\t<\/p>\n\t\t\t\t\t<\/div><\/div><div class='gallery-item gallery-item-position-2 gallery-item-attachment-12348'>\n\t\t\t\t<div class='gallery-icon landscape'>\n\t\t\t\t\t<a href='https:\/\/www.infraestruturameioambiente.sp.gov.br\/institutogeologico\/wp-content\/uploads\/sites\/233\/2019\/01\/Worshop_Coproducao_Risco_02-600x600.jpg' title='Worshop_Coproducao_Risco_02' target='_self'><img width=\"150\" height=\"150\" src=\"https:\/\/www.infraestruturameioambiente.sp.gov.br\/institutogeologico\/wp-content\/uploads\/sites\/233\/2019\/01\/Worshop_Coproducao_Risco_02-150x150.jpg\" class=\"attachment-thumbnail size-thumbnail\" alt=\"\" decoding=\"async\" loading=\"lazy\" srcset=\"https:\/\/www.infraestruturameioambiente.sp.gov.br\/institutogeologico\/wp-content\/uploads\/sites\/233\/2019\/01\/Worshop_Coproducao_Risco_02-150x150.jpg 150w, https:\/\/www.infraestruturameioambiente.sp.gov.br\/institutogeologico\/wp-content\/uploads\/sites\/233\/2019\/01\/Worshop_Coproducao_Risco_02-600x600.jpg 600w\" sizes=\"(max-width: 150px) 100vw, 150px\" \/><\/a>\n\t\t\t\t<\/div>\n\t\t\t\t\t<div class='wp-caption-text gallery-caption'>\n\t\t\t\t\t\t<p>\n\t\t\t\t\t\t1\u00ba Bloco de Debates\n\t\t\t\t\t\t<\/p>\n\t\t\t\t\t<\/div><\/div><div class='gallery-item gallery-item-position-3 gallery-item-attachment-12349'>\n\t\t\t\t<div class='gallery-icon landscape'>\n\t\t\t\t\t<a href='https:\/\/www.infraestruturameioambiente.sp.gov.br\/institutogeologico\/wp-content\/uploads\/sites\/233\/2019\/01\/Worshop_Coproducao_Risco_03-600x600.jpg' title='Worshop_Coproducao_Risco_03' target='_self'><img width=\"150\" height=\"150\" src=\"https:\/\/www.infraestruturameioambiente.sp.gov.br\/institutogeologico\/wp-content\/uploads\/sites\/233\/2019\/01\/Worshop_Coproducao_Risco_03-150x150.jpg\" class=\"attachment-thumbnail size-thumbnail\" alt=\"\" decoding=\"async\" loading=\"lazy\" srcset=\"https:\/\/www.infraestruturameioambiente.sp.gov.br\/institutogeologico\/wp-content\/uploads\/sites\/233\/2019\/01\/Worshop_Coproducao_Risco_03-150x150.jpg 150w, https:\/\/www.infraestruturameioambiente.sp.gov.br\/institutogeologico\/wp-content\/uploads\/sites\/233\/2019\/01\/Worshop_Coproducao_Risco_03-600x600.jpg 600w\" sizes=\"(max-width: 150px) 100vw, 150px\" \/><\/a>\n\t\t\t\t<\/div>\n\t\t\t\t\t<div class='wp-caption-text gallery-caption'>\n\t\t\t\t\t\t<p>\n\t\t\t\t\t\tEduardo apresentando\n\t\t\t\t\t\t<\/p>\n\t\t\t\t\t<\/div><\/div><div class='gallery-item gallery-item-position-4 gallery-item-attachment-12350'>\n\t\t\t\t<div class='gallery-icon landscape'>\n\t\t\t\t\t<a href='https:\/\/www.infraestruturameioambiente.sp.gov.br\/institutogeologico\/wp-content\/uploads\/sites\/233\/2019\/01\/Worshop_Coproducao_Risco_04-600x600.jpg' title='Worshop_Coproducao_Risco_04' target='_self'><img width=\"150\" height=\"150\" src=\"https:\/\/www.infraestruturameioambiente.sp.gov.br\/institutogeologico\/wp-content\/uploads\/sites\/233\/2019\/01\/Worshop_Coproducao_Risco_04-150x150.jpg\" class=\"attachment-thumbnail size-thumbnail\" alt=\"\" decoding=\"async\" loading=\"lazy\" srcset=\"https:\/\/www.infraestruturameioambiente.sp.gov.br\/institutogeologico\/wp-content\/uploads\/sites\/233\/2019\/01\/Worshop_Coproducao_Risco_04-150x150.jpg 150w, https:\/\/www.infraestruturameioambiente.sp.gov.br\/institutogeologico\/wp-content\/uploads\/sites\/233\/2019\/01\/Worshop_Coproducao_Risco_04-600x600.jpg 600w\" sizes=\"(max-width: 150px) 100vw, 150px\" \/><\/a>\n\t\t\t\t<\/div>\n\t\t\t\t\t<div class='wp-caption-text gallery-caption'>\n\t\t\t\t\t\t<p>\n\t\t\t\t\t\t2\u00ba Bloco de Debates\n\t\t\t\t\t\t<\/p>\n\t\t\t\t\t<\/div><\/div><\/div>\n<\/div>\n<p style=\"text-align: justify\">No dia 29 de janeiro de 2019, o Instituto Geol\u00f3gico (IG), o Instituto de Pesquisa Tecnol\u00f3gica (IPT), a Escola Polit\u00e9cnica da Universidade de S\u00e3o Paulo (Poli\/USP) e a Associa\u00e7\u00e3o Brasileira de Geologia de Engenharia e Ambiental (ABGE) realizaram o Workshop \u201cCoprodu\u00e7\u00e3o na Gest\u00e3o de Riscos de Escorregamentos em Assentamentos Prec\u00e1rios\u201d no Audit\u00f3rio Prof. Francisco Landi no Pr\u00e9dio da Administra\u00e7\u00e3o da Escola Polit\u00e9cnica da USP.<\/p>\n<p style=\"text-align: justify\">A cerim\u00f4nia de abertura contou com a presen\u00e7a da Cap. PM. Aline Bet\u00e2nia, Coordenadoria Estadual de Prote\u00e7\u00e3o e Defesa Civil (CEPDEC); Cl\u00e1udia Echevengu\u00e1 Teixeira, diretora do Centro de Tecnologias Geoambientais do IPT; Luciana Martin Rodrigues Ferreira, diretora do IG; Marcela Teixeira, representante da ABGE e Profa. Liedi Bernucci, diretora da Poli\/USP.<\/p>\n<p style=\"text-align: justify\">Com o objetivo de apresentar e discutir o desenvolvimento da pesquisa \u201c<em>Coprodu\u00e7\u00e3o de estrat\u00e9gias de gest\u00e3o de riscos de escorregamentos por meio do desenvolvimento de infraestruturas de base comunit\u00e1rias nas cidades latino-americanas<\/em>\u201d, as apresenta\u00e7\u00f5es do primeiro bloco abordaram a metodologia e aplica\u00e7\u00e3o do projeto, o Prof. Harry Smith, coordenador do projeto da Heriot-Watt University apresentou o processo metodol\u00f3gico do projeto, em seguida a profa. M\u00f4nica Escalante, da Universidad Nacional de Col\u00f4mbia, demostrou a aplica\u00e7\u00e3o do projeto em comunidades de Medell\u00edn focando os objetivos do projeto, que s\u00e3o: a percep\u00e7\u00e3o, o monitoramento, a mitiga\u00e7\u00e3o e a concerta\u00e7\u00e3o. O prof. Alex Kenya Abiko da Poli\/USP mostrou a aplica\u00e7\u00e3o do projeto na comunidade Vila Nova Esperan\u00e7a e fechando o bloco, a l\u00edder comunit\u00e1ria Maria de Lourdes Andrade de Souza, mais conhecida como &#8220;Lia Esperan\u00e7a&#8221; falou da experi\u00eancia dela e da comunidade em participar do projeto, e os desafios enfrentados para atingir a sustentabilidade.<\/p>\n<p style=\"text-align: justify\">No segundo bloco, as apresenta\u00e7\u00f5es abordaram o papel da pesquisa cient\u00edfica, a situa\u00e7\u00e3o e percep\u00e7\u00e3o de risco na esfera federal, estadual e municipal e propostas de urbaniza\u00e7\u00e3o em comunidades carentes. O Prof. Fernando Marinho da Poli\/USP destacou a import\u00e2ncia da pesquisa acad\u00eamica e a divulga\u00e7\u00e3o dos resultados com a participa\u00e7\u00e3o nas comunidades. Eduardo de Macedo do IPT abordou a legisla\u00e7\u00e3o e a estrutura da Defesa Civil Federal e o papel dos \u00f3rg\u00e3os de apoio, Eduardo de Andrade do IG explicou como funciona a gest\u00e3o de risco no estado de S\u00e3o Paulo e o funcionamento da Programa Estadual de Preven\u00e7\u00e3o de Desastres Naturais e de Redu\u00e7\u00e3o de Riscos Geol\u00f3gicos (PDN). O Ge\u00f3logo Ronaldo Malheiros, da Prefeitura de S\u00e3o Paulo apresentou o hist\u00f3rico da atua\u00e7\u00e3o em preven\u00e7\u00e3o na cidade, e o arquiteto Renato Daud, da Companhia de Desenvolvimento Habitacional e Urbano (CDHU) demostrou o projeto de urbaniza\u00e7\u00e3o de favelas e usou o exemplo do Jardim Santo Andr\u00e9, em Santo Andr\u00e9 e da Vila Nova Uni\u00e3o, zona leste de S\u00e3o Paulo.<\/p>\n<p style=\"text-align: justify\">Este projeto de pesquisa \u00e9 financiado pela British Academy dentro do seu programa GCRF,\u00a0Global\u00a0Challenges\u00a0Research\u00a0Fund:\u00a0Cities\u00a0&amp;\u00a0Infrastructure. Participam do projeto equipes da Heriot-Watt University, University of Edinburgh, Universidad Nacional de Col\u00f4mbia, Escuela de Barrios de Ladera e da Poli\/USP. Na equipe de pesquisa brasileira tamb\u00e9m fazem parte pesquisadores do IG e do IPT.<\/p>\n<p style=\"text-align: justify\">A realiza\u00e7\u00e3o do Workshop \u00e9 um dos resultados do projeto e faz parte da concerta\u00e7\u00e3o (acordo) que tem como objetivo realizar o di\u00e1logo cont\u00ednuo, preparar os moradores para entenderem e conviverem melhor com os riscos, aproveitando a oportunidade para aproximar diferentes atores nos trabalhos com as comunidades.<\/p>\n","protected":false},"excerpt":{"rendered":"<p>No dia 29 de janeiro de 2019, o Instituto Geol\u00f3gico (IG), o Instituto de Pesquisa Tecnol\u00f3gica (IPT), a Escola Polit\u00e9cnica da Universidade de S\u00e3o Paulo (Poli\/USP) e a Associa\u00e7\u00e3o Brasileira de Geologia de Engenharia e Ambiental (ABGE) realizaram o Workshop \u201cCoprodu\u00e7\u00e3o na Gest\u00e3o de Riscos de Escorregamentos em Assentamentos Prec\u00e1rios\u201d no Audit\u00f3rio Prof. Francisco Landi [&hellip;]<\/p>\n","protected":false},"author":25,"featured_media":12346,"comment_status":"closed","ping_status":"open","sticky":false,"template":"","format":"standard","meta":[],"categories":[1852,1850],"tags":[],"_links":{"self":[{"href":"https:\/\/www.infraestruturameioambiente.sp.gov.br\/institutogeologico\/wp-json\/wp\/v2\/posts\/12345"}],"collection":[{"href":"https:\/\/www.infraestruturameioambiente.sp.gov.br\/institutogeologico\/wp-json\/wp\/v2\/posts"}],"about":[{"href":"https:\/\/www.infraestruturameioambiente.sp.gov.br\/institutogeologico\/wp-json\/wp\/v2\/types\/post"}],"author":[{"embeddable":true,"href":"https:\/\/www.infraestruturameioambiente.sp.gov.br\/institutogeologico\/wp-json\/wp\/v2\/users\/25"}],"replies":[{"embeddable":true,"href":"https:\/\/www.infraestruturameioambiente.sp.gov.br\/institutogeologico\/wp-json\/wp\/v2\/comments?post=12345"}],"version-history":[{"count":4,"href":"https:\/\/www.infraestruturameioambiente.sp.gov.br\/institutogeologico\/wp-json\/wp\/v2\/posts\/12345\/revisions"}],"predecessor-version":[{"id":12375,"href":"https:\/\/www.infraestruturameioambiente.sp.gov.br\/institutogeologico\/wp-json\/wp\/v2\/posts\/12345\/revisions\/12375"}],"wp:featuredmedia":[{"embeddable":true,"href":"https:\/\/www.infraestruturameioambiente.sp.gov.br\/institutogeologico\/wp-json\/wp\/v2\/media\/12346"}],"wp:attachment":[{"href":"https:\/\/www.infraestruturameioambiente.sp.gov.br\/institutogeologico\/wp-json\/wp\/v2\/media?parent=12345"}],"wp:term":[{"taxonomy":"category","embeddable":true,"href":"https:\/\/www.infraestruturameioambiente.sp.gov.br\/institutogeologico\/wp-json\/wp\/v2\/categories?post=12345"},{"taxonomy":"post_tag","embeddable":true,"href":"https:\/\/www.infraestruturameioambiente.sp.gov.br\/institutogeologico\/wp-json\/wp\/v2\/tags?post=12345"}],"curies":[{"name":"wp","href":"https:\/\/api.w.org\/{rel}","templated":true}]}}