{"id":12315,"date":"2019-01-17T14:30:35","date_gmt":"2019-01-17T16:30:35","guid":{"rendered":"https:\/\/www.infraestruturameioambiente.sp.gov.br\/institutogeologico\/?p=12315"},"modified":"2019-01-17T15:26:30","modified_gmt":"2019-01-17T17:26:30","slug":"seminario-de-protecao-e-defesa-civil-aplicada-foi-realizado-no-palacio-dos-bandeirantes-pela-coordenadoria-estadual-de-protecao-e-defesa-civil","status":"publish","type":"post","link":"https:\/\/www.infraestruturameioambiente.sp.gov.br\/institutogeologico\/2019\/01\/seminario-de-protecao-e-defesa-civil-aplicada-foi-realizado-no-palacio-dos-bandeirantes-pela-coordenadoria-estadual-de-protecao-e-defesa-civil\/","title":{"rendered":"Semin\u00e1rio de Prote\u00e7\u00e3o e Defesa Civil Aplicada foi realizado no Pal\u00e1cio dos Bandeirantes pela Coordenadoria Estadual de Prote\u00e7\u00e3o e Defesa Civil"},"content":{"rendered":"<div class=\"wc-gallery\"><div id='gallery-1' data-gutter-width='5' data-columns='1' class='gallery wc-gallery-captions-onhover gallery-link-file gallery-masonry galleryid-12315 gallery-columns-1 gallery-size-thumbnail wc-gallery-bottomspace-default wc-gallery-clear'><div class='gallery-item gallery-item-position-1 gallery-item-attachment-12317'>\n\t\t\t\t<div class='gallery-icon landscape'>\n\t\t\t\t\t<a href='https:\/\/www.infraestruturameioambiente.sp.gov.br\/institutogeologico\/wp-content\/uploads\/sites\/233\/2019\/01\/Semi_PDC_Aplicada_01-600x600.jpg' title='Semi_PDC_Aplicada_01' target='_self'><img width=\"150\" height=\"150\" src=\"https:\/\/www.infraestruturameioambiente.sp.gov.br\/institutogeologico\/wp-content\/uploads\/sites\/233\/2019\/01\/Semi_PDC_Aplicada_01-150x150.jpg\" class=\"attachment-thumbnail size-thumbnail\" alt=\"\" decoding=\"async\" loading=\"lazy\" srcset=\"https:\/\/www.infraestruturameioambiente.sp.gov.br\/institutogeologico\/wp-content\/uploads\/sites\/233\/2019\/01\/Semi_PDC_Aplicada_01-150x150.jpg 150w, https:\/\/www.infraestruturameioambiente.sp.gov.br\/institutogeologico\/wp-content\/uploads\/sites\/233\/2019\/01\/Semi_PDC_Aplicada_01-600x600.jpg 600w\" sizes=\"(max-width: 150px) 100vw, 150px\" \/><\/a>\n\t\t\t\t<\/div>\n\t\t\t\t\t<div class='wp-caption-text gallery-caption'>\n\t\t\t\t\t\t<p>\n\t\t\t\t\t\tAbertura\n\t\t\t\t\t\t<\/p>\n\t\t\t\t\t<\/div><\/div><div class='gallery-item gallery-item-position-2 gallery-item-attachment-12318'>\n\t\t\t\t<div class='gallery-icon landscape'>\n\t\t\t\t\t<a href='https:\/\/www.infraestruturameioambiente.sp.gov.br\/institutogeologico\/wp-content\/uploads\/sites\/233\/2019\/01\/Semi_PDC_Aplicada_02-600x600.jpg' title='Semi_PDC_Aplicada_02' target='_self'><img width=\"150\" height=\"150\" src=\"https:\/\/www.infraestruturameioambiente.sp.gov.br\/institutogeologico\/wp-content\/uploads\/sites\/233\/2019\/01\/Semi_PDC_Aplicada_02-150x150.jpg\" class=\"attachment-thumbnail size-thumbnail\" alt=\"\" decoding=\"async\" loading=\"lazy\" srcset=\"https:\/\/www.infraestruturameioambiente.sp.gov.br\/institutogeologico\/wp-content\/uploads\/sites\/233\/2019\/01\/Semi_PDC_Aplicada_02-150x150.jpg 150w, https:\/\/www.infraestruturameioambiente.sp.gov.br\/institutogeologico\/wp-content\/uploads\/sites\/233\/2019\/01\/Semi_PDC_Aplicada_02-600x600.jpg 600w\" sizes=\"(max-width: 150px) 100vw, 150px\" \/><\/a>\n\t\t\t\t<\/div>\n\t\t\t\t\t<div class='wp-caption-text gallery-caption'>\n\t\t\t\t\t\t<p>\n\t\t\t\t\t\tNova Equipe CEPDEC\n\t\t\t\t\t\t<\/p>\n\t\t\t\t\t<\/div><\/div><div class='gallery-item gallery-item-position-3 gallery-item-attachment-12319'>\n\t\t\t\t<div class='gallery-icon landscape'>\n\t\t\t\t\t<a href='https:\/\/www.infraestruturameioambiente.sp.gov.br\/institutogeologico\/wp-content\/uploads\/sites\/233\/2019\/01\/Semi_PDC_Aplicada_03-600x600.jpg' title='Semi_PDC_Aplicada_03' target='_self'><img width=\"150\" height=\"150\" src=\"https:\/\/www.infraestruturameioambiente.sp.gov.br\/institutogeologico\/wp-content\/uploads\/sites\/233\/2019\/01\/Semi_PDC_Aplicada_03-150x150.jpg\" class=\"attachment-thumbnail size-thumbnail\" alt=\"\" decoding=\"async\" loading=\"lazy\" srcset=\"https:\/\/www.infraestruturameioambiente.sp.gov.br\/institutogeologico\/wp-content\/uploads\/sites\/233\/2019\/01\/Semi_PDC_Aplicada_03-150x150.jpg 150w, https:\/\/www.infraestruturameioambiente.sp.gov.br\/institutogeologico\/wp-content\/uploads\/sites\/233\/2019\/01\/Semi_PDC_Aplicada_03-600x600.jpg 600w\" sizes=\"(max-width: 150px) 100vw, 150px\" \/><\/a>\n\t\t\t\t<\/div>\n\t\t\t\t\t<div class='wp-caption-text gallery-caption'>\n\t\t\t\t\t\t<p>\n\t\t\t\t\t\tEduardo de Andrade\n\t\t\t\t\t\t<\/p>\n\t\t\t\t\t<\/div><\/div><div class='gallery-item gallery-item-position-4 gallery-item-attachment-12320'>\n\t\t\t\t<div class='gallery-icon landscape'>\n\t\t\t\t\t<a href='https:\/\/www.infraestruturameioambiente.sp.gov.br\/institutogeologico\/wp-content\/uploads\/sites\/233\/2019\/01\/Semi_PDC_Aplicada_04-600x600.jpg' title='Semi_PDC_Aplicada_04' target='_self'><img width=\"150\" height=\"150\" src=\"https:\/\/www.infraestruturameioambiente.sp.gov.br\/institutogeologico\/wp-content\/uploads\/sites\/233\/2019\/01\/Semi_PDC_Aplicada_04-150x150.jpg\" class=\"attachment-thumbnail size-thumbnail\" alt=\"\" decoding=\"async\" loading=\"lazy\" srcset=\"https:\/\/www.infraestruturameioambiente.sp.gov.br\/institutogeologico\/wp-content\/uploads\/sites\/233\/2019\/01\/Semi_PDC_Aplicada_04-150x150.jpg 150w, https:\/\/www.infraestruturameioambiente.sp.gov.br\/institutogeologico\/wp-content\/uploads\/sites\/233\/2019\/01\/Semi_PDC_Aplicada_04-600x600.jpg 600w\" sizes=\"(max-width: 150px) 100vw, 150px\" \/><\/a>\n\t\t\t\t<\/div>\n\t\t\t\t\t<div class='wp-caption-text gallery-caption'>\n\t\t\t\t\t\t<p>\n\t\t\t\t\t\tCertificado\n\t\t\t\t\t\t<\/p>\n\t\t\t\t\t<\/div><\/div><\/div>\n<\/div>\n<p style=\"text-align: justify\">Na manh\u00e3 de ontem, dia 16 de janeiro de 2019, a Coordenadoria Estadual de Prote\u00e7\u00e3o e Defesa Civil (CEPDEC) realizou o <em>\u201cSemin\u00e1rio de Prote\u00e7\u00e3o e Defesa Civil Aplicada\u201d<\/em> o primeiro evento do ano de 2019 para a capacita\u00e7\u00e3o dos membros das defesas civis das cidades do Estado de S\u00e3o Paulo. Varias cidades estiveram presente, demostrando o interesse na melhoria do atendimento \u00e0 comunidade de suas cidades.<\/p>\n<p style=\"text-align: justify\">O evento contou com a presen\u00e7a de autoridades que foram recebidos pelo Secret\u00e1rio-Chefe da Casa Militar e Coordenador Estadual de Prote\u00e7\u00e3o e Defesa Civil, Coronel PM Walter Nyakas J\u00fanior. Dentre as autoridades presentes estava o Deputado Federal eleito, Cap. PM Derrite, que se comprometeu discutir o tema dos desastres naturais na C\u00e2mara dos Deputados. O Presidente Executivo do Fundo Social de S\u00e3o Paulo (FUSSP), Filipe Sabar\u00e1, o Diretor de Opera\u00e7\u00f5es de Socorro em Desastres da Secretaria Nacional de Prote\u00e7\u00e3o e Defesa Civil (SEDEC\/MI), Armin Augusto Braun, o Diretor do Departamento de Opera\u00e7\u00f5es de Socorro em Desastres do Centro Nacional de Monitoramento e Alertas de Desastres Naturais (CEMADEN), Osvaldo Luiz Leal de Moraes que representam parceiros que auxiliam a Defesa Civil os atendimentos quando eventos acontecem nos munic\u00edpios. \u00a0Os representantes da Defesa Civil na abertura do evento foram a Coordenadora Regional de Prote\u00e7\u00e3o e Defesa Civil da Baixada Santista, Regina Elsa Ara\u00fajo e o Subsecret\u00e1rio de Prote\u00e7\u00e3o e Defesa Civil, Major PM Henguel Ricardo Pereira.<\/p>\n<p style=\"text-align: justify\">Durante o semin\u00e1rio os participantes escutaram palestras sobre temas pertinentes \u00e0 Defesa Civil pelos t\u00e9cnicos e pesquisadores dos institutos auxiliares \u00e0 Defesa Civil \u2013 o Instituto Geol\u00f3gico (IG) e o Instituto de Pesquisas Tecnol\u00f3gicas (IPT), que preparam, auxiliam, e ajudam os integrantes da defesa civil ao atendimento das demandas ocorridas durante os eventos.<\/p>\n<p style=\"text-align: justify\">O tema sobre meteorologia, formas de preven\u00e7\u00e3o, alertas e monitoramento foram passados pelos representantes da SOMAR Meteorologia Michelle Harumi Nakamine e do CEMANDEN Diego Souza.<\/p>\n<p style=\"text-align: justify\">T\u00e9cnicas de vistorias de campo, atendimento \u00e0 eventos, an\u00e1lise das ocorr\u00eancias e formas de preven\u00e7\u00e3o e remedia\u00e7\u00e3o das ocorr\u00eancias foram tratadas nas apresenta\u00e7\u00f5es do Especialista Ambiental Eduardo de Andrade do IG e do Ge\u00f3logo Marcelo Gramani do IPT. As quest\u00f5es t\u00e9cnicas sobre as inscri\u00e7\u00f5es dos munic\u00edpios para os repasses federais, atendimento e gest\u00e3o dos sistemas \u2013 federal e estadual \u2013 da defesa civil para suporte aos munic\u00edpios foram repassadas pelo Capit\u00e3o PM Marcelo Vieira dos Santos representando a CEPDEC e o Diretor do Departamento de Opera\u00e7\u00f5es de Socorro em Desastres do CEMADEN Armin Augusto Braun.<\/p>\n<p style=\"text-align: justify\">Houve o comprometimento do Secret\u00e1rio-Chefe da Casa Militar e Coordenador Estadual de Prote\u00e7\u00e3o e Defesa Civil, Coronel PM Walter Nyakas J\u00fanior para uma melhor capacita\u00e7\u00e3o dos t\u00e9cnicos com cursos, semin\u00e1rios e total auxilio para com os integrantes municipais da defesa civil, al\u00e9m do convite para o <a href=\"http:\/\/www.defesacivil.sp.gov.br\/?p=6421\">1\u00ba Simulado de Abandono Emergencial de \u00c1rea<\/a> que ocorrer\u00e1 no Munic\u00edpio de S\u00e3o Luiz do Paraitinga \u2013 Distrito de Catu\u00e7aba, dia 19 de janeiro de 2019, com o objetivo de preparar a comunidade para as ocorr\u00eancias t\u00edpicas do per\u00edodo de ver\u00e3o.<\/p>\n","protected":false},"excerpt":{"rendered":"<p>Na manh\u00e3 de ontem, dia 16 de janeiro de 2019, a Coordenadoria Estadual de Prote\u00e7\u00e3o e Defesa Civil (CEPDEC) realizou o \u201cSemin\u00e1rio de Prote\u00e7\u00e3o e Defesa Civil Aplicada\u201d o primeiro evento do ano de 2019 para a capacita\u00e7\u00e3o dos membros das defesas civis das cidades do Estado de S\u00e3o Paulo. Varias cidades estiveram presente, demostrando [&hellip;]<\/p>\n","protected":false},"author":25,"featured_media":12316,"comment_status":"closed","ping_status":"open","sticky":false,"template":"","format":"standard","meta":[],"categories":[1852,1850],"tags":[],"_links":{"self":[{"href":"https:\/\/www.infraestruturameioambiente.sp.gov.br\/institutogeologico\/wp-json\/wp\/v2\/posts\/12315"}],"collection":[{"href":"https:\/\/www.infraestruturameioambiente.sp.gov.br\/institutogeologico\/wp-json\/wp\/v2\/posts"}],"about":[{"href":"https:\/\/www.infraestruturameioambiente.sp.gov.br\/institutogeologico\/wp-json\/wp\/v2\/types\/post"}],"author":[{"embeddable":true,"href":"https:\/\/www.infraestruturameioambiente.sp.gov.br\/institutogeologico\/wp-json\/wp\/v2\/users\/25"}],"replies":[{"embeddable":true,"href":"https:\/\/www.infraestruturameioambiente.sp.gov.br\/institutogeologico\/wp-json\/wp\/v2\/comments?post=12315"}],"version-history":[{"count":2,"href":"https:\/\/www.infraestruturameioambiente.sp.gov.br\/institutogeologico\/wp-json\/wp\/v2\/posts\/12315\/revisions"}],"predecessor-version":[{"id":12322,"href":"https:\/\/www.infraestruturameioambiente.sp.gov.br\/institutogeologico\/wp-json\/wp\/v2\/posts\/12315\/revisions\/12322"}],"wp:featuredmedia":[{"embeddable":true,"href":"https:\/\/www.infraestruturameioambiente.sp.gov.br\/institutogeologico\/wp-json\/wp\/v2\/media\/12316"}],"wp:attachment":[{"href":"https:\/\/www.infraestruturameioambiente.sp.gov.br\/institutogeologico\/wp-json\/wp\/v2\/media?parent=12315"}],"wp:term":[{"taxonomy":"category","embeddable":true,"href":"https:\/\/www.infraestruturameioambiente.sp.gov.br\/institutogeologico\/wp-json\/wp\/v2\/categories?post=12315"},{"taxonomy":"post_tag","embeddable":true,"href":"https:\/\/www.infraestruturameioambiente.sp.gov.br\/institutogeologico\/wp-json\/wp\/v2\/tags?post=12315"}],"curies":[{"name":"wp","href":"https:\/\/api.w.org\/{rel}","templated":true}]}}