{"id":12313,"date":"2019-01-11T08:20:03","date_gmt":"2019-01-11T10:20:03","guid":{"rendered":"https:\/\/www.infraestruturameioambiente.sp.gov.br\/institutogeologico\/?p=12313"},"modified":"2019-01-11T08:20:03","modified_gmt":"2019-01-11T10:20:03","slug":"disponiveis-os-novos-volumes-da-revista-do-instituto-geologico","status":"publish","type":"post","link":"https:\/\/www.infraestruturameioambiente.sp.gov.br\/institutogeologico\/2019\/01\/disponiveis-os-novos-volumes-da-revista-do-instituto-geologico\/","title":{"rendered":"Dispon\u00edveis os novos volumes da Revista do Instituto Geol\u00f3gico"},"content":{"rendered":"<p style=\"text-align: justify\"><img decoding=\"async\" loading=\"lazy\" class=\"alignleft size-medium wp-image-9594\" src=\"https:\/\/www.infraestruturameioambiente.sp.gov.br\/wp-content\/uploads\/sites\/233\/2015\/03\/revistaIG-211x300.jpg\" alt=\"\" width=\"211\" height=\"300\" srcset=\"https:\/\/www.infraestruturameioambiente.sp.gov.br\/institutogeologico\/wp-content\/uploads\/sites\/233\/2015\/03\/revistaIG-211x300.jpg 211w, https:\/\/www.infraestruturameioambiente.sp.gov.br\/institutogeologico\/wp-content\/uploads\/sites\/233\/2015\/03\/revistaIG-190x270.jpg 190w, https:\/\/www.infraestruturameioambiente.sp.gov.br\/institutogeologico\/wp-content\/uploads\/sites\/233\/2015\/03\/revistaIG-109x155.jpg 109w, https:\/\/www.infraestruturameioambiente.sp.gov.br\/institutogeologico\/wp-content\/uploads\/sites\/233\/2015\/03\/revistaIG-68x97.jpg 68w, https:\/\/www.infraestruturameioambiente.sp.gov.br\/institutogeologico\/wp-content\/uploads\/sites\/233\/2015\/03\/revistaIG-47x68.jpg 47w, https:\/\/www.infraestruturameioambiente.sp.gov.br\/institutogeologico\/wp-content\/uploads\/sites\/233\/2015\/03\/revistaIG-141x201.jpg 141w, https:\/\/www.infraestruturameioambiente.sp.gov.br\/institutogeologico\/wp-content\/uploads\/sites\/233\/2015\/03\/revistaIG-91x129.jpg 91w, https:\/\/www.infraestruturameioambiente.sp.gov.br\/institutogeologico\/wp-content\/uploads\/sites\/233\/2015\/03\/revistaIG-69x99.jpg 69w, https:\/\/www.infraestruturameioambiente.sp.gov.br\/institutogeologico\/wp-content\/uploads\/sites\/233\/2015\/03\/revistaIG-49x70.jpg 49w, https:\/\/www.infraestruturameioambiente.sp.gov.br\/institutogeologico\/wp-content\/uploads\/sites\/233\/2015\/03\/revistaIG.jpg 618w\" sizes=\"(max-width: 211px) 100vw, 211px\" \/>A Revista do Instituto Geol\u00f3gico &#8211; IG \u00e9 de acesso aberto, e publica artigos relacionados \u00e0s Geoci\u00eancias e \u00e1reas correlatas, in\u00e9ditos e originais, de car\u00e1ter cient\u00edfico ou tecnol\u00f3gico. Destina-se tamb\u00e9m \u00e0 publica\u00e7\u00e3o de revis\u00f5es, notas pr\u00e9vias, coment\u00e1rios, cr\u00edticas e r\u00e9plicas de artigos de temas ligados \u00e0s Geoci\u00eancias. A partir de 1980, a Revista d\u00e1 sequ\u00eancia ao peri\u00f3dico do Instituto Geogr\u00e1fico e Geol\u00f3gico, o I.G.G. (1943-1968), e aos boletins cient\u00edficos da Comiss\u00e3o Geogr\u00e1fica e Geol\u00f3gica do Estado de S\u00e3o Paulo, editados desde 1889.\u00a0A Revista est\u00e1 indexada em bases nacionais e internacionais, tais como:\u00a0 SCOPUS, GeoRef, Latindex, Zoological Record, Peri\u00f3dicos CAPES, Portal de Peri\u00f3dicos Eletr\u00f4nicos em Geoci\u00eancias &#8211; PPeGeo. Nesse ano, a Revista do IG completa 39 anos de exist\u00eancia.<\/p>\n<p style=\"text-align: justify\">Acesse os volumes da revista 39(1) e 39(2) e os demais volumes da cole\u00e7\u00e3o no Portal de Peri\u00f3dicos Eletr\u00f4nicos em Geoci\u00eancias &#8211; PPEGeo, no link:<\/p>\n<p style=\"text-align: justify\"><a href=\"http:\/\/www.ppegeo.igc.usp.br\/index.php\/rig\/index\">http:\/\/www.ppegeo.igc.usp.br\/index.php\/rig\/index<\/a><\/p>\n<p style=\"text-align: justify\">Convidamos todos os colegas a submeterem artigos cient\u00edficos para a Revista do Instituto Geol\u00f3gico.<\/p>\n<p style=\"text-align: justify\">Atenciosamente,<\/p>\n<p style=\"text-align: justify\">O Corpo Editorial<\/p>\n<p style=\"text-align: justify\"><strong>Sum\u00e1rio do volume 39(1):<\/strong><\/p>\n<ul style=\"text-align: justify\">\n<li><a href=\"http:\/\/ppegeo.igc.usp.br\/index.php\/rig\/article\/view\/12209\">O Ciclo das Rochas do Antropoceno: inserindo a ag\u00eancia humana no Sistema-Terra<\/a>, Alex Ubiratan Goossens Peloggi<\/li>\n<li><a href=\"http:\/\/ppegeo.igc.usp.br\/index.php\/rig\/article\/view\/12210\">Caracteriza\u00e7\u00e3o das rochas da Forma\u00e7\u00e3o Estrada Nova como mat\u00e9ria-prima cer\u00e2mica no Estado de S\u00e3o Paulo, Brasil<\/a>, Sergio Ricardo Christofoletti, Rogers Raphael da Rocha<\/li>\n<li><a href=\"http:\/\/ppegeo.igc.usp.br\/index.php\/rig\/article\/view\/12211\">Aplica\u00e7\u00e3o da an\u00e1lise isot\u00f3pica de composto espec\u00edfico (T\u00e9cnica CSIA) em per\u00edcias ambientais para distinguir diferentes fontes de contamina\u00e7\u00e3o<\/a>, Luiz Guilherme Poggio Teixeira, Ana Elisa Silva de Abreu<\/li>\n<li><a href=\"http:\/\/ppegeo.igc.usp.br\/index.php\/rig\/article\/view\/12212\">A prop\u00f3sito de modelos espaciais-temporais dos regimes naturais de geossistemas<\/a>, Valerian A. Snytko<\/li>\n<\/ul>\n<p style=\"text-align: justify\"><strong>Sum\u00e1rio do volume 39(2):<\/strong><\/p>\n<ul>\n<li style=\"text-align: justify\"><a href=\"http:\/\/ppegeo.igc.usp.br\/index.php\/rig\/article\/view\/12675\">Classifica\u00e7\u00e3o e mapeamento geol\u00f3gico de terrenos Tecnog\u00eanicos (artificiais): uma an\u00e1lise comparativa<\/a>, Alex Ubiratan Goossens Peloggia<\/li>\n<li style=\"text-align: justify\"><a href=\"http:\/\/ppegeo.igc.usp.br\/index.php\/rig\/article\/view\/12676\">Legisla\u00e7\u00e3o ambiental brasileira e geoconserva\u00e7\u00e3o: an\u00e1lise comparativa Do enquadramento legal no Brasil, Portugal e Espanha<\/a>, Magda Wolemberg da Silva Ferreira, Jos\u00e9 Bernardo Rodrigues Brilha, Adriana Ponce Coelho Cer\u00e2ntola<\/li>\n<li style=\"text-align: justify\"><a href=\"http:\/\/ppegeo.igc.usp.br\/index.php\/rig\/article\/view\/12677\">Hist\u00f3rico das pesquisas sobre solos at\u00e9 meados do s\u00e9culo XX, com \u00eanfase no Brasil<\/a>, Carlos Roberto Espindola<\/li>\n<li style=\"text-align: justify\"><a href=\"http:\/\/ppegeo.igc.usp.br\/index.php\/rig\/article\/view\/12678\">M\u00e9todos de remo\u00e7\u00e3o de \u00edons fluoreto em \u00e1gua<\/a>, Mirian Chieko Shinzato, Sibele Ezaki, \u00cdsis Cristina Garcia Saraiva, Gabriela Baptista Girard<\/li>\n<li style=\"text-align: justify\"><a href=\"http:\/\/ppegeo.igc.usp.br\/index.php\/rig\/article\/view\/12679\">\u201cNovas transforma\u00e7\u00f5es espantosas \u2013 o estrato geol\u00f3gico Humano redescoberto\u201d: promovendo o di\u00e1logo entre arte e o Antropoceno.<\/a> Alex Ubiratan Goossens Peloggia<\/li>\n<\/ul>\n","protected":false},"excerpt":{"rendered":"<p>A Revista do Instituto Geol\u00f3gico &#8211; IG \u00e9 de acesso aberto, e publica artigos relacionados \u00e0s Geoci\u00eancias e \u00e1reas correlatas, in\u00e9ditos e originais, de car\u00e1ter cient\u00edfico ou tecnol\u00f3gico. Destina-se tamb\u00e9m \u00e0 publica\u00e7\u00e3o de revis\u00f5es, notas pr\u00e9vias, coment\u00e1rios, cr\u00edticas e r\u00e9plicas de artigos de temas ligados \u00e0s Geoci\u00eancias. A partir de 1980, a Revista d\u00e1 sequ\u00eancia [&hellip;]<\/p>\n","protected":false},"author":25,"featured_media":10509,"comment_status":"closed","ping_status":"open","sticky":false,"template":"","format":"standard","meta":[],"categories":[1852,1850],"tags":[],"_links":{"self":[{"href":"https:\/\/www.infraestruturameioambiente.sp.gov.br\/institutogeologico\/wp-json\/wp\/v2\/posts\/12313"}],"collection":[{"href":"https:\/\/www.infraestruturameioambiente.sp.gov.br\/institutogeologico\/wp-json\/wp\/v2\/posts"}],"about":[{"href":"https:\/\/www.infraestruturameioambiente.sp.gov.br\/institutogeologico\/wp-json\/wp\/v2\/types\/post"}],"author":[{"embeddable":true,"href":"https:\/\/www.infraestruturameioambiente.sp.gov.br\/institutogeologico\/wp-json\/wp\/v2\/users\/25"}],"replies":[{"embeddable":true,"href":"https:\/\/www.infraestruturameioambiente.sp.gov.br\/institutogeologico\/wp-json\/wp\/v2\/comments?post=12313"}],"version-history":[{"count":1,"href":"https:\/\/www.infraestruturameioambiente.sp.gov.br\/institutogeologico\/wp-json\/wp\/v2\/posts\/12313\/revisions"}],"predecessor-version":[{"id":12314,"href":"https:\/\/www.infraestruturameioambiente.sp.gov.br\/institutogeologico\/wp-json\/wp\/v2\/posts\/12313\/revisions\/12314"}],"wp:featuredmedia":[{"embeddable":true,"href":"https:\/\/www.infraestruturameioambiente.sp.gov.br\/institutogeologico\/wp-json\/wp\/v2\/media\/10509"}],"wp:attachment":[{"href":"https:\/\/www.infraestruturameioambiente.sp.gov.br\/institutogeologico\/wp-json\/wp\/v2\/media?parent=12313"}],"wp:term":[{"taxonomy":"category","embeddable":true,"href":"https:\/\/www.infraestruturameioambiente.sp.gov.br\/institutogeologico\/wp-json\/wp\/v2\/categories?post=12313"},{"taxonomy":"post_tag","embeddable":true,"href":"https:\/\/www.infraestruturameioambiente.sp.gov.br\/institutogeologico\/wp-json\/wp\/v2\/tags?post=12313"}],"curies":[{"name":"wp","href":"https:\/\/api.w.org\/{rel}","templated":true}]}}