{"id":12307,"date":"2018-12-10T07:00:03","date_gmt":"2018-12-10T09:00:03","guid":{"rendered":"https:\/\/www.infraestruturameioambiente.sp.gov.br\/institutogeologico\/?p=12307"},"modified":"2018-12-07T16:56:15","modified_gmt":"2018-12-07T18:56:15","slug":"vice-diretores-do-ig-visitam-museu-florestal-do-if-na-entrega-da-restauracao-do-painel-que-representa-a-chegada-de-martin-afonso-no-litoral-de-sao-vicente","status":"publish","type":"post","link":"https:\/\/www.infraestruturameioambiente.sp.gov.br\/institutogeologico\/2018\/12\/vice-diretores-do-ig-visitam-museu-florestal-do-if-na-entrega-da-restauracao-do-painel-que-representa-a-chegada-de-martin-afonso-no-litoral-de-sao-vicente\/","title":{"rendered":"Vice-diretores do IG visitam Museu Florestal do IF na entrega da restaura\u00e7\u00e3o do painel que representa a chegada de Martin Afonso no litoral de S\u00e3o Vicente"},"content":{"rendered":"<div class=\"wc-gallery\"><div id='gallery-1' data-gutter-width='5' data-columns='1' class='gallery wc-gallery-captions-onhover gallery-link-file gallery-masonry galleryid-12307 gallery-columns-1 gallery-size-thumbnail wc-gallery-bottomspace-default wc-gallery-clear'><div class='gallery-item gallery-item-position-1 gallery-item-attachment-12309'>\n\t\t\t\t<div class='gallery-icon landscape'>\n\t\t\t\t\t<a href='https:\/\/www.infraestruturameioambiente.sp.gov.br\/institutogeologico\/wp-content\/uploads\/sites\/233\/2018\/12\/Painel_IF_01-600x600.jpg' title='Painel_IF_01' target='_self'><img width=\"150\" height=\"150\" src=\"https:\/\/www.infraestruturameioambiente.sp.gov.br\/institutogeologico\/wp-content\/uploads\/sites\/233\/2018\/12\/Painel_IF_01-150x150.jpg\" class=\"attachment-thumbnail size-thumbnail\" alt=\"\" decoding=\"async\" loading=\"lazy\" srcset=\"https:\/\/www.infraestruturameioambiente.sp.gov.br\/institutogeologico\/wp-content\/uploads\/sites\/233\/2018\/12\/Painel_IF_01-150x150.jpg 150w, https:\/\/www.infraestruturameioambiente.sp.gov.br\/institutogeologico\/wp-content\/uploads\/sites\/233\/2018\/12\/Painel_IF_01-600x600.jpg 600w\" sizes=\"(max-width: 150px) 100vw, 150px\" \/><\/a>\n\t\t\t\t<\/div><\/div><div class='gallery-item gallery-item-position-2 gallery-item-attachment-12310'>\n\t\t\t\t<div class='gallery-icon portrait'>\n\t\t\t\t\t<a href='https:\/\/www.infraestruturameioambiente.sp.gov.br\/institutogeologico\/wp-content\/uploads\/sites\/233\/2018\/12\/Painel_IF_02-600x800.jpg' title='Painel_IF_02' target='_self'><img width=\"150\" height=\"150\" src=\"https:\/\/www.infraestruturameioambiente.sp.gov.br\/institutogeologico\/wp-content\/uploads\/sites\/233\/2018\/12\/Painel_IF_02-150x150.jpg\" class=\"attachment-thumbnail size-thumbnail\" alt=\"\" decoding=\"async\" loading=\"lazy\" \/><\/a>\n\t\t\t\t<\/div><\/div><\/div>\n<\/div>\n<p style=\"text-align: justify\">Na \u00faltima sexta-feira, dia 30 de novembro de 2018, os Diretores Substitutos do IG, Rosangela do Amaral e Renato Tavares, estiveram presentes na cerim\u00f4nia de entrega da obra restaurada do artista Helios Seelinger, no Museu Florestal do Oct\u00e1vio Vecchi, no Horto Florestal, em S\u00e3o Paulo\/SP.<\/p>\n<p style=\"text-align: justify\">O painel em \u00f3leo sobre tela que representa a chegada de Martin Afonso no litoral de S\u00e3o Vicente comp\u00f5e um tr\u00edptico com outras duas telas que representam epis\u00f3dios da hist\u00f3ria de S\u00e3o Paulo. O trabalho \u00e9 resultado de parceria entre o Instituto Florestal (IF), o Museu de Arte Sacra de S\u00e3o Paulo (MAS) e o N\u00facleo de Artes Conserva\u00e7\u00e3o e Restaura\u00e7\u00e3o (NAR), do Rio de Janeiro.<\/p>\n<p style=\"text-align: justify\">Tamb\u00e9m estiveram presentes no evento o secretario estadual do Meio Ambiente, Eduardo Trani, o diretor geral do Instituto Florestal, Lu\u00eds Alberto Bucci, e o coronel C\u00e1ssio de Almeida, representando o comando da Pol\u00edcia Ambiental.<\/p>\n<p>Saiba mais: <a href=\"https:\/\/www.ambiente.sp.gov.br\/2018\/11\/painel-restaurado-volta-a-compor-obra-do-artista-helio-seelinger\/\">https:\/\/www.ambiente.sp.gov.br\/2018\/11\/painel-restaurado-volta-a-compor-obra-do-artista-helio-seelinger\/<\/a><\/p>\n<p><a href=\"http:\/\/iflorestal.sp.gov.br\/2018\/12\/03\/grande-painel-em-oleo-sobre-tela-e-restaurado-no-museu-florestal\/\">http:\/\/iflorestal.sp.gov.br\/2018\/12\/03\/grande-painel-em-oleo-sobre-tela-e-restaurado-no-museu-florestal\/<\/a><\/p>\n","protected":false},"excerpt":{"rendered":"<p>Na \u00faltima sexta-feira, dia 30 de novembro de 2018, os Diretores Substitutos do IG, Rosangela do Amaral e Renato Tavares, estiveram presentes na cerim\u00f4nia de entrega da obra restaurada do artista Helios Seelinger, no Museu Florestal do Oct\u00e1vio Vecchi, no Horto Florestal, em S\u00e3o Paulo\/SP. O painel em \u00f3leo sobre tela que representa a chegada [&hellip;]<\/p>\n","protected":false},"author":25,"featured_media":12308,"comment_status":"closed","ping_status":"open","sticky":false,"template":"","format":"standard","meta":[],"categories":[1852,1850],"tags":[],"_links":{"self":[{"href":"https:\/\/www.infraestruturameioambiente.sp.gov.br\/institutogeologico\/wp-json\/wp\/v2\/posts\/12307"}],"collection":[{"href":"https:\/\/www.infraestruturameioambiente.sp.gov.br\/institutogeologico\/wp-json\/wp\/v2\/posts"}],"about":[{"href":"https:\/\/www.infraestruturameioambiente.sp.gov.br\/institutogeologico\/wp-json\/wp\/v2\/types\/post"}],"author":[{"embeddable":true,"href":"https:\/\/www.infraestruturameioambiente.sp.gov.br\/institutogeologico\/wp-json\/wp\/v2\/users\/25"}],"replies":[{"embeddable":true,"href":"https:\/\/www.infraestruturameioambiente.sp.gov.br\/institutogeologico\/wp-json\/wp\/v2\/comments?post=12307"}],"version-history":[{"count":1,"href":"https:\/\/www.infraestruturameioambiente.sp.gov.br\/institutogeologico\/wp-json\/wp\/v2\/posts\/12307\/revisions"}],"predecessor-version":[{"id":12311,"href":"https:\/\/www.infraestruturameioambiente.sp.gov.br\/institutogeologico\/wp-json\/wp\/v2\/posts\/12307\/revisions\/12311"}],"wp:featuredmedia":[{"embeddable":true,"href":"https:\/\/www.infraestruturameioambiente.sp.gov.br\/institutogeologico\/wp-json\/wp\/v2\/media\/12308"}],"wp:attachment":[{"href":"https:\/\/www.infraestruturameioambiente.sp.gov.br\/institutogeologico\/wp-json\/wp\/v2\/media?parent=12307"}],"wp:term":[{"taxonomy":"category","embeddable":true,"href":"https:\/\/www.infraestruturameioambiente.sp.gov.br\/institutogeologico\/wp-json\/wp\/v2\/categories?post=12307"},{"taxonomy":"post_tag","embeddable":true,"href":"https:\/\/www.infraestruturameioambiente.sp.gov.br\/institutogeologico\/wp-json\/wp\/v2\/tags?post=12307"}],"curies":[{"name":"wp","href":"https:\/\/api.w.org\/{rel}","templated":true}]}}