{"id":12002,"date":"2018-02-21T07:00:43","date_gmt":"2018-02-21T10:00:43","guid":{"rendered":"https:\/\/www.infraestruturameioambiente.sp.gov.br\/institutogeologico\/?p=12002"},"modified":"2018-02-20T11:12:18","modified_gmt":"2018-02-20T14:12:18","slug":"analise-de-risco-emergencial-e-realizada-em-20-pontos-em-sao-sebastiao-e-ilhabela-apos-fortes-chuvas-atingirem-a-regiao","status":"publish","type":"post","link":"https:\/\/www.infraestruturameioambiente.sp.gov.br\/institutogeologico\/2018\/02\/analise-de-risco-emergencial-e-realizada-em-20-pontos-em-sao-sebastiao-e-ilhabela-apos-fortes-chuvas-atingirem-a-regiao\/","title":{"rendered":"An\u00e1lise de risco emergencial \u00e9 realizada em 20 pontos em S\u00e3o Sebasti\u00e3o e Ilhabela ap\u00f3s fortes chuvas atingirem a regi\u00e3o"},"content":{"rendered":"<div class=\"wc-gallery\"><div id='gallery-1' data-gutter-width='5' data-columns='1' class='gallery wc-gallery-captions-onhover gallery-link-file gallery-masonry galleryid-12002 gallery-columns-1 gallery-size-thumbnail wc-gallery-bottomspace-default wc-gallery-clear'><div class='gallery-item gallery-item-position-1 gallery-item-attachment-12004'>\n\t\t\t\t<div class='gallery-icon landscape'>\n\t\t\t\t\t<a href='https:\/\/www.infraestruturameioambiente.sp.gov.br\/institutogeologico\/wp-content\/uploads\/sites\/233\/2018\/02\/Sao_Seb_Ilhabela_01-600x600.jpg' title='Sao_Seb_Ilhabela_01' target='_self'><img width=\"150\" height=\"150\" src=\"https:\/\/www.infraestruturameioambiente.sp.gov.br\/institutogeologico\/wp-content\/uploads\/sites\/233\/2018\/02\/Sao_Seb_Ilhabela_01-150x150.jpg\" class=\"attachment-thumbnail size-thumbnail\" alt=\"\" decoding=\"async\" loading=\"lazy\" srcset=\"https:\/\/www.infraestruturameioambiente.sp.gov.br\/institutogeologico\/wp-content\/uploads\/sites\/233\/2018\/02\/Sao_Seb_Ilhabela_01-150x150.jpg 150w, https:\/\/www.infraestruturameioambiente.sp.gov.br\/institutogeologico\/wp-content\/uploads\/sites\/233\/2018\/02\/Sao_Seb_Ilhabela_01-600x600.jpg 600w\" sizes=\"(max-width: 150px) 100vw, 150px\" \/><\/a>\n\t\t\t\t<\/div><\/div><div class='gallery-item gallery-item-position-2 gallery-item-attachment-12005'>\n\t\t\t\t<div class='gallery-icon landscape'>\n\t\t\t\t\t<a href='https:\/\/www.infraestruturameioambiente.sp.gov.br\/institutogeologico\/wp-content\/uploads\/sites\/233\/2018\/02\/Sao_Seb_Ilhabela_02-600x600.jpg' title='Sao_Seb_Ilhabela_02' target='_self'><img width=\"150\" height=\"150\" src=\"https:\/\/www.infraestruturameioambiente.sp.gov.br\/institutogeologico\/wp-content\/uploads\/sites\/233\/2018\/02\/Sao_Seb_Ilhabela_02-150x150.jpg\" class=\"attachment-thumbnail size-thumbnail\" alt=\"\" decoding=\"async\" loading=\"lazy\" srcset=\"https:\/\/www.infraestruturameioambiente.sp.gov.br\/institutogeologico\/wp-content\/uploads\/sites\/233\/2018\/02\/Sao_Seb_Ilhabela_02-150x150.jpg 150w, https:\/\/www.infraestruturameioambiente.sp.gov.br\/institutogeologico\/wp-content\/uploads\/sites\/233\/2018\/02\/Sao_Seb_Ilhabela_02-600x600.jpg 600w\" sizes=\"(max-width: 150px) 100vw, 150px\" \/><\/a>\n\t\t\t\t<\/div><\/div><div class='gallery-item gallery-item-position-3 gallery-item-attachment-12006'>\n\t\t\t\t<div class='gallery-icon landscape'>\n\t\t\t\t\t<a href='https:\/\/www.infraestruturameioambiente.sp.gov.br\/institutogeologico\/wp-content\/uploads\/sites\/233\/2018\/02\/Sao_Seb_Ilhabela_03-600x600.jpg' title='Sao_Seb_Ilhabela_03' target='_self'><img width=\"150\" height=\"150\" src=\"https:\/\/www.infraestruturameioambiente.sp.gov.br\/institutogeologico\/wp-content\/uploads\/sites\/233\/2018\/02\/Sao_Seb_Ilhabela_03-150x150.jpg\" class=\"attachment-thumbnail size-thumbnail\" alt=\"\" decoding=\"async\" loading=\"lazy\" srcset=\"https:\/\/www.infraestruturameioambiente.sp.gov.br\/institutogeologico\/wp-content\/uploads\/sites\/233\/2018\/02\/Sao_Seb_Ilhabela_03-150x150.jpg 150w, https:\/\/www.infraestruturameioambiente.sp.gov.br\/institutogeologico\/wp-content\/uploads\/sites\/233\/2018\/02\/Sao_Seb_Ilhabela_03-600x600.jpg 600w\" sizes=\"(max-width: 150px) 100vw, 150px\" \/><\/a>\n\t\t\t\t<\/div><\/div><div class='gallery-item gallery-item-position-4 gallery-item-attachment-12007'>\n\t\t\t\t<div class='gallery-icon landscape'>\n\t\t\t\t\t<a href='https:\/\/www.infraestruturameioambiente.sp.gov.br\/institutogeologico\/wp-content\/uploads\/sites\/233\/2018\/02\/Sao_Seb_Ilhabela_04-600x600.jpg' title='Sao_Seb_Ilhabela_04' target='_self'><img width=\"150\" height=\"150\" src=\"https:\/\/www.infraestruturameioambiente.sp.gov.br\/institutogeologico\/wp-content\/uploads\/sites\/233\/2018\/02\/Sao_Seb_Ilhabela_04-150x150.jpg\" class=\"attachment-thumbnail size-thumbnail\" alt=\"\" decoding=\"async\" loading=\"lazy\" srcset=\"https:\/\/www.infraestruturameioambiente.sp.gov.br\/institutogeologico\/wp-content\/uploads\/sites\/233\/2018\/02\/Sao_Seb_Ilhabela_04-150x150.jpg 150w, https:\/\/www.infraestruturameioambiente.sp.gov.br\/institutogeologico\/wp-content\/uploads\/sites\/233\/2018\/02\/Sao_Seb_Ilhabela_04-600x600.jpg 600w\" sizes=\"(max-width: 150px) 100vw, 150px\" \/><\/a>\n\t\t\t\t<\/div><\/div><div class='gallery-item gallery-item-position-5 gallery-item-attachment-12008'>\n\t\t\t\t<div class='gallery-icon landscape'>\n\t\t\t\t\t<a href='https:\/\/www.infraestruturameioambiente.sp.gov.br\/institutogeologico\/wp-content\/uploads\/sites\/233\/2018\/02\/Sao_Seb_Ilhabela_05-600x600.jpg' title='Sao_Seb_Ilhabela_05' target='_self'><img width=\"150\" height=\"150\" src=\"https:\/\/www.infraestruturameioambiente.sp.gov.br\/institutogeologico\/wp-content\/uploads\/sites\/233\/2018\/02\/Sao_Seb_Ilhabela_05-150x150.jpg\" class=\"attachment-thumbnail size-thumbnail\" alt=\"\" decoding=\"async\" loading=\"lazy\" srcset=\"https:\/\/www.infraestruturameioambiente.sp.gov.br\/institutogeologico\/wp-content\/uploads\/sites\/233\/2018\/02\/Sao_Seb_Ilhabela_05-150x150.jpg 150w, https:\/\/www.infraestruturameioambiente.sp.gov.br\/institutogeologico\/wp-content\/uploads\/sites\/233\/2018\/02\/Sao_Seb_Ilhabela_05-600x600.jpg 600w\" sizes=\"(max-width: 150px) 100vw, 150px\" \/><\/a>\n\t\t\t\t<\/div><\/div><\/div>\n<\/div>\n<p style=\"text-align: justify\">Atendendo os procedimentos do Plano Preventivo de Defesa Civil (PPDC), o Instituto Geol\u00f3gico (IG) e a Coordenadoria Estadual de Defesa Civil (CEDEC) realizaram, nos dias 15 e 16 de fevereiro, vistoria t\u00e9cnica em v\u00e1rias \u00e1reas dos munic\u00edpios que foram afetadas pela forte chuva ocorrida em 14 de fevereiro de 2018.<\/p>\n<p style=\"text-align: justify\">Em S\u00e3o Sebasti\u00e3o foram vistoriados 07 pontos nos bairros Itatinga, Topol\u00e2ndia e Enseada com a interdi\u00e7\u00e3o de cerca de 30 moradias. Em Ilhabela foram vistoriados 13 pontos, nos bairros do Morro do Cantagalo, Itaquanduba (Morro dos Mineiros), \u00c1gua Branca e Cambaquara com a interdi\u00e7\u00e3o de oito moradias.<\/p>\n<p style=\"text-align: justify\">Os principais processos perigosos observados foram escorregamentos planares de solo e material de aterro, rastejo de solo, enxurradas, queda e rolamento de blocos e eros\u00e3o acelerada.<\/p>\n<p style=\"text-align: justify\"><a href=\"https:\/\/www.infraestruturameioambiente.sp.gov.br\/institutogeologico\/noticias\/operacao-chuvas-de-verao-2017-2018-instituto-geologico-apresenta-balanco-parcial-de-atendimentos-do-plano-preventivo-de-defesa-civil-estadual\/\">CLIQUE AQUI<\/a>\u00a0e veja o\u00a0balan\u00e7o parcial de atendimentos da Opera\u00e7\u00e3o Chuvas de Ver\u00e3o 2017-2018.<\/p>\n<p style=\"text-align: justify\"><a href=\"https:\/\/www.infraestruturameioambiente.sp.gov.br\/institutogeologico\/noticias\/instituto-geologico-realiza-vistoria-em-monteiro-lobato-apos-fortes-chuvas-atingirem-a-regiao\/\">CLIQUE AQUI<\/a> e saiba como foi o atendimento em Monteiro Lobato.<\/p>\n<p style=\"text-align: justify\">Maiores informa\u00e7\u00f5es:<\/p>\n<p style=\"text-align: justify\"><a href=\"https:\/\/www.infraestruturameioambiente.sp.gov.br\/institutogeologico\/geodados\/bases-online\/prevencao-de-desastres-naturais-online\/\">https:\/\/www.infraestruturameioambiente.sp.gov.br\/institutogeologico\/geodados\/bases-online\/prevencao-de-desastres-naturais-online\/<\/a><\/p>\n<p style=\"text-align: justify\"><a href=\"http:\/\/www.defesacivil.sp.gov.br\/\">http:\/\/www.defesacivil.sp.gov.br\/<\/a><\/p>\n","protected":false},"excerpt":{"rendered":"<p>Atendendo os procedimentos do Plano Preventivo de Defesa Civil (PPDC), o Instituto Geol\u00f3gico (IG) e a Coordenadoria Estadual de Defesa Civil (CEDEC) realizaram, nos dias 15 e 16 de fevereiro, vistoria t\u00e9cnica em v\u00e1rias \u00e1reas dos munic\u00edpios que foram afetadas pela forte chuva ocorrida em 14 de fevereiro de 2018. Em S\u00e3o Sebasti\u00e3o foram vistoriados [&hellip;]<\/p>\n","protected":false},"author":25,"featured_media":12003,"comment_status":"closed","ping_status":"open","sticky":false,"template":"","format":"standard","meta":[],"categories":[1852,1850],"tags":[],"_links":{"self":[{"href":"https:\/\/www.infraestruturameioambiente.sp.gov.br\/institutogeologico\/wp-json\/wp\/v2\/posts\/12002"}],"collection":[{"href":"https:\/\/www.infraestruturameioambiente.sp.gov.br\/institutogeologico\/wp-json\/wp\/v2\/posts"}],"about":[{"href":"https:\/\/www.infraestruturameioambiente.sp.gov.br\/institutogeologico\/wp-json\/wp\/v2\/types\/post"}],"author":[{"embeddable":true,"href":"https:\/\/www.infraestruturameioambiente.sp.gov.br\/institutogeologico\/wp-json\/wp\/v2\/users\/25"}],"replies":[{"embeddable":true,"href":"https:\/\/www.infraestruturameioambiente.sp.gov.br\/institutogeologico\/wp-json\/wp\/v2\/comments?post=12002"}],"version-history":[{"count":1,"href":"https:\/\/www.infraestruturameioambiente.sp.gov.br\/institutogeologico\/wp-json\/wp\/v2\/posts\/12002\/revisions"}],"predecessor-version":[{"id":12010,"href":"https:\/\/www.infraestruturameioambiente.sp.gov.br\/institutogeologico\/wp-json\/wp\/v2\/posts\/12002\/revisions\/12010"}],"wp:featuredmedia":[{"embeddable":true,"href":"https:\/\/www.infraestruturameioambiente.sp.gov.br\/institutogeologico\/wp-json\/wp\/v2\/media\/12003"}],"wp:attachment":[{"href":"https:\/\/www.infraestruturameioambiente.sp.gov.br\/institutogeologico\/wp-json\/wp\/v2\/media?parent=12002"}],"wp:term":[{"taxonomy":"category","embeddable":true,"href":"https:\/\/www.infraestruturameioambiente.sp.gov.br\/institutogeologico\/wp-json\/wp\/v2\/categories?post=12002"},{"taxonomy":"post_tag","embeddable":true,"href":"https:\/\/www.infraestruturameioambiente.sp.gov.br\/institutogeologico\/wp-json\/wp\/v2\/tags?post=12002"}],"curies":[{"name":"wp","href":"https:\/\/api.w.org\/{rel}","templated":true}]}}