{"id":11983,"date":"2018-02-14T14:05:06","date_gmt":"2018-02-14T16:05:06","guid":{"rendered":"https:\/\/www.infraestruturameioambiente.sp.gov.br\/institutogeologico\/?p=11983"},"modified":"2018-02-14T14:24:58","modified_gmt":"2018-02-14T16:24:58","slug":"instituto-geologico-participa-de-cerimonia-de-comemoracao-do-42o-aniversario-da-coordenaria-estadual-de-defesa-civil-cedec","status":"publish","type":"post","link":"https:\/\/www.infraestruturameioambiente.sp.gov.br\/institutogeologico\/2018\/02\/instituto-geologico-participa-de-cerimonia-de-comemoracao-do-42o-aniversario-da-coordenaria-estadual-de-defesa-civil-cedec\/","title":{"rendered":"Instituto Geol\u00f3gico participa de cerim\u00f4nia de comemora\u00e7\u00e3o do 42\u00ba anivers\u00e1rio da Coordenaria Estadual de Defesa Civil (CEDEC)"},"content":{"rendered":"<div class=\"wc-gallery\"><div id='gallery-1' data-gutter-width='5' data-columns='1' class='gallery wc-gallery-captions-onhover gallery-link-file gallery-masonry galleryid-11983 gallery-columns-1 gallery-size-thumbnail wc-gallery-bottomspace-default wc-gallery-clear'><div class='gallery-item gallery-item-position-1 gallery-item-attachment-11986'>\n\t\t\t\t<div class='gallery-icon landscape'>\n\t\t\t\t\t<a href='https:\/\/www.infraestruturameioambiente.sp.gov.br\/institutogeologico\/wp-content\/uploads\/sites\/233\/2018\/02\/42_anos_CEDEC_02-600x600.jpg' title='42_anos_CEDEC_02' target='_self'><img width=\"150\" height=\"150\" src=\"https:\/\/www.infraestruturameioambiente.sp.gov.br\/institutogeologico\/wp-content\/uploads\/sites\/233\/2018\/02\/42_anos_CEDEC_02-150x150.jpg\" class=\"attachment-thumbnail size-thumbnail\" alt=\"\" decoding=\"async\" loading=\"lazy\" srcset=\"https:\/\/www.infraestruturameioambiente.sp.gov.br\/institutogeologico\/wp-content\/uploads\/sites\/233\/2018\/02\/42_anos_CEDEC_02-150x150.jpg 150w, https:\/\/www.infraestruturameioambiente.sp.gov.br\/institutogeologico\/wp-content\/uploads\/sites\/233\/2018\/02\/42_anos_CEDEC_02-600x600.jpg 600w\" sizes=\"(max-width: 150px) 100vw, 150px\" \/><\/a>\n\t\t\t\t<\/div><\/div><div class='gallery-item gallery-item-position-2 gallery-item-attachment-11985'>\n\t\t\t\t<div class='gallery-icon landscape'>\n\t\t\t\t\t<a href='https:\/\/www.infraestruturameioambiente.sp.gov.br\/institutogeologico\/wp-content\/uploads\/sites\/233\/2018\/02\/42_anos_CEDEC_01-600x600.jpg' title='42_anos_CEDEC_01' target='_self'><img width=\"150\" height=\"150\" src=\"https:\/\/www.infraestruturameioambiente.sp.gov.br\/institutogeologico\/wp-content\/uploads\/sites\/233\/2018\/02\/42_anos_CEDEC_01-150x150.jpg\" class=\"attachment-thumbnail size-thumbnail\" alt=\"\" decoding=\"async\" loading=\"lazy\" srcset=\"https:\/\/www.infraestruturameioambiente.sp.gov.br\/institutogeologico\/wp-content\/uploads\/sites\/233\/2018\/02\/42_anos_CEDEC_01-150x150.jpg 150w, https:\/\/www.infraestruturameioambiente.sp.gov.br\/institutogeologico\/wp-content\/uploads\/sites\/233\/2018\/02\/42_anos_CEDEC_01-600x600.jpg 600w\" sizes=\"(max-width: 150px) 100vw, 150px\" \/><\/a>\n\t\t\t\t<\/div><\/div><div class='gallery-item gallery-item-position-3 gallery-item-attachment-11987'>\n\t\t\t\t<div class='gallery-icon landscape'>\n\t\t\t\t\t<a href='https:\/\/www.infraestruturameioambiente.sp.gov.br\/institutogeologico\/wp-content\/uploads\/sites\/233\/2018\/02\/42_anos_CEDEC_03-600x600.jpg' title='42_anos_CEDEC_03' target='_self'><img width=\"150\" height=\"150\" src=\"https:\/\/www.infraestruturameioambiente.sp.gov.br\/institutogeologico\/wp-content\/uploads\/sites\/233\/2018\/02\/42_anos_CEDEC_03-150x150.jpg\" class=\"attachment-thumbnail size-thumbnail\" alt=\"\" decoding=\"async\" loading=\"lazy\" srcset=\"https:\/\/www.infraestruturameioambiente.sp.gov.br\/institutogeologico\/wp-content\/uploads\/sites\/233\/2018\/02\/42_anos_CEDEC_03-150x150.jpg 150w, https:\/\/www.infraestruturameioambiente.sp.gov.br\/institutogeologico\/wp-content\/uploads\/sites\/233\/2018\/02\/42_anos_CEDEC_03-600x600.jpg 600w\" sizes=\"(max-width: 150px) 100vw, 150px\" \/><\/a>\n\t\t\t\t<\/div><\/div><\/div>\n<\/div>\n<p style=\"text-align: justify\">Luciana Martin Rodrigues Ferreira, diretora do Instituto Geol\u00f3gico (IG), juntamente com pesquisadores e t\u00e9cnicos da institui\u00e7\u00e3o estiveram presentes em\u00a0evento comemorativo do 42\u00ba anivers\u00e1rio de cria\u00e7\u00e3o da Coordenaria Estadual de Defesa Civil (CEDEC). O evento foi realizado no dia 08 de fevereiro de 2018 no Pal\u00e1cio dos Bandeirantes, sede do governo de S\u00e3o Paulo.<\/p>\n<p style=\"text-align: justify\">Durante a solenidade ocorreu a outorga da \u201cMedalha da Defesa Civil\u201d, entregue pela a Secret\u00e1ria Chefe da Casa Militar e Coordenadora Estadual de Defesa Civil, Coronel PM Helena dos Santos Reis. O Secret\u00e1rio do Meio Ambiente, Maur\u00edcio Brusadin foi um dos 45 agraciados que, al\u00e9m da medalha, receberam o certificado reconhecido oficialmente pela Defesa Civil por seus m\u00e9ritos e relevantes servi\u00e7os prestados, que contribu\u00edram de forma expressiva com as a\u00e7\u00f5es gest\u00e3o de riscos e de desastres, tornando-se desta forma merecedoras de reconhecimento p\u00fablico.<\/p>\n<p>Maiores Informa\u00e7\u00f5es:<\/p>\n<p><a href=\"http:\/\/www.defesacivil.sp.gov.br\/\">www.defesacivil.sp.gov.br<\/a><\/p>\n","protected":false},"excerpt":{"rendered":"<p>Luciana Martin Rodrigues Ferreira, diretora do Instituto Geol\u00f3gico (IG), juntamente com pesquisadores e t\u00e9cnicos da institui\u00e7\u00e3o estiveram presentes em\u00a0evento comemorativo do 42\u00ba anivers\u00e1rio de cria\u00e7\u00e3o da Coordenaria Estadual de Defesa Civil (CEDEC). O evento foi realizado no dia 08 de fevereiro de 2018 no Pal\u00e1cio dos Bandeirantes, sede do governo de S\u00e3o Paulo. Durante a [&hellip;]<\/p>\n","protected":false},"author":25,"featured_media":11984,"comment_status":"closed","ping_status":"open","sticky":false,"template":"","format":"standard","meta":[],"categories":[1852,1850],"tags":[],"_links":{"self":[{"href":"https:\/\/www.infraestruturameioambiente.sp.gov.br\/institutogeologico\/wp-json\/wp\/v2\/posts\/11983"}],"collection":[{"href":"https:\/\/www.infraestruturameioambiente.sp.gov.br\/institutogeologico\/wp-json\/wp\/v2\/posts"}],"about":[{"href":"https:\/\/www.infraestruturameioambiente.sp.gov.br\/institutogeologico\/wp-json\/wp\/v2\/types\/post"}],"author":[{"embeddable":true,"href":"https:\/\/www.infraestruturameioambiente.sp.gov.br\/institutogeologico\/wp-json\/wp\/v2\/users\/25"}],"replies":[{"embeddable":true,"href":"https:\/\/www.infraestruturameioambiente.sp.gov.br\/institutogeologico\/wp-json\/wp\/v2\/comments?post=11983"}],"version-history":[{"count":3,"href":"https:\/\/www.infraestruturameioambiente.sp.gov.br\/institutogeologico\/wp-json\/wp\/v2\/posts\/11983\/revisions"}],"predecessor-version":[{"id":11990,"href":"https:\/\/www.infraestruturameioambiente.sp.gov.br\/institutogeologico\/wp-json\/wp\/v2\/posts\/11983\/revisions\/11990"}],"wp:featuredmedia":[{"embeddable":true,"href":"https:\/\/www.infraestruturameioambiente.sp.gov.br\/institutogeologico\/wp-json\/wp\/v2\/media\/11984"}],"wp:attachment":[{"href":"https:\/\/www.infraestruturameioambiente.sp.gov.br\/institutogeologico\/wp-json\/wp\/v2\/media?parent=11983"}],"wp:term":[{"taxonomy":"category","embeddable":true,"href":"https:\/\/www.infraestruturameioambiente.sp.gov.br\/institutogeologico\/wp-json\/wp\/v2\/categories?post=11983"},{"taxonomy":"post_tag","embeddable":true,"href":"https:\/\/www.infraestruturameioambiente.sp.gov.br\/institutogeologico\/wp-json\/wp\/v2\/tags?post=11983"}],"curies":[{"name":"wp","href":"https:\/\/api.w.org\/{rel}","templated":true}]}}