{"id":11887,"date":"2017-11-16T16:22:48","date_gmt":"2017-11-16T18:22:48","guid":{"rendered":"https:\/\/www.infraestruturameioambiente.sp.gov.br\/institutogeologico\/?p=11887"},"modified":"2017-11-16T16:22:48","modified_gmt":"2017-11-16T18:22:48","slug":"exposicao-fotografica-os-rios-da-comissao-geografica-e-geologica-de-sao-paulo-1886-a-1910-e-apresentada-no-parque-do-ibirapuera","status":"publish","type":"post","link":"https:\/\/www.infraestruturameioambiente.sp.gov.br\/institutogeologico\/2017\/11\/exposicao-fotografica-os-rios-da-comissao-geografica-e-geologica-de-sao-paulo-1886-a-1910-e-apresentada-no-parque-do-ibirapuera\/","title":{"rendered":"Exposi\u00e7\u00e3o fotogr\u00e1fica \u201cOs Rios da Comiss\u00e3o Geogr\u00e1fica e Geol\u00f3gica de S\u00e3o Paulo \u2013 1886 a 1910\u201d \u00e9 apresentada no Parque do Ibirapuera"},"content":{"rendered":"<p style=\"text-align: justify\"><img decoding=\"async\" loading=\"lazy\" class=\"alignleft size-medium wp-image-11883\" src=\"https:\/\/www.infraestruturameioambiente.sp.gov.br\/wp-content\/uploads\/sites\/233\/2012\/02\/Convite_CGG_Ibirapuera_Branco-1-212x300.jpg\" alt=\"\" width=\"212\" height=\"300\" srcset=\"https:\/\/www.infraestruturameioambiente.sp.gov.br\/institutogeologico\/wp-content\/uploads\/sites\/233\/2012\/02\/Convite_CGG_Ibirapuera_Branco-1-212x300.jpg 212w, https:\/\/www.infraestruturameioambiente.sp.gov.br\/institutogeologico\/wp-content\/uploads\/sites\/233\/2012\/02\/Convite_CGG_Ibirapuera_Branco-1-768x1086.jpg 768w, https:\/\/www.infraestruturameioambiente.sp.gov.br\/institutogeologico\/wp-content\/uploads\/sites\/233\/2012\/02\/Convite_CGG_Ibirapuera_Branco-1-191x270.jpg 191w, https:\/\/www.infraestruturameioambiente.sp.gov.br\/institutogeologico\/wp-content\/uploads\/sites\/233\/2012\/02\/Convite_CGG_Ibirapuera_Branco-1-110x155.jpg 110w, https:\/\/www.infraestruturameioambiente.sp.gov.br\/institutogeologico\/wp-content\/uploads\/sites\/233\/2012\/02\/Convite_CGG_Ibirapuera_Branco-1-69x97.jpg 69w, https:\/\/www.infraestruturameioambiente.sp.gov.br\/institutogeologico\/wp-content\/uploads\/sites\/233\/2012\/02\/Convite_CGG_Ibirapuera_Branco-1-48x68.jpg 48w, https:\/\/www.infraestruturameioambiente.sp.gov.br\/institutogeologico\/wp-content\/uploads\/sites\/233\/2012\/02\/Convite_CGG_Ibirapuera_Branco-1-142x201.jpg 142w, https:\/\/www.infraestruturameioambiente.sp.gov.br\/institutogeologico\/wp-content\/uploads\/sites\/233\/2012\/02\/Convite_CGG_Ibirapuera_Branco-1-91x129.jpg 91w, https:\/\/www.infraestruturameioambiente.sp.gov.br\/institutogeologico\/wp-content\/uploads\/sites\/233\/2012\/02\/Convite_CGG_Ibirapuera_Branco-1-70x99.jpg 70w, https:\/\/www.infraestruturameioambiente.sp.gov.br\/institutogeologico\/wp-content\/uploads\/sites\/233\/2012\/02\/Convite_CGG_Ibirapuera_Branco-1-50x70.jpg 50w, https:\/\/www.infraestruturameioambiente.sp.gov.br\/institutogeologico\/wp-content\/uploads\/sites\/233\/2012\/02\/Convite_CGG_Ibirapuera_Branco-1.jpg 1000w\" sizes=\"(max-width: 212px) 100vw, 212px\" \/>A exposi\u00e7\u00e3o fotogr\u00e1fica \u201cOs Rios da Comiss\u00e3o Geogr\u00e1fica e Geol\u00f3gica de S\u00e3o Paulo \u2013 1886 a 1910\u201d ser\u00e1 relan\u00e7ada ao p\u00fablico no dia 23 de novembro de 2017, com a realiza\u00e7\u00e3o de palestras sobre o tema e as perspectivas atuais e futuras de uma de suas institui\u00e7\u00f5es origin\u00e1rias: o Instituto Geol\u00f3gico (IG).<\/p>\n<p style=\"text-align: justify\">A realiza\u00e7\u00e3o da exposi\u00e7\u00e3o \u00e9 uma parceria entre o IG, da Secretaria de Estado do Meio Ambiente (SMA) e a UMAPAZ \u2013 Universidade Aberta do Meio Ambiente e da Cultura da Paz, da Secretaria Municipal do Verde e Meio Ambiente de S\u00e3o Paulo.<\/p>\n<p style=\"text-align: justify\">Organizada pelo Museu Geol\u00f3gico, do IG, a mostra tem como objetivo apresentar a atua\u00e7\u00e3o da Comiss\u00e3o Geogr\u00e1fica e Geol\u00f3gica (CGG) nas expedi\u00e7\u00f5es de reconhecimento do territ\u00f3rio paulista ocorridas ao longo do final do s\u00e9culo XIX e in\u00edcio do s\u00e9culo XX, realizada por pesquisadores e naturalistas famosos como Theodoro Sampaio, Albert Loefgren, Orville Adelbert Derby, Jo\u00e3o Pedro Cardoso, Francisco de Paula Oliveira, Luiz Felipe Gonzaga de Campos, entre outros, no percurso dos principais rios do estado de S\u00e3o Paulo.<\/p>\n<p style=\"text-align: justify\">Com a curadoria do ge\u00f3logo Dr. Fernando Alves Pires, pesquisador cient\u00edfico do IG e diretor do Museu Geol\u00f3gico, a exposi\u00e7\u00e3o tem a proposta de ser itinerante, percorrendo diversos munic\u00edpios e permitindo que um n\u00famero maior de pessoas tenha a oportunidade de visit\u00e1-la.<\/p>\n<p style=\"text-align: justify\">A mostra esteve exposta em shopping da cidade de Botucatu no primeiro semestre deste ano, e por meio da parceria com a UMAPAZ, se permitir\u00e1 mais uma vez o acesso do p\u00fablico da capital a esse rico acervo de fotos.<\/p>\n<p style=\"text-align: justify\">Nesta edi\u00e7\u00e3o ser\u00e3o realizadas palestras no dia de abertura da exposi\u00e7\u00e3o \u2013 23 de novembro de 2017 \u2013 com a presen\u00e7a da Dra. Silvana Pettinato Lucio, que desenvolveu tese recentemente sobre tema pela FAU\/USP. Haver\u00e1, em seguida, uma palestra da Diretora Geral do IG, Ms. Luciana Martin Rodrigues Ferreira, que abordar\u00e1 as perspectivas atuais e futuras da institui\u00e7\u00e3o, uma das institui\u00e7\u00f5es origin\u00e1rias da CGG, conforme segue:<\/p>\n<p style=\"text-align: justify\">Programa\u00e7\u00e3o \u2013 23 de novembro de 2017<\/p>\n<p style=\"text-align: justify\">9:30h \u2013 Abertura<\/p>\n<p style=\"text-align: justify\">10:00h \u2013 Palestras e debate:<\/p>\n<p style=\"text-align: justify\">\u201cA a\u00e7\u00e3o da Comiss\u00e3o Geogr\u00e1fica e Geol\u00f3gica na apropria\u00e7\u00e3o e produ\u00e7\u00e3o do territ\u00f3rio paulista entre 1905 e 1931\u201d \u2013 Silvana Pettinato Lucio, Doutora em Arquitetura e Urbanismo\/FAU-USP<\/p>\n<p style=\"text-align: justify\">\u201cDa Comiss\u00e3o Geogr\u00e1fica e Geol\u00f3gica ao Instituto Geol\u00f3gico: perspectivas atuais e futuras\u201d \u2013 Luciana Martin Rodrigues Ferreira, Diretora Geral do Instituto Geol\u00f3gico<\/p>\n<p style=\"text-align: justify\">A exposi\u00e7\u00e3o estar\u00e1 aberta ao p\u00fablico at\u00e9 o dia 24 de janeiro de 2018, no seguinte local e hor\u00e1rios:<\/p>\n<p style=\"text-align: justify\">Local:\u00a0\u00a0\u00a0\u00a0\u00a0\u00a0\u00a0\u00a0\u00a0\u00a0\u00a0\u00a0\u00a0 UMAPAZ &#8211; Universidade Aberta do Meio Ambiente e da Cultura de Paz, Secretaria Municipal do Verde e do Meio Ambiente de S\u00e3o Paulo<\/p>\n<p style=\"text-align: justify\">Endere\u00e7o:\u00a0\u00a0\u00a0\u00a0 Parque Ibirapuera<\/p>\n<p style=\"text-align: justify\">Av. IV Centen\u00e1rio, 1268 \u2013 Jd. Lusit\u00e2nia \u2013 Port\u00e3o 7 A do Parque Ibirapuera.<\/p>\n<p style=\"text-align: justify\">Hor\u00e1rio:\u00a0\u00a0\u00a0\u00a0\u00a0\u00a0\u00a0\u00a0 Segunda-feira a sexta-feira, das 07 \u00e0s 18 horas e s\u00e1bados, 08 \u00e0s 12 horas.<\/p>\n<p style=\"text-align: justify\">Entrada gratuita.<\/p>\n<p style=\"text-align: justify\"><strong>A Comiss\u00e3o Geogr\u00e1fica e Geol\u00f3gica de S\u00e3o Paulo<\/strong><\/p>\n<p style=\"text-align: justify\">A hist\u00f3ria da Comiss\u00e3o Geogr\u00e1fica e Geol\u00f3gica se remete aos processos de transforma\u00e7\u00e3o ocorridos no in\u00edcio do s\u00e9culo XX no Estado de S\u00e3o Paulo, principalmente aqueles relacionados \u00e0s mudan\u00e7as da paisagem natural decorrentes do processo de ocupa\u00e7\u00e3o do territ\u00f3rio paulista e da apropria\u00e7\u00e3o econ\u00f4mica dos recursos naturais. A comiss\u00e3o foi patrocinada pela elite cafeeira, que via em seus trabalhos a possibilidade de aumentar a produ\u00e7\u00e3o e, tamb\u00e9m, sua influ\u00eancia pol\u00edtica.<\/p>\n<p style=\"text-align: justify\">A CGG realizou estudos, levantamentos cartogr\u00e1ficos e relatos detalhados da geografia, geologia, climatologia, bot\u00e2nica, hidrografia e zoologia, da ent\u00e3o Prov\u00edncia de S\u00e3o Paulo e posterior Estado de S\u00e3o Paulo. O trabalho realizado serviu de base para a ocupa\u00e7\u00e3o territorial das \u00e1reas at\u00e9 ent\u00e3o consideradas \u201cdesconhecidas\u201d no Estado.<\/p>\n<p style=\"text-align: justify\">Entre suas realiza\u00e7\u00f5es destacam-se as expedi\u00e7\u00f5es explorat\u00f3rias aos grandes rios paulistas, e, assim como os antigos Bandeirantes, os pesquisadores utilizaram essas vias naturais de transporte para iniciar os levantamentos cient\u00edficos. Os trabalhos da CGG duraram at\u00e9 1931, e quase tudo que se realizou em pesquisas (mapas, relat\u00f3rios, documentos fotogr\u00e1ficos, al\u00e9m de equipamentos), passaram a pertencer aos diversos \u00f3rg\u00e3os e institui\u00e7\u00f5es de pesquisa dela originadas, como o Instituto Geol\u00f3gico, os Institutos de Bot\u00e2nica, Florestal, Geogr\u00e1fico e Cartogr\u00e1fico, Astron\u00f4mico e Geof\u00edsico (USP), dentre outros, al\u00e9m de museus, como o Museu Geol\u00f3gico (MUGEO), do IG, e os de Zoologia e o Paulista (Ipiranga).<\/p>\n<p style=\"text-align: justify\">A exposi\u00e7\u00e3o \u00e9 composta por fotos que retratam as expedi\u00e7\u00f5es realizadas entre 1886 a 1910, como aquelas que percorreram o rio Paranapanema, em 1886; os rios Paran\u00e1, Tiet\u00ea, Feio ou Aguape\u00ed e do Peixe, em 1905, e a expedi\u00e7\u00e3o ao rio Grande e afluentes, em 1910.<\/p>\n","protected":false},"excerpt":{"rendered":"<p>A exposi\u00e7\u00e3o fotogr\u00e1fica \u201cOs Rios da Comiss\u00e3o Geogr\u00e1fica e Geol\u00f3gica de S\u00e3o Paulo \u2013 1886 a 1910\u201d ser\u00e1 relan\u00e7ada ao p\u00fablico no dia 23 de novembro de 2017, com a realiza\u00e7\u00e3o de palestras sobre o tema e as perspectivas atuais e futuras de uma de suas institui\u00e7\u00f5es origin\u00e1rias: o Instituto Geol\u00f3gico (IG). A realiza\u00e7\u00e3o da [&hellip;]<\/p>\n","protected":false},"author":25,"featured_media":11888,"comment_status":"closed","ping_status":"open","sticky":false,"template":"","format":"standard","meta":[],"categories":[1852,1850],"tags":[],"_links":{"self":[{"href":"https:\/\/www.infraestruturameioambiente.sp.gov.br\/institutogeologico\/wp-json\/wp\/v2\/posts\/11887"}],"collection":[{"href":"https:\/\/www.infraestruturameioambiente.sp.gov.br\/institutogeologico\/wp-json\/wp\/v2\/posts"}],"about":[{"href":"https:\/\/www.infraestruturameioambiente.sp.gov.br\/institutogeologico\/wp-json\/wp\/v2\/types\/post"}],"author":[{"embeddable":true,"href":"https:\/\/www.infraestruturameioambiente.sp.gov.br\/institutogeologico\/wp-json\/wp\/v2\/users\/25"}],"replies":[{"embeddable":true,"href":"https:\/\/www.infraestruturameioambiente.sp.gov.br\/institutogeologico\/wp-json\/wp\/v2\/comments?post=11887"}],"version-history":[{"count":1,"href":"https:\/\/www.infraestruturameioambiente.sp.gov.br\/institutogeologico\/wp-json\/wp\/v2\/posts\/11887\/revisions"}],"predecessor-version":[{"id":11889,"href":"https:\/\/www.infraestruturameioambiente.sp.gov.br\/institutogeologico\/wp-json\/wp\/v2\/posts\/11887\/revisions\/11889"}],"wp:featuredmedia":[{"embeddable":true,"href":"https:\/\/www.infraestruturameioambiente.sp.gov.br\/institutogeologico\/wp-json\/wp\/v2\/media\/11888"}],"wp:attachment":[{"href":"https:\/\/www.infraestruturameioambiente.sp.gov.br\/institutogeologico\/wp-json\/wp\/v2\/media?parent=11887"}],"wp:term":[{"taxonomy":"category","embeddable":true,"href":"https:\/\/www.infraestruturameioambiente.sp.gov.br\/institutogeologico\/wp-json\/wp\/v2\/categories?post=11887"},{"taxonomy":"post_tag","embeddable":true,"href":"https:\/\/www.infraestruturameioambiente.sp.gov.br\/institutogeologico\/wp-json\/wp\/v2\/tags?post=11887"}],"curies":[{"name":"wp","href":"https:\/\/api.w.org\/{rel}","templated":true}]}}