{"id":11844,"date":"2017-01-01T00:00:42","date_gmt":"2017-01-01T02:00:42","guid":{"rendered":"https:\/\/www.infraestruturameioambiente.sp.gov.br\/institutogeologico\/?p=11844"},"modified":"2018-01-17T11:03:07","modified_gmt":"2018-01-17T13:03:07","slug":"plano-preventivo-de-defesa-civil","status":"publish","type":"post","link":"https:\/\/www.infraestruturameioambiente.sp.gov.br\/institutogeologico\/2017\/01\/plano-preventivo-de-defesa-civil\/","title":{"rendered":"Plano Preventivo de Defesa Civil (PPDC)"},"content":{"rendered":"<ul>\n<li><strong>Plano Preventivo de Defesa Civil espec\u00edfico para escorregamentos<\/strong><\/li>\n<\/ul>\n<p style=\"text-align: justify\">O PPDC &#8211; Plano Preventivo de Defesa Civil espec\u00edfico para escorregamentos nas encostas da Serra do Mar no Estado de S\u00e3o Paulo (<a href=\"https:\/\/www.al.sp.gov.br\/repositorio\/legislacao\/decreto\/1989\/decreto-30860-04.12.1989.html\">Decreto Estadual n\u00ba 30.860 de 04\/12\/1989<\/a>, redefinido pelo <a href=\"https:\/\/www.al.sp.gov.br\/repositorio\/legislacao\/decreto\/1997\/decreto-42565-01.12.1997.html\">Decreto Estadual n\u00ba42.565 de 01\/12\/1997<\/a>) tem por objetivo principal evitar a ocorr\u00eancia de mortes, com a remo\u00e7\u00e3o preventiva e tempor\u00e1ria da popula\u00e7\u00e3o que ocupa as \u00e1reas de risco, antes que os escorregamentos atinjam suas moradias.<\/p>\n<p style=\"text-align: justify\">Implantado desde 1988, o PPDC entra em opera\u00e7\u00e3o anualmente (de 1\u00ba de dezembro at\u00e9 31 de mar\u00e7o), na chamada Opera\u00e7\u00e3o Ver\u00e3o, com coordena\u00e7\u00e3o da Defesa Civil Estadual e apoio t\u00e9cnico do Instituto Geol\u00f3gico. Implantado em 175 munic\u00edpios do Estado, envolve a\u00e7\u00f5es de monitoramento dos \u00edndices pluviom\u00e9tricos e da previs\u00e3o meteorol\u00f3gica, vistorias de campo e atendimentos emergenciais.<\/p>\n<p style=\"text-align: justify\">No per\u00edodo extra-plano (abril a novembro) s\u00e3o realizadas atividade preparat\u00f3rias (cursos, treinamentos, publica\u00e7\u00f5es cadastros de eventos, estudos t\u00e9cnicos espec\u00edficos) e tamb\u00e9m atendimentos em \u00e1reas de risco.<\/p>\n<p>&nbsp;<\/p>\n<p><img decoding=\"async\" loading=\"lazy\" class=\"aligncenter wp-image-11947\" src=\"https:\/\/www.infraestruturameioambiente.sp.gov.br\/wp-content\/uploads\/sites\/233\/2017\/01\/PPDC_175_Municipios_2016-300x208.jpg\" alt=\"\" width=\"600\" height=\"415\" srcset=\"https:\/\/www.infraestruturameioambiente.sp.gov.br\/institutogeologico\/wp-content\/uploads\/sites\/233\/2017\/01\/PPDC_175_Municipios_2016-300x208.jpg 300w, https:\/\/www.infraestruturameioambiente.sp.gov.br\/institutogeologico\/wp-content\/uploads\/sites\/233\/2017\/01\/PPDC_175_Municipios_2016-768x531.jpg 768w, https:\/\/www.infraestruturameioambiente.sp.gov.br\/institutogeologico\/wp-content\/uploads\/sites\/233\/2017\/01\/PPDC_175_Municipios_2016-390x270.jpg 390w, https:\/\/www.infraestruturameioambiente.sp.gov.br\/institutogeologico\/wp-content\/uploads\/sites\/233\/2017\/01\/PPDC_175_Municipios_2016-224x155.jpg 224w, https:\/\/www.infraestruturameioambiente.sp.gov.br\/institutogeologico\/wp-content\/uploads\/sites\/233\/2017\/01\/PPDC_175_Municipios_2016-140x97.jpg 140w, https:\/\/www.infraestruturameioambiente.sp.gov.br\/institutogeologico\/wp-content\/uploads\/sites\/233\/2017\/01\/PPDC_175_Municipios_2016-68x47.jpg 68w, https:\/\/www.infraestruturameioambiente.sp.gov.br\/institutogeologico\/wp-content\/uploads\/sites\/233\/2017\/01\/PPDC_175_Municipios_2016-290x201.jpg 290w, https:\/\/www.infraestruturameioambiente.sp.gov.br\/institutogeologico\/wp-content\/uploads\/sites\/233\/2017\/01\/PPDC_175_Municipios_2016-129x89.jpg 129w, https:\/\/www.infraestruturameioambiente.sp.gov.br\/institutogeologico\/wp-content\/uploads\/sites\/233\/2017\/01\/PPDC_175_Municipios_2016-143x99.jpg 143w, https:\/\/www.infraestruturameioambiente.sp.gov.br\/institutogeologico\/wp-content\/uploads\/sites\/233\/2017\/01\/PPDC_175_Municipios_2016-70x48.jpg 70w, https:\/\/www.infraestruturameioambiente.sp.gov.br\/institutogeologico\/wp-content\/uploads\/sites\/233\/2017\/01\/PPDC_175_Municipios_2016-330x228.jpg 330w, https:\/\/www.infraestruturameioambiente.sp.gov.br\/institutogeologico\/wp-content\/uploads\/sites\/233\/2017\/01\/PPDC_175_Municipios_2016-69x48.jpg 69w, https:\/\/www.infraestruturameioambiente.sp.gov.br\/institutogeologico\/wp-content\/uploads\/sites\/233\/2017\/01\/PPDC_175_Municipios_2016.jpg 1000w\" sizes=\"(max-width: 600px) 100vw, 600px\" \/><\/p>\n<p style=\"text-align: center\"><strong>Plano Preventivo de Defesa Civil (PPDC)<\/strong><\/p>\n<div id=\"attachment_11829\" class=\"wp-caption alignleft\" style=\"text-align: center\">\n<div id=\"attachment_11829\" style=\"width: 222px\" class=\"wp-caption alignleft\"><img aria-describedby=\"caption-attachment-11829\" decoding=\"async\" loading=\"lazy\" class=\"colorbox-11787 wp-image-11829 size-medium\" src=\"https:\/\/www.infraestruturameioambiente.sp.gov.br\/wp-content\/uploads\/sites\/233\/2017\/01\/Capa_Relatorio_PPDC_2016-2017-212x300.jpg\" alt=\"\" width=\"212\" height=\"300\" srcset=\"https:\/\/www.infraestruturameioambiente.sp.gov.br\/institutogeologico\/wp-content\/uploads\/sites\/233\/2017\/01\/Capa_Relatorio_PPDC_2016-2017-212x300.jpg 212w, https:\/\/www.infraestruturameioambiente.sp.gov.br\/institutogeologico\/wp-content\/uploads\/sites\/233\/2017\/01\/Capa_Relatorio_PPDC_2016-2017-768x1086.jpg 768w, https:\/\/www.infraestruturameioambiente.sp.gov.br\/institutogeologico\/wp-content\/uploads\/sites\/233\/2017\/01\/Capa_Relatorio_PPDC_2016-2017-191x270.jpg 191w, https:\/\/www.infraestruturameioambiente.sp.gov.br\/institutogeologico\/wp-content\/uploads\/sites\/233\/2017\/01\/Capa_Relatorio_PPDC_2016-2017-110x155.jpg 110w, https:\/\/www.infraestruturameioambiente.sp.gov.br\/institutogeologico\/wp-content\/uploads\/sites\/233\/2017\/01\/Capa_Relatorio_PPDC_2016-2017-69x97.jpg 69w, https:\/\/www.infraestruturameioambiente.sp.gov.br\/institutogeologico\/wp-content\/uploads\/sites\/233\/2017\/01\/Capa_Relatorio_PPDC_2016-2017-48x68.jpg 48w, https:\/\/www.infraestruturameioambiente.sp.gov.br\/institutogeologico\/wp-content\/uploads\/sites\/233\/2017\/01\/Capa_Relatorio_PPDC_2016-2017-142x201.jpg 142w, https:\/\/www.infraestruturameioambiente.sp.gov.br\/institutogeologico\/wp-content\/uploads\/sites\/233\/2017\/01\/Capa_Relatorio_PPDC_2016-2017-91x129.jpg 91w, https:\/\/www.infraestruturameioambiente.sp.gov.br\/institutogeologico\/wp-content\/uploads\/sites\/233\/2017\/01\/Capa_Relatorio_PPDC_2016-2017-70x99.jpg 70w, https:\/\/www.infraestruturameioambiente.sp.gov.br\/institutogeologico\/wp-content\/uploads\/sites\/233\/2017\/01\/Capa_Relatorio_PPDC_2016-2017-50x70.jpg 50w, https:\/\/www.infraestruturameioambiente.sp.gov.br\/institutogeologico\/wp-content\/uploads\/sites\/233\/2017\/01\/Capa_Relatorio_PPDC_2016-2017.jpg 800w\" sizes=\"(max-width: 212px) 100vw, 212px\" \/><p id=\"caption-attachment-11829\" class=\"wp-caption-text\"><a href=\"https:\/\/www.infraestruturameioambiente.sp.gov.br\/wp-content\/uploads\/sites\/233\/2017\/11\/RELAT_PPDC_2016-2017_FINAL.pdf\"> Relat\u00f3rio de Opera\u00e7\u00e3o do PPDC 2016-2017 (PDF &#8211; 1.67 MB)<\/a><\/p><\/div>\n<p class=\"wp-caption-text\">\n<\/div>\n<div id=\"attachment_11831\" class=\"wp-caption alignleft\" style=\"text-align: center\">\n<div id=\"attachment_11831\" style=\"width: 222px\" class=\"wp-caption alignleft\"><img aria-describedby=\"caption-attachment-11831\" decoding=\"async\" loading=\"lazy\" class=\"colorbox-11787 wp-image-11831 size-medium\" src=\"https:\/\/www.infraestruturameioambiente.sp.gov.br\/wp-content\/uploads\/sites\/233\/2017\/01\/Capa_Relatorio_Extra_Plano-2016-212x300.jpg\" alt=\"\" width=\"212\" height=\"300\" srcset=\"https:\/\/www.infraestruturameioambiente.sp.gov.br\/institutogeologico\/wp-content\/uploads\/sites\/233\/2017\/01\/Capa_Relatorio_Extra_Plano-2016-212x300.jpg 212w, https:\/\/www.infraestruturameioambiente.sp.gov.br\/institutogeologico\/wp-content\/uploads\/sites\/233\/2017\/01\/Capa_Relatorio_Extra_Plano-2016-768x1086.jpg 768w, https:\/\/www.infraestruturameioambiente.sp.gov.br\/institutogeologico\/wp-content\/uploads\/sites\/233\/2017\/01\/Capa_Relatorio_Extra_Plano-2016-191x270.jpg 191w, https:\/\/www.infraestruturameioambiente.sp.gov.br\/institutogeologico\/wp-content\/uploads\/sites\/233\/2017\/01\/Capa_Relatorio_Extra_Plano-2016-110x155.jpg 110w, https:\/\/www.infraestruturameioambiente.sp.gov.br\/institutogeologico\/wp-content\/uploads\/sites\/233\/2017\/01\/Capa_Relatorio_Extra_Plano-2016-69x97.jpg 69w, https:\/\/www.infraestruturameioambiente.sp.gov.br\/institutogeologico\/wp-content\/uploads\/sites\/233\/2017\/01\/Capa_Relatorio_Extra_Plano-2016-48x68.jpg 48w, https:\/\/www.infraestruturameioambiente.sp.gov.br\/institutogeologico\/wp-content\/uploads\/sites\/233\/2017\/01\/Capa_Relatorio_Extra_Plano-2016-142x201.jpg 142w, https:\/\/www.infraestruturameioambiente.sp.gov.br\/institutogeologico\/wp-content\/uploads\/sites\/233\/2017\/01\/Capa_Relatorio_Extra_Plano-2016-91x129.jpg 91w, https:\/\/www.infraestruturameioambiente.sp.gov.br\/institutogeologico\/wp-content\/uploads\/sites\/233\/2017\/01\/Capa_Relatorio_Extra_Plano-2016-70x99.jpg 70w, https:\/\/www.infraestruturameioambiente.sp.gov.br\/institutogeologico\/wp-content\/uploads\/sites\/233\/2017\/01\/Capa_Relatorio_Extra_Plano-2016-50x70.jpg 50w, https:\/\/www.infraestruturameioambiente.sp.gov.br\/institutogeologico\/wp-content\/uploads\/sites\/233\/2017\/01\/Capa_Relatorio_Extra_Plano-2016.jpg 800w\" sizes=\"(max-width: 212px) 100vw, 212px\" \/><p id=\"caption-attachment-11831\" class=\"wp-caption-text\"><a href=\"https:\/\/www.infraestruturameioambiente.sp.gov.br\/wp-content\/uploads\/sites\/233\/2017\/11\/Relat\u00f3rio-Extra-Plano-2016.pdf\"> Relat\u00f3rio Extra Plano Abril-Novembro 2016 (PDF &#8211; 0.6 MB)<\/a><\/p><\/div>\n<p class=\"wp-caption-text\">\n<\/div>\n<p>&nbsp;<\/p>\n<p>&nbsp;<\/p>\n<h1><\/h1>\n<h1><\/h1>\n<h1><\/h1>\n<h1><\/h1>\n<h1><\/h1>\n<ul>\n<li style=\"text-align: justify\"><strong>Plano Preventivo de Defesa Civil para eros\u00e3o costeira, inunda\u00e7\u00f5es costeiras e enchentes\/alagamentos causados por eventos meteorol\u00f3gicos-oceanogr\u00e1ficos extremos como ressacas do mar e mar\u00e9s altas<\/strong><\/li>\n<\/ul>\n<div id=\"attachment_9125\" style=\"width: 610px\" class=\"wp-caption alignleft\"><img aria-describedby=\"caption-attachment-9125\" decoding=\"async\" loading=\"lazy\" class=\"wp-image-9125\" src=\"https:\/\/www.infraestruturameioambiente.sp.gov.br\/wp-content\/uploads\/sites\/233\/2014\/04\/DSC04834-Medium-300x225.jpg\" alt=\"\" width=\"600\" height=\"450\" srcset=\"https:\/\/www.infraestruturameioambiente.sp.gov.br\/institutogeologico\/wp-content\/uploads\/sites\/233\/2014\/04\/DSC04834-Medium-300x225.jpg 300w, https:\/\/www.infraestruturameioambiente.sp.gov.br\/institutogeologico\/wp-content\/uploads\/sites\/233\/2014\/04\/DSC04834-Medium-360x270.jpg 360w, https:\/\/www.infraestruturameioambiente.sp.gov.br\/institutogeologico\/wp-content\/uploads\/sites\/233\/2014\/04\/DSC04834-Medium-206x155.jpg 206w, https:\/\/www.infraestruturameioambiente.sp.gov.br\/institutogeologico\/wp-content\/uploads\/sites\/233\/2014\/04\/DSC04834-Medium-129x96.jpg 129w, https:\/\/www.infraestruturameioambiente.sp.gov.br\/institutogeologico\/wp-content\/uploads\/sites\/233\/2014\/04\/DSC04834-Medium-68x51.jpg 68w, https:\/\/www.infraestruturameioambiente.sp.gov.br\/institutogeologico\/wp-content\/uploads\/sites\/233\/2014\/04\/DSC04834-Medium-268x201.jpg 268w, https:\/\/www.infraestruturameioambiente.sp.gov.br\/institutogeologico\/wp-content\/uploads\/sites\/233\/2014\/04\/DSC04834-Medium-132x99.jpg 132w, https:\/\/www.infraestruturameioambiente.sp.gov.br\/institutogeologico\/wp-content\/uploads\/sites\/233\/2014\/04\/DSC04834-Medium-70x52.jpg 70w, https:\/\/www.infraestruturameioambiente.sp.gov.br\/institutogeologico\/wp-content\/uploads\/sites\/233\/2014\/04\/DSC04834-Medium-330x247.jpg 330w, https:\/\/www.infraestruturameioambiente.sp.gov.br\/institutogeologico\/wp-content\/uploads\/sites\/233\/2014\/04\/DSC04834-Medium-69x51.jpg 69w, https:\/\/www.infraestruturameioambiente.sp.gov.br\/institutogeologico\/wp-content\/uploads\/sites\/233\/2014\/04\/DSC04834-Medium.jpg 800w\" sizes=\"(max-width: 600px) 100vw, 600px\" \/><p id=\"caption-attachment-9125\" class=\"wp-caption-text\">Eros\u00e3o e solapamento em resid\u00eancia &#8211; Praia do Leste, Iguape 2014<\/p><\/div>\n<p style=\"text-align: justify\">O Plano, implantado em 2016 (<a href=\"http:\/\/dobuscadireta.imprensaoficial.com.br\/default.aspx?DataPublicacao=20161129&amp;Caderno=DOE-I&amp;NumeroPagina=3\">Resolu\u00e7\u00e3o da Casa Militar 17-610 &#8211; CEDEC, de 28\/11\/2016<\/a>), tem por objetivo principal aperfei\u00e7oar as a\u00e7\u00f5es das Defesas Civis municipais e regionais na minimiza\u00e7\u00e3o dos efeitos destes eventos nos setores costeiros do Estado de S\u00e3o Paulo.<\/p>\n<ul>\n<li style=\"text-align: justify\"><strong>Plano de Conting\u00eancia de Defesa Civil para a regi\u00e3o do Polo Industrial de Cubat\u00e3o e elaborar e executar o plano de conting\u00eancia<\/strong><\/li>\n<\/ul>\n<div id=\"attachment_8099\" style=\"width: 610px\" class=\"wp-caption alignleft\"><img aria-describedby=\"caption-attachment-8099\" decoding=\"async\" loading=\"lazy\" class=\"wp-image-8099\" src=\"https:\/\/www.infraestruturameioambiente.sp.gov.br\/wp-content\/uploads\/sites\/233\/2013\/03\/Voo_Cubatao01-300x225.jpg\" alt=\"\" width=\"600\" height=\"450\" srcset=\"https:\/\/www.infraestruturameioambiente.sp.gov.br\/institutogeologico\/wp-content\/uploads\/sites\/233\/2013\/03\/Voo_Cubatao01-300x225.jpg 300w, https:\/\/www.infraestruturameioambiente.sp.gov.br\/institutogeologico\/wp-content\/uploads\/sites\/233\/2013\/03\/Voo_Cubatao01-360x270.jpg 360w, https:\/\/www.infraestruturameioambiente.sp.gov.br\/institutogeologico\/wp-content\/uploads\/sites\/233\/2013\/03\/Voo_Cubatao01-206x155.jpg 206w, https:\/\/www.infraestruturameioambiente.sp.gov.br\/institutogeologico\/wp-content\/uploads\/sites\/233\/2013\/03\/Voo_Cubatao01-129x96.jpg 129w, https:\/\/www.infraestruturameioambiente.sp.gov.br\/institutogeologico\/wp-content\/uploads\/sites\/233\/2013\/03\/Voo_Cubatao01-68x51.jpg 68w, https:\/\/www.infraestruturameioambiente.sp.gov.br\/institutogeologico\/wp-content\/uploads\/sites\/233\/2013\/03\/Voo_Cubatao01-268x201.jpg 268w, https:\/\/www.infraestruturameioambiente.sp.gov.br\/institutogeologico\/wp-content\/uploads\/sites\/233\/2013\/03\/Voo_Cubatao01-132x99.jpg 132w, https:\/\/www.infraestruturameioambiente.sp.gov.br\/institutogeologico\/wp-content\/uploads\/sites\/233\/2013\/03\/Voo_Cubatao01-70x52.jpg 70w, https:\/\/www.infraestruturameioambiente.sp.gov.br\/institutogeologico\/wp-content\/uploads\/sites\/233\/2013\/03\/Voo_Cubatao01-330x247.jpg 330w, https:\/\/www.infraestruturameioambiente.sp.gov.br\/institutogeologico\/wp-content\/uploads\/sites\/233\/2013\/03\/Voo_Cubatao01-69x51.jpg 69w, https:\/\/www.infraestruturameioambiente.sp.gov.br\/institutogeologico\/wp-content\/uploads\/sites\/233\/2013\/03\/Voo_Cubatao01.jpg 800w\" sizes=\"(max-width: 600px) 100vw, 600px\" \/><p id=\"caption-attachment-8099\" class=\"wp-caption-text\">Sobrevoo Polo de Cubat\u00e3o &#8211; 2013<\/p><\/div>\n<p style=\"text-align: justify\">O Plano de Conting\u00eancia foi desenvolvido e tem sido operado no \u00e2mbito da Subcomiss\u00e3o Especial para a Restaura\u00e7\u00e3o da Serra do Mar, de responsabilidade do titular da Pasta do Meio Ambiente do Estado, e cuja coordena\u00e7\u00e3o foi delegada ao Diretor Geral do Instituto Geol\u00f3gico, desde 2010. A Secretaria Executiva da Subcomiss\u00e3o est\u00e1 a cargo do Setor de Emerg\u00eancias Qu\u00edmicas da Ag\u00eancia Ambiental Paulista (CETESB).<\/p>\n<p style=\"text-align: justify\">O objetivo do Plano \u00e9 dotar as entidades participantes de instrumentos de a\u00e7\u00e3o para a preven\u00e7\u00e3o e minimiza\u00e7\u00e3o de impactos causados por eventuais inunda\u00e7\u00f5es, e\/ou escorregamentos nas encostas da Serra do Mar, que possam atingir as instala\u00e7\u00f5es do Polo Petroqu\u00edmico, causando assim, vazamentos de produtos qu\u00edmicos para o meio ambiente, consequentemente colocando em risco a sa\u00fade e a seguran\u00e7a da popula\u00e7\u00e3o e o meio ambiente. A opera\u00e7\u00e3o \u00e9 realizada concomitantemente aos demais Planos Preventivos e de Conting\u00eancia de Defesa Civil do Estado de S\u00e3o Paulo, durante o per\u00edodo da Opera\u00e7\u00e3o Ver\u00e3o entre 01 de dezembro e 31 de mar\u00e7o.<\/p>\n<h1><a href=\"https:\/\/www.infraestruturameioambiente.sp.gov.br\/institutogeologico\/sem-categoria\/apoio-a-politicas-publicas-relacionadas-a-prevencao-de-riscos-de-desastres\/\">Voltar<\/a><\/h1>\n","protected":false},"excerpt":{"rendered":"<p>Plano Preventivo de Defesa Civil espec\u00edfico para escorregamentos O PPDC &#8211; Plano Preventivo de Defesa Civil espec\u00edfico para escorregamentos nas encostas da Serra do Mar no Estado de S\u00e3o Paulo (Decreto Estadual n\u00ba 30.860 de 04\/12\/1989, redefinido pelo Decreto Estadual n\u00ba42.565 de 01\/12\/1997) tem por objetivo principal evitar a ocorr\u00eancia de mortes, com a remo\u00e7\u00e3o [&hellip;]<\/p>\n","protected":false},"author":25,"featured_media":0,"comment_status":"closed","ping_status":"open","sticky":false,"template":"","format":"standard","meta":[],"categories":[1897],"tags":[],"_links":{"self":[{"href":"https:\/\/www.infraestruturameioambiente.sp.gov.br\/institutogeologico\/wp-json\/wp\/v2\/posts\/11844"}],"collection":[{"href":"https:\/\/www.infraestruturameioambiente.sp.gov.br\/institutogeologico\/wp-json\/wp\/v2\/posts"}],"about":[{"href":"https:\/\/www.infraestruturameioambiente.sp.gov.br\/institutogeologico\/wp-json\/wp\/v2\/types\/post"}],"author":[{"embeddable":true,"href":"https:\/\/www.infraestruturameioambiente.sp.gov.br\/institutogeologico\/wp-json\/wp\/v2\/users\/25"}],"replies":[{"embeddable":true,"href":"https:\/\/www.infraestruturameioambiente.sp.gov.br\/institutogeologico\/wp-json\/wp\/v2\/comments?post=11844"}],"version-history":[{"count":7,"href":"https:\/\/www.infraestruturameioambiente.sp.gov.br\/institutogeologico\/wp-json\/wp\/v2\/posts\/11844\/revisions"}],"predecessor-version":[{"id":11949,"href":"https:\/\/www.infraestruturameioambiente.sp.gov.br\/institutogeologico\/wp-json\/wp\/v2\/posts\/11844\/revisions\/11949"}],"wp:attachment":[{"href":"https:\/\/www.infraestruturameioambiente.sp.gov.br\/institutogeologico\/wp-json\/wp\/v2\/media?parent=11844"}],"wp:term":[{"taxonomy":"category","embeddable":true,"href":"https:\/\/www.infraestruturameioambiente.sp.gov.br\/institutogeologico\/wp-json\/wp\/v2\/categories?post=11844"},{"taxonomy":"post_tag","embeddable":true,"href":"https:\/\/www.infraestruturameioambiente.sp.gov.br\/institutogeologico\/wp-json\/wp\/v2\/tags?post=11844"}],"curies":[{"name":"wp","href":"https:\/\/api.w.org\/{rel}","templated":true}]}}