{"id":11777,"date":"2017-11-10T09:19:01","date_gmt":"2017-11-10T11:19:01","guid":{"rendered":"https:\/\/www.infraestruturameioambiente.sp.gov.br\/institutogeologico\/?p=11777"},"modified":"2017-11-10T09:19:01","modified_gmt":"2017-11-10T11:19:01","slug":"novo-volume-da-revista-do-instituto-geologico-disponivel","status":"publish","type":"post","link":"https:\/\/www.infraestruturameioambiente.sp.gov.br\/institutogeologico\/2017\/11\/novo-volume-da-revista-do-instituto-geologico-disponivel\/","title":{"rendered":"Novo volume da Revista do Instituto Geol\u00f3gico dispon\u00edvel"},"content":{"rendered":"<p style=\"text-align: justify\"><img decoding=\"async\" loading=\"lazy\" class=\"alignleft size-medium wp-image-11778\" src=\"https:\/\/www.infraestruturameioambiente.sp.gov.br\/wp-content\/uploads\/sites\/233\/2017\/11\/capa_RIG_38-211x300.jpg\" alt=\"\" width=\"211\" height=\"300\" srcset=\"https:\/\/www.infraestruturameioambiente.sp.gov.br\/institutogeologico\/wp-content\/uploads\/sites\/233\/2017\/11\/capa_RIG_38-211x300.jpg 211w, https:\/\/www.infraestruturameioambiente.sp.gov.br\/institutogeologico\/wp-content\/uploads\/sites\/233\/2017\/11\/capa_RIG_38-768x1092.jpg 768w, https:\/\/www.infraestruturameioambiente.sp.gov.br\/institutogeologico\/wp-content\/uploads\/sites\/233\/2017\/11\/capa_RIG_38-190x270.jpg 190w, https:\/\/www.infraestruturameioambiente.sp.gov.br\/institutogeologico\/wp-content\/uploads\/sites\/233\/2017\/11\/capa_RIG_38-109x155.jpg 109w, https:\/\/www.infraestruturameioambiente.sp.gov.br\/institutogeologico\/wp-content\/uploads\/sites\/233\/2017\/11\/capa_RIG_38-68x97.jpg 68w, https:\/\/www.infraestruturameioambiente.sp.gov.br\/institutogeologico\/wp-content\/uploads\/sites\/233\/2017\/11\/capa_RIG_38-48x68.jpg 48w, https:\/\/www.infraestruturameioambiente.sp.gov.br\/institutogeologico\/wp-content\/uploads\/sites\/233\/2017\/11\/capa_RIG_38-141x201.jpg 141w, https:\/\/www.infraestruturameioambiente.sp.gov.br\/institutogeologico\/wp-content\/uploads\/sites\/233\/2017\/11\/capa_RIG_38-91x129.jpg 91w, https:\/\/www.infraestruturameioambiente.sp.gov.br\/institutogeologico\/wp-content\/uploads\/sites\/233\/2017\/11\/capa_RIG_38-70x99.jpg 70w, https:\/\/www.infraestruturameioambiente.sp.gov.br\/institutogeologico\/wp-content\/uploads\/sites\/233\/2017\/11\/capa_RIG_38-49x70.jpg 49w, https:\/\/www.infraestruturameioambiente.sp.gov.br\/institutogeologico\/wp-content\/uploads\/sites\/233\/2017\/11\/capa_RIG_38.jpg 800w\" sizes=\"(max-width: 211px) 100vw, 211px\" \/>Informamos que o novo volume da Revista do Instituto Geol\u00f3gico (38-1) j\u00e1 est\u00e1 disponibilizado para consulta. A Revista do IG \u00e9 semestral e de acesso aberto, e publica artigos relacionados \u00e0s Geoci\u00eancias e \u00e1reas correlatas, in\u00e9ditos e originais, de car\u00e1ter cient\u00edfico ou tecnol\u00f3gico. Destina-se tamb\u00e9m \u00e0 publica\u00e7\u00e3o de revis\u00f5es, notas pr\u00e9vias, coment\u00e1rios, cr\u00edticas e r\u00e9plicas de artigos de temas ligados \u00e0s Geoci\u00eancias. A partir de 1980, a Revista d\u00e1 sequ\u00eancia ao peri\u00f3dico do Instituto Geogr\u00e1fico e Geol\u00f3gico, o I.G.G. (1943-1968), e aos boletins cient\u00edficos da Comiss\u00e3o Geogr\u00e1fica e Geol\u00f3gica do Estado de S\u00e3o Paulo, editados desde 1889.\u00a0A Revista est\u00e1 indexada em bases nacionais e internacionais, tais como:\u00a0 SCOPUS, GeoRef, Latindex, Zoological Record, Peri\u00f3dicos CAPES, Portal de Peri\u00f3dicos Eletr\u00f4nicos em Geoci\u00eancias \u2013 PPeGeo.<\/p>\n<p style=\"text-align: justify\">Acesse o \u00faltimo volume da revista (38-1) e os demais volumes da cole\u00e7\u00e3o no Portal de Peri\u00f3dicos Eletr\u00f4nicos em Geoci\u00eancias \u2013 PPEGeo, no link:<\/p>\n<p style=\"text-align: justify\">\n<p style=\"text-align: justify\"><a href=\"http:\/\/www.ppegeo.igc.usp.br\/index.php\/rig\/index\">http:\/\/www.ppegeo.igc.usp.br\/index.php\/rig\/index<\/a><\/p>\n<p style=\"text-align: justify\">\n<p style=\"text-align: justify\">Convidamos todos os colegas a submeterem artigos cient\u00edficos para a Revista do Instituto Geol\u00f3gico.<\/p>\n<p style=\"text-align: justify\">Atenciosamente,<\/p>\n<p style=\"text-align: justify\">O Corpo Editorial<\/p>\n<p style=\"text-align: justify\">Sum\u00e1rio do volume 38(1):<\/p>\n<ul>\n<li style=\"text-align: justify\"><a href=\"http:\/\/ppegeo.igc.usp.br\/index.php\/rig\/article\/view\/11688\">Perigo de contamina\u00e7\u00e3o da \u00e1gua subterr\u00e2nea na regi\u00e3o de Indaiatuba a Capivari, estado de S\u00e3o Paulo, Brasil \/ Groundwater contamination hazard in the Indaiatuba to Capivari region, State of S\u00e3o Paulo, Brazil. Mara Akie IRITANI, Denise ROSSINI-PENTEADO, Sibele EZAKI, Geraldo Hideo ODA<\/a><\/li>\n<li style=\"text-align: justify\"><a href=\"http:\/\/ppegeo.igc.usp.br\/index.php\/rig\/article\/view\/11689\">Recarga e conex\u00e3o hidr\u00e1ulica no sistema aqu\u00edfero granular-fissural no Campus Pampulha da UFMG, Belo Horizonte, MG \/ Recharge and hydraulic connection between porous and fissural aquifer units of the Campus Pampulha aquifer system, Belo Horizonte, MG. Jo\u00e3o Pedro MARQUES RIBEIRO, Leila Nunes Menegasse VEL\u00c1SQUES, Carlos Alberto de CARVALHO FILHO<\/a><\/li>\n<li style=\"text-align: justify\"><a href=\"http:\/\/ppegeo.igc.usp.br\/index.php\/rig\/article\/view\/11711\">Solo e \u00e1guas subterr\u00e2neas contaminadas pela deposi\u00e7\u00e3o de res\u00edduos s\u00f3lidos urbanos: o caso do Vazadouro de Tatu\u00ed (SP) \/ Soil and groundwater contamination by an open dump: the case study of Tatu\u00ed (SP, Brazil).\u00a0Manoel Gomes dos SANTOS FILHO, Ricardo HIRATA, Mariana Bernardino LUIZ, Bruno CONICELLI<\/a><\/li>\n<li style=\"text-align: justify\"><a href=\"http:\/\/ppegeo.igc.usp.br\/index.php\/rig\/article\/view\/11712\">Estimativa do fluxo de calor no solo a partir da temperatura do solo em S\u00e3o Paulo, SP \/ Estimation of the soil heat flux from the temperature of the soil in S\u00e3o Paulo, SP.\u00a0Frederico Luiz FUNARI, Augusto Jos\u00e9 PEREIRA FILHO<\/a><\/li>\n<li style=\"text-align: justify\"><a href=\"http:\/\/ppegeo.igc.usp.br\/index.php\/rig\/article\/view\/11713\">Material de origem do solo \/ The soil parent material. Carlos Roberto ESPINDOLA<\/a><\/li>\n<\/ul>\n","protected":false},"excerpt":{"rendered":"<p>Informamos que o novo volume da Revista do Instituto Geol\u00f3gico (38-1) j\u00e1 est\u00e1 disponibilizado para consulta. A Revista do IG \u00e9 semestral e de acesso aberto, e publica artigos relacionados \u00e0s Geoci\u00eancias e \u00e1reas correlatas, in\u00e9ditos e originais, de car\u00e1ter cient\u00edfico ou tecnol\u00f3gico. Destina-se tamb\u00e9m \u00e0 publica\u00e7\u00e3o de revis\u00f5es, notas pr\u00e9vias, coment\u00e1rios, cr\u00edticas e r\u00e9plicas [&hellip;]<\/p>\n","protected":false},"author":25,"featured_media":11779,"comment_status":"closed","ping_status":"open","sticky":false,"template":"","format":"standard","meta":[],"categories":[1852,1850],"tags":[],"_links":{"self":[{"href":"https:\/\/www.infraestruturameioambiente.sp.gov.br\/institutogeologico\/wp-json\/wp\/v2\/posts\/11777"}],"collection":[{"href":"https:\/\/www.infraestruturameioambiente.sp.gov.br\/institutogeologico\/wp-json\/wp\/v2\/posts"}],"about":[{"href":"https:\/\/www.infraestruturameioambiente.sp.gov.br\/institutogeologico\/wp-json\/wp\/v2\/types\/post"}],"author":[{"embeddable":true,"href":"https:\/\/www.infraestruturameioambiente.sp.gov.br\/institutogeologico\/wp-json\/wp\/v2\/users\/25"}],"replies":[{"embeddable":true,"href":"https:\/\/www.infraestruturameioambiente.sp.gov.br\/institutogeologico\/wp-json\/wp\/v2\/comments?post=11777"}],"version-history":[{"count":2,"href":"https:\/\/www.infraestruturameioambiente.sp.gov.br\/institutogeologico\/wp-json\/wp\/v2\/posts\/11777\/revisions"}],"predecessor-version":[{"id":11781,"href":"https:\/\/www.infraestruturameioambiente.sp.gov.br\/institutogeologico\/wp-json\/wp\/v2\/posts\/11777\/revisions\/11781"}],"wp:featuredmedia":[{"embeddable":true,"href":"https:\/\/www.infraestruturameioambiente.sp.gov.br\/institutogeologico\/wp-json\/wp\/v2\/media\/11779"}],"wp:attachment":[{"href":"https:\/\/www.infraestruturameioambiente.sp.gov.br\/institutogeologico\/wp-json\/wp\/v2\/media?parent=11777"}],"wp:term":[{"taxonomy":"category","embeddable":true,"href":"https:\/\/www.infraestruturameioambiente.sp.gov.br\/institutogeologico\/wp-json\/wp\/v2\/categories?post=11777"},{"taxonomy":"post_tag","embeddable":true,"href":"https:\/\/www.infraestruturameioambiente.sp.gov.br\/institutogeologico\/wp-json\/wp\/v2\/tags?post=11777"}],"curies":[{"name":"wp","href":"https:\/\/api.w.org\/{rel}","templated":true}]}}