{"id":11699,"date":"2017-10-30T10:29:32","date_gmt":"2017-10-30T12:29:32","guid":{"rendered":"https:\/\/www.infraestruturameioambiente.sp.gov.br\/institutogeologico\/?p=11699"},"modified":"2017-12-06T16:57:14","modified_gmt":"2017-12-06T18:57:14","slug":"instituto-geologico-promove-ix-seminario-para-reducao-de-riscos-e-desastres","status":"publish","type":"post","link":"https:\/\/www.infraestruturameioambiente.sp.gov.br\/institutogeologico\/2017\/10\/instituto-geologico-promove-ix-seminario-para-reducao-de-riscos-e-desastres\/","title":{"rendered":"Instituto Geol\u00f3gico promove IX Semin\u00e1rio para redu\u00e7\u00e3o de riscos e desastres"},"content":{"rendered":"<p style=\"text-align: justify\"><img decoding=\"async\" loading=\"lazy\" class=\"alignleft size-medium wp-image-11909\" src=\"https:\/\/www.infraestruturameioambiente.sp.gov.br\/wp-content\/uploads\/sites\/233\/2017\/10\/Banner_Evento_Facebook_2017-1-300x162.jpg\" alt=\"\" width=\"300\" height=\"162\" srcset=\"https:\/\/www.infraestruturameioambiente.sp.gov.br\/institutogeologico\/wp-content\/uploads\/sites\/233\/2017\/10\/Banner_Evento_Facebook_2017-1-300x162.jpg 300w, https:\/\/www.infraestruturameioambiente.sp.gov.br\/institutogeologico\/wp-content\/uploads\/sites\/233\/2017\/10\/Banner_Evento_Facebook_2017-1-768x414.jpg 768w, https:\/\/www.infraestruturameioambiente.sp.gov.br\/institutogeologico\/wp-content\/uploads\/sites\/233\/2017\/10\/Banner_Evento_Facebook_2017-1-501x270.jpg 501w, https:\/\/www.infraestruturameioambiente.sp.gov.br\/institutogeologico\/wp-content\/uploads\/sites\/233\/2017\/10\/Banner_Evento_Facebook_2017-1-260x140.jpg 260w, https:\/\/www.infraestruturameioambiente.sp.gov.br\/institutogeologico\/wp-content\/uploads\/sites\/233\/2017\/10\/Banner_Evento_Facebook_2017-1-180x97.jpg 180w, https:\/\/www.infraestruturameioambiente.sp.gov.br\/institutogeologico\/wp-content\/uploads\/sites\/233\/2017\/10\/Banner_Evento_Facebook_2017-1-68x37.jpg 68w, https:\/\/www.infraestruturameioambiente.sp.gov.br\/institutogeologico\/wp-content\/uploads\/sites\/233\/2017\/10\/Banner_Evento_Facebook_2017-1-129x70.jpg 129w, https:\/\/www.infraestruturameioambiente.sp.gov.br\/institutogeologico\/wp-content\/uploads\/sites\/233\/2017\/10\/Banner_Evento_Facebook_2017-1-184x99.jpg 184w, https:\/\/www.infraestruturameioambiente.sp.gov.br\/institutogeologico\/wp-content\/uploads\/sites\/233\/2017\/10\/Banner_Evento_Facebook_2017-1-70x38.jpg 70w, https:\/\/www.infraestruturameioambiente.sp.gov.br\/institutogeologico\/wp-content\/uploads\/sites\/233\/2017\/10\/Banner_Evento_Facebook_2017-1-330x178.jpg 330w, https:\/\/www.infraestruturameioambiente.sp.gov.br\/institutogeologico\/wp-content\/uploads\/sites\/233\/2017\/10\/Banner_Evento_Facebook_2017-1-69x37.jpg 69w, https:\/\/www.infraestruturameioambiente.sp.gov.br\/institutogeologico\/wp-content\/uploads\/sites\/233\/2017\/10\/Banner_Evento_Facebook_2017-1.jpg 1000w\" sizes=\"(max-width: 300px) 100vw, 300px\" \/><\/p>\n<p style=\"text-align: justify\">No dia 07 de dezembro de 2017, o Instituto Geol\u00f3gico (IG), \u00a0da Secretaria do Meio Ambiente (SMA) e a Coordenadoria Estadual de Defesa Civi (CEDEC), da Casa Militar, promover\u00e3o o IX Semin\u00e1rio Estrat\u00e9gias para Redu\u00e7\u00e3o de Riscos e Desastres a Eventos Geodin\u00e2micos no Estado de S\u00e3o Paulo. O evento ser\u00e1 realizado no audit\u00f3rio Augusto Ruschi, na sede da SMA, a partir das 8h30.<\/p>\n<p style=\"text-align: justify\">O evento tem como objetivo avaliar estrat\u00e9gias e a\u00e7\u00f5es de redu\u00e7\u00e3o de risco e desastres desenvolvidas em 2017, em diferentes n\u00edveis governamentais. Ser\u00e3o enfatizadas as rela\u00e7\u00f5es da gest\u00e3o de risco de desastres com as mudan\u00e7as clim\u00e1ticas e o impacto dos desastres na sociedade e na \u00e1rea da Sa\u00fade.<\/p>\n<p style=\"text-align: justify\">O semin\u00e1rio \u00e9 aberto \u00e0 toda comunidade interessada no tema com foco em servidores p\u00fablicos municipais e estaduais da \u00e1rea de gest\u00e3o de risco e desastres, comunidade acad\u00eamica, sociedade civil organizada e setor empresarial. O perfil esperado dos participantes \u00e9 o de gestores e executores de pol\u00edticas de redu\u00e7\u00e3o de risco, quer sejam p\u00fablicas, do setor produtivo ou da sociedade civil organizada e acad\u00eamicos envolvidos na melhoria da gest\u00e3o de risco de desastres.<\/p>\n<p style=\"text-align: justify\"><strong>INSCRI\u00c7\u00d5ES ENCERRADAS!<\/strong><\/p>\n<p>Para visualizar a Programa\u00e7\u00e3o\u00a0<a href=\"https:\/\/goo.gl\/hqYMRB\">CLIQUE AQUI<\/a><\/p>\n","protected":false},"excerpt":{"rendered":"<p>No dia 07 de dezembro de 2017, o Instituto Geol\u00f3gico (IG), \u00a0da Secretaria do Meio Ambiente (SMA) e a Coordenadoria Estadual de Defesa Civi (CEDEC), da Casa Militar, promover\u00e3o o IX Semin\u00e1rio Estrat\u00e9gias para Redu\u00e7\u00e3o de Riscos e Desastres a Eventos Geodin\u00e2micos no Estado de S\u00e3o Paulo. O evento ser\u00e1 realizado no audit\u00f3rio Augusto Ruschi, [&hellip;]<\/p>\n","protected":false},"author":25,"featured_media":11703,"comment_status":"closed","ping_status":"open","sticky":false,"template":"","format":"standard","meta":[],"categories":[1852,1850],"tags":[],"_links":{"self":[{"href":"https:\/\/www.infraestruturameioambiente.sp.gov.br\/institutogeologico\/wp-json\/wp\/v2\/posts\/11699"}],"collection":[{"href":"https:\/\/www.infraestruturameioambiente.sp.gov.br\/institutogeologico\/wp-json\/wp\/v2\/posts"}],"about":[{"href":"https:\/\/www.infraestruturameioambiente.sp.gov.br\/institutogeologico\/wp-json\/wp\/v2\/types\/post"}],"author":[{"embeddable":true,"href":"https:\/\/www.infraestruturameioambiente.sp.gov.br\/institutogeologico\/wp-json\/wp\/v2\/users\/25"}],"replies":[{"embeddable":true,"href":"https:\/\/www.infraestruturameioambiente.sp.gov.br\/institutogeologico\/wp-json\/wp\/v2\/comments?post=11699"}],"version-history":[{"count":8,"href":"https:\/\/www.infraestruturameioambiente.sp.gov.br\/institutogeologico\/wp-json\/wp\/v2\/posts\/11699\/revisions"}],"predecessor-version":[{"id":11911,"href":"https:\/\/www.infraestruturameioambiente.sp.gov.br\/institutogeologico\/wp-json\/wp\/v2\/posts\/11699\/revisions\/11911"}],"wp:featuredmedia":[{"embeddable":true,"href":"https:\/\/www.infraestruturameioambiente.sp.gov.br\/institutogeologico\/wp-json\/wp\/v2\/media\/11703"}],"wp:attachment":[{"href":"https:\/\/www.infraestruturameioambiente.sp.gov.br\/institutogeologico\/wp-json\/wp\/v2\/media?parent=11699"}],"wp:term":[{"taxonomy":"category","embeddable":true,"href":"https:\/\/www.infraestruturameioambiente.sp.gov.br\/institutogeologico\/wp-json\/wp\/v2\/categories?post=11699"},{"taxonomy":"post_tag","embeddable":true,"href":"https:\/\/www.infraestruturameioambiente.sp.gov.br\/institutogeologico\/wp-json\/wp\/v2\/tags?post=11699"}],"curies":[{"name":"wp","href":"https:\/\/api.w.org\/{rel}","templated":true}]}}