{"id":11492,"date":"2017-01-01T14:04:25","date_gmt":"2017-01-01T16:04:25","guid":{"rendered":"https:\/\/www.infraestruturameioambiente.sp.gov.br\/institutogeologico\/?p=11492"},"modified":"2017-09-25T15:12:03","modified_gmt":"2017-09-25T18:12:03","slug":"27-1940","status":"publish","type":"post","link":"https:\/\/www.infraestruturameioambiente.sp.gov.br\/institutogeologico\/2017\/01\/27-1940\/","title":{"rendered":"Boletim IGG 27 \u2013 Os Min\u00e9rios N\u00e3o Met\u00e1licos do Estado de S\u00e3o Paulo \u2013 1940 (PDF 41.4 MB)"},"content":{"rendered":"<p><img decoding=\"async\" loading=\"lazy\" class=\"alignleft size-medium wp-image-11493\" src=\"https:\/\/www.infraestruturameioambiente.sp.gov.br\/wp-content\/uploads\/sites\/233\/2017\/09\/Boletim_IGG_27_Os_Minerios_Nao_Metalicos_do_Estado_de_Sao_Paulo-1940-193x300.jpg\" alt=\"\" width=\"193\" height=\"300\" srcset=\"https:\/\/www.infraestruturameioambiente.sp.gov.br\/institutogeologico\/wp-content\/uploads\/sites\/233\/2017\/09\/Boletim_IGG_27_Os_Minerios_Nao_Metalicos_do_Estado_de_Sao_Paulo-1940-193x300.jpg 193w, https:\/\/www.infraestruturameioambiente.sp.gov.br\/institutogeologico\/wp-content\/uploads\/sites\/233\/2017\/09\/Boletim_IGG_27_Os_Minerios_Nao_Metalicos_do_Estado_de_Sao_Paulo-1940-768x1191.jpg 768w, https:\/\/www.infraestruturameioambiente.sp.gov.br\/institutogeologico\/wp-content\/uploads\/sites\/233\/2017\/09\/Boletim_IGG_27_Os_Minerios_Nao_Metalicos_do_Estado_de_Sao_Paulo-1940-174x270.jpg 174w, https:\/\/www.infraestruturameioambiente.sp.gov.br\/institutogeologico\/wp-content\/uploads\/sites\/233\/2017\/09\/Boletim_IGG_27_Os_Minerios_Nao_Metalicos_do_Estado_de_Sao_Paulo-1940-100x155.jpg 100w, https:\/\/www.infraestruturameioambiente.sp.gov.br\/institutogeologico\/wp-content\/uploads\/sites\/233\/2017\/09\/Boletim_IGG_27_Os_Minerios_Nao_Metalicos_do_Estado_de_Sao_Paulo-1940-63x97.jpg 63w, https:\/\/www.infraestruturameioambiente.sp.gov.br\/institutogeologico\/wp-content\/uploads\/sites\/233\/2017\/09\/Boletim_IGG_27_Os_Minerios_Nao_Metalicos_do_Estado_de_Sao_Paulo-1940-44x68.jpg 44w, https:\/\/www.infraestruturameioambiente.sp.gov.br\/institutogeologico\/wp-content\/uploads\/sites\/233\/2017\/09\/Boletim_IGG_27_Os_Minerios_Nao_Metalicos_do_Estado_de_Sao_Paulo-1940-130x201.jpg 130w, https:\/\/www.infraestruturameioambiente.sp.gov.br\/institutogeologico\/wp-content\/uploads\/sites\/233\/2017\/09\/Boletim_IGG_27_Os_Minerios_Nao_Metalicos_do_Estado_de_Sao_Paulo-1940-83x129.jpg 83w, https:\/\/www.infraestruturameioambiente.sp.gov.br\/institutogeologico\/wp-content\/uploads\/sites\/233\/2017\/09\/Boletim_IGG_27_Os_Minerios_Nao_Metalicos_do_Estado_de_Sao_Paulo-1940-64x99.jpg 64w, https:\/\/www.infraestruturameioambiente.sp.gov.br\/institutogeologico\/wp-content\/uploads\/sites\/233\/2017\/09\/Boletim_IGG_27_Os_Minerios_Nao_Metalicos_do_Estado_de_Sao_Paulo-1940-45x70.jpg 45w, https:\/\/www.infraestruturameioambiente.sp.gov.br\/institutogeologico\/wp-content\/uploads\/sites\/233\/2017\/09\/Boletim_IGG_27_Os_Minerios_Nao_Metalicos_do_Estado_de_Sao_Paulo-1940.jpg 1000w\" sizes=\"(max-width: 193px) 100vw, 193px\" \/><\/p>\n<p><a href=\"https:\/\/www.infraestruturameioambiente.sp.gov.br\/wp-content\/uploads\/sites\/233\/2017\/09\/Boletim_IGG_27_Os_Minerios_Nao_Metalicos_do_Estado_de_Sao_Paulo-1940.pdf\">Boletim IGG 27 \u2013 Os Min\u00e9rios N\u00e3o Met\u00e1licos do Estado de S\u00e3o Paulo \u2013 1940 (PDF 41.4 MB)<\/a><\/p>\n","protected":false},"excerpt":{"rendered":"<p>Boletim IGG 27 \u2013 Os Min\u00e9rios N\u00e3o Met\u00e1licos do Estado de S\u00e3o Paulo \u2013 1940 (PDF 41.4 MB)<\/p>\n","protected":false},"author":25,"featured_media":0,"comment_status":"closed","ping_status":"open","sticky":false,"template":"","format":"standard","meta":[],"categories":[1895],"tags":[],"_links":{"self":[{"href":"https:\/\/www.infraestruturameioambiente.sp.gov.br\/institutogeologico\/wp-json\/wp\/v2\/posts\/11492"}],"collection":[{"href":"https:\/\/www.infraestruturameioambiente.sp.gov.br\/institutogeologico\/wp-json\/wp\/v2\/posts"}],"about":[{"href":"https:\/\/www.infraestruturameioambiente.sp.gov.br\/institutogeologico\/wp-json\/wp\/v2\/types\/post"}],"author":[{"embeddable":true,"href":"https:\/\/www.infraestruturameioambiente.sp.gov.br\/institutogeologico\/wp-json\/wp\/v2\/users\/25"}],"replies":[{"embeddable":true,"href":"https:\/\/www.infraestruturameioambiente.sp.gov.br\/institutogeologico\/wp-json\/wp\/v2\/comments?post=11492"}],"version-history":[{"count":1,"href":"https:\/\/www.infraestruturameioambiente.sp.gov.br\/institutogeologico\/wp-json\/wp\/v2\/posts\/11492\/revisions"}],"predecessor-version":[{"id":11494,"href":"https:\/\/www.infraestruturameioambiente.sp.gov.br\/institutogeologico\/wp-json\/wp\/v2\/posts\/11492\/revisions\/11494"}],"wp:attachment":[{"href":"https:\/\/www.infraestruturameioambiente.sp.gov.br\/institutogeologico\/wp-json\/wp\/v2\/media?parent=11492"}],"wp:term":[{"taxonomy":"category","embeddable":true,"href":"https:\/\/www.infraestruturameioambiente.sp.gov.br\/institutogeologico\/wp-json\/wp\/v2\/categories?post=11492"},{"taxonomy":"post_tag","embeddable":true,"href":"https:\/\/www.infraestruturameioambiente.sp.gov.br\/institutogeologico\/wp-json\/wp\/v2\/tags?post=11492"}],"curies":[{"name":"wp","href":"https:\/\/api.w.org\/{rel}","templated":true}]}}