{"id":11336,"date":"2017-07-28T15:39:34","date_gmt":"2017-07-28T18:39:34","guid":{"rendered":"https:\/\/www.infraestruturameioambiente.sp.gov.br\/institutogeologico\/?p=11336"},"modified":"2021-04-29T14:19:40","modified_gmt":"2021-04-29T17:19:40","slug":"cadernos-do-projeto-aquiferos-no-6","status":"publish","type":"post","link":"https:\/\/www.infraestruturameioambiente.sp.gov.br\/institutogeologico\/2017\/07\/cadernos-do-projeto-aquiferos-no-6\/","title":{"rendered":"Publica\u00e7\u00e3o: &#8220;Delimita\u00e7\u00e3o de Per\u00edmetros de Prote\u00e7\u00e3o de Po\u00e7os de Abastecimento P\u00fablico&#8221;"},"content":{"rendered":"<div id=\"attachment_12821\" style=\"width: 245px\" class=\"wp-caption alignnone\"><a href=\"https:\/\/www.infraestruturameioambiente.sp.gov.br\/wp-content\/uploads\/sites\/233\/2017\/07\/DELIMITACAO_PERIMETRO_POCO.pdf\"><img aria-describedby=\"caption-attachment-12821\" decoding=\"async\" loading=\"lazy\" class=\"wp-image-12821 size-medium\" src=\"https:\/\/smastr16.blob.core.windows.net\/igeo\/2017\/07\/caderno6-235x300.jpg\" alt=\"\" width=\"235\" height=\"300\" srcset=\"https:\/\/smastr16.blob.core.windows.net\/igeo\/2017\/07\/caderno6-235x300.jpg 235w, https:\/\/smastr16.blob.core.windows.net\/igeo\/2017\/07\/caderno6-250x319.jpg 250w, https:\/\/smastr16.blob.core.windows.net\/igeo\/2017\/07\/caderno6-141x180.jpg 141w, https:\/\/smastr16.blob.core.windows.net\/igeo\/2017\/07\/caderno6.jpg 300w\" sizes=\"(max-width: 235px) 100vw, 235px\" \/><\/a><p id=\"caption-attachment-12821\" class=\"wp-caption-text\">Foto: IG\/SMA<\/p><\/div>\n<p style=\"text-align: justify\">Essa publica\u00e7\u00e3o compreende a s\u00edntese dos resultados de um projeto voltado \u00e0 implanta\u00e7\u00e3o do Per\u00edmetro de Alerta e \u00e0 manuten\u00e7\u00e3o da prote\u00e7\u00e3o sanit\u00e1ria dos po\u00e7os de abastecimento p\u00fablico, que foi desenvolvido pela parceria entre o Instituto Geol\u00f3gico e o Instituto de Pesquisas Tecnol\u00f3gicas e contou com apoio financeiro do FEHIDRO. O estudo foi desenvolvido em 120 munic\u00edpios abastecidos pelo Sistema Aqu\u00edfero Bauru e apresenta um diagn\u00f3stico geral das condi\u00e7\u00f5es da prote\u00e7\u00e3o sanit\u00e1ria dos po\u00e7os e uma proposta de delimita\u00e7\u00e3o do Per\u00edmetro de Alerta. Acompanham a publica\u00e7\u00e3o, um Sistema Visualizador de Informa\u00e7\u00f5es Georreferenciadas.<\/p>\n<p style=\"text-align: justify\">A publica\u00e7\u00e3o tamb\u00e9m inclui o Sistema Visualizador de Informa\u00e7\u00f5es Georreferenciadas, desenvolvido na plataforma do programa Google Earth\u2122 para facilitar a visualiza\u00e7\u00e3o pelo leitor do Per\u00edmetro de Alerta proposto <a href=\"https:\/\/drive.google.com\/open?id=0BwmaHF_Um2RcZVpLRGdlamthTzg\">CLIQUE AQUI.<\/a> (KMZ 9,5 MB)<\/p>\n<p style=\"text-align: justify\">Fichas de Po\u00e7os com indica\u00e7\u00e3o do Per\u00edmetro de Alerta proposto <a href=\"https:\/\/drive.google.com\/open?id=1YGjTmi8C-QvDZZQtSjRoEhbUCT_TpAXz\">CLIQUE AQUI<\/a>. (PDF 203 MB)<\/p>\n<p>Para acessar a publica\u00e7\u00e3o <a href=\"https:\/\/www.infraestruturameioambiente.sp.gov.br\/wp-content\/uploads\/sites\/233\/2017\/07\/DELIMITACAO_PERIMETRO_POCO.pdf\">CLIQUE AQUI<\/a>. (PDF 9,25 MB)<\/p>\n","protected":false},"excerpt":{"rendered":"<p>Essa publica\u00e7\u00e3o compreende a s\u00edntese dos resultados de um projeto voltado \u00e0 implanta\u00e7\u00e3o do Per\u00edmetro de Alerta e \u00e0 manuten\u00e7\u00e3o da prote\u00e7\u00e3o sanit\u00e1ria dos po\u00e7os de abastecimento p\u00fablico, que foi desenvolvido pela parceria entre o Instituto Geol\u00f3gico e o Instituto de Pesquisas Tecnol\u00f3gicas e contou com apoio financeiro do FEHIDRO. O estudo foi desenvolvido em [&hellip;]<\/p>\n","protected":false},"author":96,"featured_media":0,"comment_status":"closed","ping_status":"open","sticky":false,"template":"","format":"standard","meta":[],"categories":[1852,1850,1901],"tags":[],"_links":{"self":[{"href":"https:\/\/www.infraestruturameioambiente.sp.gov.br\/institutogeologico\/wp-json\/wp\/v2\/posts\/11336"}],"collection":[{"href":"https:\/\/www.infraestruturameioambiente.sp.gov.br\/institutogeologico\/wp-json\/wp\/v2\/posts"}],"about":[{"href":"https:\/\/www.infraestruturameioambiente.sp.gov.br\/institutogeologico\/wp-json\/wp\/v2\/types\/post"}],"author":[{"embeddable":true,"href":"https:\/\/www.infraestruturameioambiente.sp.gov.br\/institutogeologico\/wp-json\/wp\/v2\/users\/96"}],"replies":[{"embeddable":true,"href":"https:\/\/www.infraestruturameioambiente.sp.gov.br\/institutogeologico\/wp-json\/wp\/v2\/comments?post=11336"}],"version-history":[{"count":24,"href":"https:\/\/www.infraestruturameioambiente.sp.gov.br\/institutogeologico\/wp-json\/wp\/v2\/posts\/11336\/revisions"}],"predecessor-version":[{"id":13620,"href":"https:\/\/www.infraestruturameioambiente.sp.gov.br\/institutogeologico\/wp-json\/wp\/v2\/posts\/11336\/revisions\/13620"}],"wp:attachment":[{"href":"https:\/\/www.infraestruturameioambiente.sp.gov.br\/institutogeologico\/wp-json\/wp\/v2\/media?parent=11336"}],"wp:term":[{"taxonomy":"category","embeddable":true,"href":"https:\/\/www.infraestruturameioambiente.sp.gov.br\/institutogeologico\/wp-json\/wp\/v2\/categories?post=11336"},{"taxonomy":"post_tag","embeddable":true,"href":"https:\/\/www.infraestruturameioambiente.sp.gov.br\/institutogeologico\/wp-json\/wp\/v2\/tags?post=11336"}],"curies":[{"name":"wp","href":"https:\/\/api.w.org\/{rel}","templated":true}]}}