{"id":11247,"date":"2017-06-08T07:00:38","date_gmt":"2017-06-08T10:00:38","guid":{"rendered":"https:\/\/www.infraestruturameioambiente.sp.gov.br\/institutogeologico\/?p=11247"},"modified":"2017-06-08T08:19:53","modified_gmt":"2017-06-08T11:19:53","slug":"relatorio-impacto-vulnerabilidade-e-adaptacao-das-cidades-costeiras-brasileiras-as-mudancas-climaticas-tem-participacao-de-pesquisadora-do-instituto-geologico","status":"publish","type":"post","link":"https:\/\/www.infraestruturameioambiente.sp.gov.br\/institutogeologico\/2017\/06\/relatorio-impacto-vulnerabilidade-e-adaptacao-das-cidades-costeiras-brasileiras-as-mudancas-climaticas-tem-participacao-de-pesquisadora-do-instituto-geologico\/","title":{"rendered":"Relat\u00f3rio \u201cImpacto, Vulnerabilidade e Adapta\u00e7\u00e3o das Cidades Costeiras Brasileiras \u00e0s Mudan\u00e7as Clim\u00e1ticas\u201d tem participa\u00e7\u00e3o de pesquisadora do Instituto Geol\u00f3gico"},"content":{"rendered":"<p style=\"text-align: justify\"><img decoding=\"async\" loading=\"lazy\" class=\"alignleft size-medium wp-image-11249\" src=\"https:\/\/www.infraestruturameioambiente.sp.gov.br\/wp-content\/uploads\/sites\/233\/2017\/06\/Capa_Relatorio_PBMC-213x300.jpg\" alt=\"\" width=\"213\" height=\"300\" srcset=\"https:\/\/www.infraestruturameioambiente.sp.gov.br\/institutogeologico\/wp-content\/uploads\/sites\/233\/2017\/06\/Capa_Relatorio_PBMC-213x300.jpg 213w, https:\/\/www.infraestruturameioambiente.sp.gov.br\/institutogeologico\/wp-content\/uploads\/sites\/233\/2017\/06\/Capa_Relatorio_PBMC-768x1082.jpg 768w, https:\/\/www.infraestruturameioambiente.sp.gov.br\/institutogeologico\/wp-content\/uploads\/sites\/233\/2017\/06\/Capa_Relatorio_PBMC-192x270.jpg 192w, https:\/\/www.infraestruturameioambiente.sp.gov.br\/institutogeologico\/wp-content\/uploads\/sites\/233\/2017\/06\/Capa_Relatorio_PBMC-110x155.jpg 110w, https:\/\/www.infraestruturameioambiente.sp.gov.br\/institutogeologico\/wp-content\/uploads\/sites\/233\/2017\/06\/Capa_Relatorio_PBMC-69x97.jpg 69w, https:\/\/www.infraestruturameioambiente.sp.gov.br\/institutogeologico\/wp-content\/uploads\/sites\/233\/2017\/06\/Capa_Relatorio_PBMC-48x68.jpg 48w, https:\/\/www.infraestruturameioambiente.sp.gov.br\/institutogeologico\/wp-content\/uploads\/sites\/233\/2017\/06\/Capa_Relatorio_PBMC-143x201.jpg 143w, https:\/\/www.infraestruturameioambiente.sp.gov.br\/institutogeologico\/wp-content\/uploads\/sites\/233\/2017\/06\/Capa_Relatorio_PBMC-92x129.jpg 92w, https:\/\/www.infraestruturameioambiente.sp.gov.br\/institutogeologico\/wp-content\/uploads\/sites\/233\/2017\/06\/Capa_Relatorio_PBMC-70x99.jpg 70w, https:\/\/www.infraestruturameioambiente.sp.gov.br\/institutogeologico\/wp-content\/uploads\/sites\/233\/2017\/06\/Capa_Relatorio_PBMC-50x70.jpg 50w, https:\/\/www.infraestruturameioambiente.sp.gov.br\/institutogeologico\/wp-content\/uploads\/sites\/233\/2017\/06\/Capa_Relatorio_PBMC.jpg 800w\" sizes=\"(max-width: 213px) 100vw, 213px\" \/>A pesquisadora do Instituto Geol\u00f3gico (IG) Dra. Celia Regina de Gouveia Souza \u00e9 coautora do Relat\u00f3rio Especial do Painel Brasileiro de Mudan\u00e7as Clim\u00e1ticas (PBMC) \u201cImpacto, Vulnerabilidade e Adapta\u00e7\u00e3o das Cidades Costeiras Brasileiras \u00e0s Mudan\u00e7as Clim\u00e1ticas\u201d, lan\u00e7ado no dia 5 de junho de 2017 no Museu do Amanh\u00e3, no Rio de Janeiro.<\/p>\n<p style=\"text-align: justify\">N\u00e3o foi por acaso que o dia mundial do Meio Ambiente foi escolhido para o lan\u00e7amento do relat\u00f3rio. O evento serviu para promover uma discuss\u00e3o com especialistas, pesquisadores, tomadores de decis\u00e3o e a sociedade civil sobre as vulnerabilidades das cidades costeiras brasileiras frente \u00e0s mudan\u00e7as clim\u00e1ticas.<\/p>\n<p style=\"text-align: justify\">Durante o evento, o Relat\u00f3rio foi apresentado pelos profs. Drs. Jos\u00e9 Marengo do Centro Nacional de Monitoramento e Alertas de Desastres Naturais (CEMADEN) e Fabio Scarano da Funda\u00e7\u00e3o Brasileira para o Desenvolvimento Sustent\u00e1vel (FBDS), editores da publica\u00e7\u00e3o.<\/p>\n<p style=\"text-align: justify\">O trabalho\u00a0mostra o estado da arte sobre mudan\u00e7as de clima e cidades costeiras, baseado em uma exaustiva revis\u00e3o de publica\u00e7\u00f5es internacionais e nacionais sobre o tema, e tamb\u00e9m identifica lacunas no conhecimento para que os formuladores de pol\u00edticas p\u00fablicas e tomadores de decis\u00e3o possam propor e implementar medidas de adapta\u00e7\u00e3o.<\/p>\n<p style=\"text-align: justify\">O documento \u00e9 resultado de uma extensa revis\u00e3o e an\u00e1lise de publica\u00e7\u00f5es cient\u00edficas e usou a mesma estrat\u00e9gia de prepara\u00e7\u00e3o dos relat\u00f3rios do IPCC (painel de mudan\u00e7as clim\u00e1ticas da ONU) e indica impactos diferentes mediante cen\u00e1rios clim\u00e1ticos mais ou menos extremos.<\/p>\n<p style=\"text-align: justify\">Dentre as cidades discutidas no relat\u00f3rio est\u00e1 Santos, cujos dados apresentados se baseiam no projeto tem\u00e1tico\u00a0<a href=\"https:\/\/www.infraestruturameioambiente.sp.gov.br\/institutogeologico\/noticias\/pesquisadora-do-instituto-geologico-apresenta-projeto-de-pesquisa-internacional-sobre-a-elevacao-do-nivel-medio-do-mar\/\">Projeto METR\u00d3POLE<\/a>, financiado pela Fapesp, no qual a pesquisadora Celia tamb\u00e9m participa.<\/p>\n<p style=\"text-align: justify\">O escopo do relat\u00f3rio inclui:<\/p>\n<ol style=\"list-style-type: lower-alpha\">\n<li style=\"text-align: justify\">vulnerabilidade das zonas costeiras das cidades brasileiras frente aos poss\u00edveis impactos do aumento do n\u00edvel do mar e de eventos meteorol\u00f3gicos extremos, no presente e em cen\u00e1rios futuros de mudan\u00e7as clim\u00e1ticas;<\/li>\n<li style=\"text-align: justify\">alternativas de adapta\u00e7\u00e3o em \u00e1reas urbanas costeiras, tanto infraestruturais como baseadas em ecossistemas;<\/li>\n<li style=\"text-align: justify\">recomenda\u00e7\u00f5es para pol\u00edticas de adapta\u00e7\u00e3o; e<\/li>\n<li style=\"text-align: justify\">estudos de casos de cidades costeiras de m\u00e9dio e grande porte em diferentes regi\u00f5es do Brasil. Infelizmente, tend\u00eancias na magnitude e frequ\u00eancia dos eventos ainda n\u00e3o s\u00e3o totalmente precisas devido \u00e0 qualidade dos registros e aus\u00eancia de padr\u00e3o nas medi\u00e7\u00f5es atmosf\u00e9ricas, o que dificulta a an\u00e1lise da eros\u00e3o costeira e do aumento do n\u00edvel do mar no territ\u00f3rio nacional<\/li>\n<\/ol>\n<p style=\"text-align: justify\"><strong>Sobre o Painel Brasileiro de Mudan\u00e7as Clim\u00e1ticas<\/strong><\/p>\n<p style=\"text-align: justify\">O <a href=\"http:\/\/www.pbmc.coppe.ufrj.br\/\">PBMC<\/a> \u00e9 um organismo cient\u00edfico nacional com o objetivo de reunir, sintetizar e avaliar informa\u00e7\u00f5es cient\u00edficas sobre os aspectos relevantes das mudan\u00e7as clim\u00e1ticas no Brasil a partir da publica\u00e7\u00e3o de Relat\u00f3rios de Avalia\u00e7\u00e3o Nacional.<\/p>\n<p style=\"text-align: justify\">Para acessar o relat\u00f3rio <a href=\"https:\/\/www.researchgate.net\/publication\/317351229_Impacto_vulnerabilidade_e_adaptacao_das_cidades_costeiras_brasileiras_as_mudancas_climaticas_Relatorio_Especial_do_Painel_Brasileiro_de_Mudancas_Climaticas\">CLIQUE AQUI<\/a><\/p>\n<p style=\"text-align: justify\">\n","protected":false},"excerpt":{"rendered":"<p>A pesquisadora do Instituto Geol\u00f3gico (IG) Dra. Celia Regina de Gouveia Souza \u00e9 coautora do Relat\u00f3rio Especial do Painel Brasileiro de Mudan\u00e7as Clim\u00e1ticas (PBMC) \u201cImpacto, Vulnerabilidade e Adapta\u00e7\u00e3o das Cidades Costeiras Brasileiras \u00e0s Mudan\u00e7as Clim\u00e1ticas\u201d, lan\u00e7ado no dia 5 de junho de 2017 no Museu do Amanh\u00e3, no Rio de Janeiro. N\u00e3o foi por acaso [&hellip;]<\/p>\n","protected":false},"author":25,"featured_media":11248,"comment_status":"closed","ping_status":"open","sticky":false,"template":"","format":"standard","meta":[],"categories":[1852,1850],"tags":[],"_links":{"self":[{"href":"https:\/\/www.infraestruturameioambiente.sp.gov.br\/institutogeologico\/wp-json\/wp\/v2\/posts\/11247"}],"collection":[{"href":"https:\/\/www.infraestruturameioambiente.sp.gov.br\/institutogeologico\/wp-json\/wp\/v2\/posts"}],"about":[{"href":"https:\/\/www.infraestruturameioambiente.sp.gov.br\/institutogeologico\/wp-json\/wp\/v2\/types\/post"}],"author":[{"embeddable":true,"href":"https:\/\/www.infraestruturameioambiente.sp.gov.br\/institutogeologico\/wp-json\/wp\/v2\/users\/25"}],"replies":[{"embeddable":true,"href":"https:\/\/www.infraestruturameioambiente.sp.gov.br\/institutogeologico\/wp-json\/wp\/v2\/comments?post=11247"}],"version-history":[{"count":2,"href":"https:\/\/www.infraestruturameioambiente.sp.gov.br\/institutogeologico\/wp-json\/wp\/v2\/posts\/11247\/revisions"}],"predecessor-version":[{"id":11251,"href":"https:\/\/www.infraestruturameioambiente.sp.gov.br\/institutogeologico\/wp-json\/wp\/v2\/posts\/11247\/revisions\/11251"}],"wp:featuredmedia":[{"embeddable":true,"href":"https:\/\/www.infraestruturameioambiente.sp.gov.br\/institutogeologico\/wp-json\/wp\/v2\/media\/11248"}],"wp:attachment":[{"href":"https:\/\/www.infraestruturameioambiente.sp.gov.br\/institutogeologico\/wp-json\/wp\/v2\/media?parent=11247"}],"wp:term":[{"taxonomy":"category","embeddable":true,"href":"https:\/\/www.infraestruturameioambiente.sp.gov.br\/institutogeologico\/wp-json\/wp\/v2\/categories?post=11247"},{"taxonomy":"post_tag","embeddable":true,"href":"https:\/\/www.infraestruturameioambiente.sp.gov.br\/institutogeologico\/wp-json\/wp\/v2\/tags?post=11247"}],"curies":[{"name":"wp","href":"https:\/\/api.w.org\/{rel}","templated":true}]}}