{"id":11243,"date":"2017-06-07T10:03:15","date_gmt":"2017-06-07T13:03:15","guid":{"rendered":"https:\/\/www.infraestruturameioambiente.sp.gov.br\/institutogeologico\/?p=11243"},"modified":"2017-06-07T10:03:15","modified_gmt":"2017-06-07T13:03:15","slug":"palestras-exposicao-artistica-e-grande-visitacao-marcaram-o-inicio-das-comemoracoes-da-semana-do-meio-ambiente-no-mugeo","status":"publish","type":"post","link":"https:\/\/www.infraestruturameioambiente.sp.gov.br\/institutogeologico\/2017\/06\/palestras-exposicao-artistica-e-grande-visitacao-marcaram-o-inicio-das-comemoracoes-da-semana-do-meio-ambiente-no-mugeo\/","title":{"rendered":"Palestras, exposi\u00e7\u00e3o art\u00edstica e grande visita\u00e7\u00e3o marcaram o in\u00edcio das comemora\u00e7\u00f5es da Semana do Meio Ambiente no MUGEO"},"content":{"rendered":"<div class=\"wc-gallery\"><div id='gallery-1' data-gutter-width='5' data-columns='1' class='gallery wc-gallery-captions-onhover gallery-link-file gallery-masonry galleryid-11243 gallery-columns-1 gallery-size-thumbnail wc-gallery-bottomspace-default wc-gallery-clear'><div class='gallery-item gallery-item-position-1 gallery-item-attachment-11244'>\n\t\t\t\t<div class='gallery-icon portrait'>\n\t\t\t\t\t<a href='https:\/\/www.infraestruturameioambiente.sp.gov.br\/institutogeologico\/wp-content\/uploads\/sites\/233\/2017\/06\/Semana_Ambienete_MUGEO_02-600x800.jpg' title='Semana_Ambienete_MUGEO_02' target='_self'><img width=\"150\" height=\"150\" src=\"https:\/\/www.infraestruturameioambiente.sp.gov.br\/institutogeologico\/wp-content\/uploads\/sites\/233\/2017\/06\/Semana_Ambienete_MUGEO_02-150x150.jpg\" class=\"attachment-thumbnail size-thumbnail\" alt=\"\" decoding=\"async\" loading=\"lazy\" \/><\/a>\n\t\t\t\t<\/div>\n\t\t\t\t\t<div class='wp-caption-text gallery-caption'>\n\t\t\t\t\t\t<p>\n\t\t\t\t\t\tAquarelas\n\t\t\t\t\t\t<\/p>\n\t\t\t\t\t<\/div><\/div><div class='gallery-item gallery-item-position-2 gallery-item-attachment-11245'>\n\t\t\t\t<div class='gallery-icon portrait'>\n\t\t\t\t\t<a href='https:\/\/www.infraestruturameioambiente.sp.gov.br\/institutogeologico\/wp-content\/uploads\/sites\/233\/2017\/06\/Semana_Ambienete_MUGEO_03-600x800.jpg' title='Semana_Ambienete_MUGEO_03' target='_self'><img width=\"150\" height=\"150\" src=\"https:\/\/www.infraestruturameioambiente.sp.gov.br\/institutogeologico\/wp-content\/uploads\/sites\/233\/2017\/06\/Semana_Ambienete_MUGEO_03-150x150.jpg\" class=\"attachment-thumbnail size-thumbnail\" alt=\"\" decoding=\"async\" loading=\"lazy\" \/><\/a>\n\t\t\t\t<\/div>\n\t\t\t\t\t<div class='wp-caption-text gallery-caption'>\n\t\t\t\t\t\t<p>\n\t\t\t\t\t\tPain\u00e9is\n\t\t\t\t\t\t<\/p>\n\t\t\t\t\t<\/div><\/div><div class='gallery-item gallery-item-position-3 gallery-item-attachment-11018'>\n\t\t\t\t<div class='gallery-icon landscape'>\n\t\t\t\t\t<a href='https:\/\/www.infraestruturameioambiente.sp.gov.br\/institutogeologico\/wp-content\/uploads\/sites\/233\/2017\/04\/Dia_Terra_MUGEO_03-600x600.jpg' title='Dia_Terra_MUGEO_03' target='_self'><img width=\"150\" height=\"150\" src=\"https:\/\/www.infraestruturameioambiente.sp.gov.br\/institutogeologico\/wp-content\/uploads\/sites\/233\/2017\/04\/Dia_Terra_MUGEO_03-150x150.jpg\" class=\"attachment-thumbnail size-thumbnail\" alt=\"\" decoding=\"async\" loading=\"lazy\" srcset=\"https:\/\/www.infraestruturameioambiente.sp.gov.br\/institutogeologico\/wp-content\/uploads\/sites\/233\/2017\/04\/Dia_Terra_MUGEO_03-150x150.jpg 150w, https:\/\/www.infraestruturameioambiente.sp.gov.br\/institutogeologico\/wp-content\/uploads\/sites\/233\/2017\/04\/Dia_Terra_MUGEO_03-600x600.jpg 600w\" sizes=\"(max-width: 150px) 100vw, 150px\" \/><\/a>\n\t\t\t\t<\/div>\n\t\t\t\t\t<div class='wp-caption-text gallery-caption'>\n\t\t\t\t\t\t<p>\n\t\t\t\t\t\tMeteorito Avanhandava\n\t\t\t\t\t\t<\/p>\n\t\t\t\t\t<\/div><\/div><\/div>\n<\/div>\n<p style=\"text-align: justify\">Em comemora\u00e7\u00e3o \u00e0 Semana do Meio ambiente (5 de junho, dia Mundial do Meio Ambiente), a equipe do Museu Geol\u00f3gico (<a href=\"http:\/\/mugeo.sp.gov.br\/\">MUGEO<\/a>) realizou uma s\u00e9rie de atividades alusivas \u00e0 data, especialmente nos dias 3 e 4 de junho de 2017 (s\u00e1bado e domingo). Quem visitou as depend\u00eancias do Museu teve a oportunidade de construir outro olhar sobre a vida em nosso planeta, por meio da aprecia\u00e7\u00e3o de v\u00e1rios pain\u00e9is em aquarela e da participa\u00e7\u00e3o em breves palestras tem\u00e1ticas. Entre elas citamos a apresenta\u00e7\u00e3o de relatos, documentos e fotos antigas dos rios paulistas explorados pela Comiss\u00e3o Geogr\u00e1fica e Geol\u00f3gica (CGG), com destaque ao Rio Grande (expedi\u00e7\u00e3o iniciada em 1913), importante meio de locomo\u00e7\u00e3o para o desbravamento do territ\u00f3rio e registro dos recursos naturais existentes.<\/p>\n<p style=\"text-align: justify\">Outra viagem no tempo foi a apresenta\u00e7\u00e3o de estudos realizados por Alberto L\u00f6fgren, pesquisador da CGG, visando o mapeamento dos sambaquis (nome dados pelos \u00edndios aos grandes montes de conchas existentes no litoral), verdadeiros testemunhos da exist\u00eancia de comunidades primitivas no territ\u00f3rio paulista.<\/p>\n<p style=\"text-align: justify\">A explana\u00e7\u00e3o sobre meteoritos em muito chamou a aten\u00e7\u00e3o do p\u00fablico visitante, especialmente o infantil, despertando o imagin\u00e1rio e indaga\u00e7\u00f5es.<\/p>\n<p style=\"text-align: justify\">Como \u00faltima atividade comemorativa ao meio ambiente, foi proporcionado ao p\u00fablico um breve momento de reflex\u00e3o sobre a sa\u00fade atual dos rios paulistas, por meio da apresenta\u00e7\u00e3o de dados atuais relativos aos \u00edndices de qualidade e ao de uso de suas \u00e1guas.<\/p>\n<p style=\"text-align: justify\">O Museu Geol\u00f3gico est\u00e1 localizado no Parque da \u00c1gua Branca, que fica na Avenida Francisco Matarazzo, 455 \u2013 \u00c1gua Branca. Fica aberto ao p\u00fablico de ter\u00e7a a domingo, das 9 \u00e0s 17 horas.<\/p>\n","protected":false},"excerpt":{"rendered":"<p>Em comemora\u00e7\u00e3o \u00e0 Semana do Meio ambiente (5 de junho, dia Mundial do Meio Ambiente), a equipe do Museu Geol\u00f3gico (MUGEO) realizou uma s\u00e9rie de atividades alusivas \u00e0 data, especialmente nos dias 3 e 4 de junho de 2017 (s\u00e1bado e domingo). Quem visitou as depend\u00eancias do Museu teve a oportunidade de construir outro olhar [&hellip;]<\/p>\n","protected":false},"author":25,"featured_media":10400,"comment_status":"closed","ping_status":"open","sticky":false,"template":"","format":"standard","meta":[],"categories":[1852,1850],"tags":[],"_links":{"self":[{"href":"https:\/\/www.infraestruturameioambiente.sp.gov.br\/institutogeologico\/wp-json\/wp\/v2\/posts\/11243"}],"collection":[{"href":"https:\/\/www.infraestruturameioambiente.sp.gov.br\/institutogeologico\/wp-json\/wp\/v2\/posts"}],"about":[{"href":"https:\/\/www.infraestruturameioambiente.sp.gov.br\/institutogeologico\/wp-json\/wp\/v2\/types\/post"}],"author":[{"embeddable":true,"href":"https:\/\/www.infraestruturameioambiente.sp.gov.br\/institutogeologico\/wp-json\/wp\/v2\/users\/25"}],"replies":[{"embeddable":true,"href":"https:\/\/www.infraestruturameioambiente.sp.gov.br\/institutogeologico\/wp-json\/wp\/v2\/comments?post=11243"}],"version-history":[{"count":1,"href":"https:\/\/www.infraestruturameioambiente.sp.gov.br\/institutogeologico\/wp-json\/wp\/v2\/posts\/11243\/revisions"}],"predecessor-version":[{"id":11246,"href":"https:\/\/www.infraestruturameioambiente.sp.gov.br\/institutogeologico\/wp-json\/wp\/v2\/posts\/11243\/revisions\/11246"}],"wp:featuredmedia":[{"embeddable":true,"href":"https:\/\/www.infraestruturameioambiente.sp.gov.br\/institutogeologico\/wp-json\/wp\/v2\/media\/10400"}],"wp:attachment":[{"href":"https:\/\/www.infraestruturameioambiente.sp.gov.br\/institutogeologico\/wp-json\/wp\/v2\/media?parent=11243"}],"wp:term":[{"taxonomy":"category","embeddable":true,"href":"https:\/\/www.infraestruturameioambiente.sp.gov.br\/institutogeologico\/wp-json\/wp\/v2\/categories?post=11243"},{"taxonomy":"post_tag","embeddable":true,"href":"https:\/\/www.infraestruturameioambiente.sp.gov.br\/institutogeologico\/wp-json\/wp\/v2\/tags?post=11243"}],"curies":[{"name":"wp","href":"https:\/\/api.w.org\/{rel}","templated":true}]}}