{"id":11223,"date":"2017-05-30T14:51:31","date_gmt":"2017-05-30T17:51:31","guid":{"rendered":"https:\/\/www.infraestruturameioambiente.sp.gov.br\/institutogeologico\/?p=11223"},"modified":"2017-05-30T16:29:53","modified_gmt":"2017-05-30T19:29:53","slug":"museu-geologico-comemora-dia-do-meio-ambiente","status":"publish","type":"post","link":"https:\/\/www.infraestruturameioambiente.sp.gov.br\/institutogeologico\/2017\/05\/museu-geologico-comemora-dia-do-meio-ambiente\/","title":{"rendered":"Museu Geol\u00f3gico comemora Dia do Meio Ambiente"},"content":{"rendered":"<div id=\"attachment_11018\" style=\"width: 310px\" class=\"wp-caption alignleft\"><img aria-describedby=\"caption-attachment-11018\" decoding=\"async\" loading=\"lazy\" class=\"size-medium wp-image-11018\" src=\"https:\/\/www.infraestruturameioambiente.sp.gov.br\/wp-content\/uploads\/sites\/233\/2017\/04\/Dia_Terra_MUGEO_03-300x225.jpg\" alt=\"\" width=\"300\" height=\"225\" srcset=\"https:\/\/www.infraestruturameioambiente.sp.gov.br\/institutogeologico\/wp-content\/uploads\/sites\/233\/2017\/04\/Dia_Terra_MUGEO_03-300x225.jpg 300w, https:\/\/www.infraestruturameioambiente.sp.gov.br\/institutogeologico\/wp-content\/uploads\/sites\/233\/2017\/04\/Dia_Terra_MUGEO_03-768x576.jpg 768w, https:\/\/www.infraestruturameioambiente.sp.gov.br\/institutogeologico\/wp-content\/uploads\/sites\/233\/2017\/04\/Dia_Terra_MUGEO_03-360x270.jpg 360w, https:\/\/www.infraestruturameioambiente.sp.gov.br\/institutogeologico\/wp-content\/uploads\/sites\/233\/2017\/04\/Dia_Terra_MUGEO_03-207x155.jpg 207w, https:\/\/www.infraestruturameioambiente.sp.gov.br\/institutogeologico\/wp-content\/uploads\/sites\/233\/2017\/04\/Dia_Terra_MUGEO_03-129x97.jpg 129w, https:\/\/www.infraestruturameioambiente.sp.gov.br\/institutogeologico\/wp-content\/uploads\/sites\/233\/2017\/04\/Dia_Terra_MUGEO_03-68x51.jpg 68w, https:\/\/www.infraestruturameioambiente.sp.gov.br\/institutogeologico\/wp-content\/uploads\/sites\/233\/2017\/04\/Dia_Terra_MUGEO_03-268x201.jpg 268w, https:\/\/www.infraestruturameioambiente.sp.gov.br\/institutogeologico\/wp-content\/uploads\/sites\/233\/2017\/04\/Dia_Terra_MUGEO_03-132x99.jpg 132w, https:\/\/www.infraestruturameioambiente.sp.gov.br\/institutogeologico\/wp-content\/uploads\/sites\/233\/2017\/04\/Dia_Terra_MUGEO_03-70x53.jpg 70w, https:\/\/www.infraestruturameioambiente.sp.gov.br\/institutogeologico\/wp-content\/uploads\/sites\/233\/2017\/04\/Dia_Terra_MUGEO_03-330x248.jpg 330w, https:\/\/www.infraestruturameioambiente.sp.gov.br\/institutogeologico\/wp-content\/uploads\/sites\/233\/2017\/04\/Dia_Terra_MUGEO_03-69x52.jpg 69w, https:\/\/www.infraestruturameioambiente.sp.gov.br\/institutogeologico\/wp-content\/uploads\/sites\/233\/2017\/04\/Dia_Terra_MUGEO_03.jpg 800w\" sizes=\"(max-width: 300px) 100vw, 300px\" \/><p id=\"caption-attachment-11018\" class=\"wp-caption-text\">Meteorito Avanhandava<\/p><\/div>\n<p style=\"text-align: justify\">5 de junho \u00e9 o Dia Mundial do Meio Ambiente. O Museu Geol\u00f3gico (<a href=\"http:\/\/mugeo.sp.gov.br\">MUGEO<\/a>) antecipa as comemora\u00e7\u00f5es, realizando uma s\u00e9rie de atividades nos dias 3 e 4 de junho (s\u00e1bado e domingo). Nesse final de semana os visitantes poder\u00e3o conferir uma exposi\u00e7\u00e3o de pain\u00e9is de aquarelas\u00a0e participar de uma s\u00e9rie de apresenta\u00e7\u00f5es, sobre diversos temas como: meteoritos e Comiss\u00e3o Geogr\u00e1fica e Geol\u00f3gica de S\u00e3o Paulo.<\/p>\n<p style=\"text-align: justify\">As atividades s\u00e3o gratuitas e n\u00e3o \u00e9 necess\u00e1ria inscri\u00e7\u00e3o pr\u00e9via.<\/p>\n<p style=\"text-align: justify\">O Museu Geol\u00f3gico est\u00e1 localizado no Parque da \u00c1gua Branca, que fica na Avenida Francisco Matarazzo, 455 \u2013 \u00c1gua Branca. Fica aberto ao p\u00fablico de ter\u00e7a a domingo, das 9 \u00e0s 17 horas.<\/p>\n","protected":false},"excerpt":{"rendered":"<p>5 de junho \u00e9 o Dia Mundial do Meio Ambiente. O Museu Geol\u00f3gico (MUGEO) antecipa as comemora\u00e7\u00f5es, realizando uma s\u00e9rie de atividades nos dias 3 e 4 de junho (s\u00e1bado e domingo). Nesse final de semana os visitantes poder\u00e3o conferir uma exposi\u00e7\u00e3o de pain\u00e9is de aquarelas\u00a0e participar de uma s\u00e9rie de apresenta\u00e7\u00f5es, sobre diversos temas [&hellip;]<\/p>\n","protected":false},"author":25,"featured_media":11224,"comment_status":"closed","ping_status":"open","sticky":false,"template":"","format":"standard","meta":[],"categories":[1852,1850],"tags":[],"_links":{"self":[{"href":"https:\/\/www.infraestruturameioambiente.sp.gov.br\/institutogeologico\/wp-json\/wp\/v2\/posts\/11223"}],"collection":[{"href":"https:\/\/www.infraestruturameioambiente.sp.gov.br\/institutogeologico\/wp-json\/wp\/v2\/posts"}],"about":[{"href":"https:\/\/www.infraestruturameioambiente.sp.gov.br\/institutogeologico\/wp-json\/wp\/v2\/types\/post"}],"author":[{"embeddable":true,"href":"https:\/\/www.infraestruturameioambiente.sp.gov.br\/institutogeologico\/wp-json\/wp\/v2\/users\/25"}],"replies":[{"embeddable":true,"href":"https:\/\/www.infraestruturameioambiente.sp.gov.br\/institutogeologico\/wp-json\/wp\/v2\/comments?post=11223"}],"version-history":[{"count":3,"href":"https:\/\/www.infraestruturameioambiente.sp.gov.br\/institutogeologico\/wp-json\/wp\/v2\/posts\/11223\/revisions"}],"predecessor-version":[{"id":11227,"href":"https:\/\/www.infraestruturameioambiente.sp.gov.br\/institutogeologico\/wp-json\/wp\/v2\/posts\/11223\/revisions\/11227"}],"wp:featuredmedia":[{"embeddable":true,"href":"https:\/\/www.infraestruturameioambiente.sp.gov.br\/institutogeologico\/wp-json\/wp\/v2\/media\/11224"}],"wp:attachment":[{"href":"https:\/\/www.infraestruturameioambiente.sp.gov.br\/institutogeologico\/wp-json\/wp\/v2\/media?parent=11223"}],"wp:term":[{"taxonomy":"category","embeddable":true,"href":"https:\/\/www.infraestruturameioambiente.sp.gov.br\/institutogeologico\/wp-json\/wp\/v2\/categories?post=11223"},{"taxonomy":"post_tag","embeddable":true,"href":"https:\/\/www.infraestruturameioambiente.sp.gov.br\/institutogeologico\/wp-json\/wp\/v2\/tags?post=11223"}],"curies":[{"name":"wp","href":"https:\/\/api.w.org\/{rel}","templated":true}]}}