{"id":11206,"date":"2014-01-01T00:00:06","date_gmt":"2014-01-01T02:00:06","guid":{"rendered":"https:\/\/www.infraestruturameioambiente.sp.gov.br\/institutogeologico\/?p=11206"},"modified":"2017-05-16T10:05:30","modified_gmt":"2017-05-16T13:05:30","slug":"souza-c-r-de-g-coord-2014-aplicacao-de-geotecnologias-na-orientacao-do-uso-da-terra-com-base-nos-impactos-das-mudancas-climaticas-globais-sub-bacias-hidrograficas-litoraneas-do-estado-de-sao-pa","status":"publish","type":"post","link":"https:\/\/www.infraestruturameioambiente.sp.gov.br\/institutogeologico\/2014\/01\/souza-c-r-de-g-coord-2014-aplicacao-de-geotecnologias-na-orientacao-do-uso-da-terra-com-base-nos-impactos-das-mudancas-climaticas-globais-sub-bacias-hidrograficas-litoraneas-do-estado-de-sao-pa\/","title":{"rendered":"SOUZA, C.R de G. (coord). 2014. Aplica\u00e7\u00e3o de Geotecnologias na Orienta\u00e7\u00e3o do Uso da Terra com Base nos Impactos das Mudan\u00e7as Clim\u00e1ticas Globais: Sub-Bacias Hidrogr\u00e1ficas Litor\u00e2neas do Estado de S\u00e3o Paulo e do Estado do Rio de Janeiro. Projeto Fapesp 2011\/50219-3. 3\u00ba Relat\u00f3rio Cient\u00edfico, novembro\/2014. 29p."},"content":{"rendered":"<p><strong>Refer\u00eancia:\u00a0<\/strong>SOUZA, C.R de G. (coord). 2014. Aplica\u00e7\u00e3o de Geotecnologias na Orienta\u00e7\u00e3o do Uso da Terra com Base nos Impactos das Mudan\u00e7as Clim\u00e1ticas Globais: Sub-Bacias Hidrogr\u00e1ficas Litor\u00e2neas do Estado de S\u00e3o Paulo e do Estado do Rio de Janeiro. Projeto Fapesp 2011\/50219-3. 3\u00ba Relat\u00f3rio Cient\u00edfico, novembro\/2014. 29p.<\/p>\n<p><strong>Tipo:<\/strong> Relat\u00f3rio T\u00e9cnico<\/p>\n<p><strong>Palavras Chave:\u00a0<\/strong>geotecnologias, riscos, mudan\u00e7as clim\u00e1ticas, Litoral Norte de S\u00e3o Paulo<\/p>\n<p><strong>Projeto:\u00a0<\/strong>Aplica\u00e7\u00e3o de Geotecnologias na Orienta\u00e7\u00e3o do Uso da Terra com Base nos Impactos das Mudan\u00e7as Clim\u00e1ticas Globais: Sub-Bacias Hidrogr\u00e1ficas Litor\u00e2neas do Estado de S\u00e3o Paulo e do Estado do Rio de Janeiro<\/p>\n<p><strong>Restri\u00e7\u00e3o:<\/strong> Sem Restri\u00e7\u00e3o<\/p>\n","protected":false},"excerpt":{"rendered":"<p>Refer\u00eancia:\u00a0SOUZA, C.R de G. (coord). 2014. Aplica\u00e7\u00e3o de Geotecnologias na Orienta\u00e7\u00e3o do Uso da Terra com Base nos Impactos das Mudan\u00e7as Clim\u00e1ticas Globais: Sub-Bacias Hidrogr\u00e1ficas Litor\u00e2neas do Estado de S\u00e3o Paulo e do Estado do Rio de Janeiro. Projeto Fapesp 2011\/50219-3. 3\u00ba Relat\u00f3rio Cient\u00edfico, novembro\/2014. 29p. Tipo: Relat\u00f3rio T\u00e9cnico Palavras Chave:\u00a0geotecnologias, riscos, mudan\u00e7as clim\u00e1ticas, Litoral [&hellip;]<\/p>\n","protected":false},"author":25,"featured_media":0,"comment_status":"closed","ping_status":"open","sticky":false,"template":"","format":"standard","meta":[],"categories":[37],"tags":[],"_links":{"self":[{"href":"https:\/\/www.infraestruturameioambiente.sp.gov.br\/institutogeologico\/wp-json\/wp\/v2\/posts\/11206"}],"collection":[{"href":"https:\/\/www.infraestruturameioambiente.sp.gov.br\/institutogeologico\/wp-json\/wp\/v2\/posts"}],"about":[{"href":"https:\/\/www.infraestruturameioambiente.sp.gov.br\/institutogeologico\/wp-json\/wp\/v2\/types\/post"}],"author":[{"embeddable":true,"href":"https:\/\/www.infraestruturameioambiente.sp.gov.br\/institutogeologico\/wp-json\/wp\/v2\/users\/25"}],"replies":[{"embeddable":true,"href":"https:\/\/www.infraestruturameioambiente.sp.gov.br\/institutogeologico\/wp-json\/wp\/v2\/comments?post=11206"}],"version-history":[{"count":1,"href":"https:\/\/www.infraestruturameioambiente.sp.gov.br\/institutogeologico\/wp-json\/wp\/v2\/posts\/11206\/revisions"}],"predecessor-version":[{"id":11207,"href":"https:\/\/www.infraestruturameioambiente.sp.gov.br\/institutogeologico\/wp-json\/wp\/v2\/posts\/11206\/revisions\/11207"}],"wp:attachment":[{"href":"https:\/\/www.infraestruturameioambiente.sp.gov.br\/institutogeologico\/wp-json\/wp\/v2\/media?parent=11206"}],"wp:term":[{"taxonomy":"category","embeddable":true,"href":"https:\/\/www.infraestruturameioambiente.sp.gov.br\/institutogeologico\/wp-json\/wp\/v2\/categories?post=11206"},{"taxonomy":"post_tag","embeddable":true,"href":"https:\/\/www.infraestruturameioambiente.sp.gov.br\/institutogeologico\/wp-json\/wp\/v2\/tags?post=11206"}],"curies":[{"name":"wp","href":"https:\/\/api.w.org\/{rel}","templated":true}]}}