{"id":11190,"date":"2014-01-01T00:00:24","date_gmt":"2014-01-01T02:00:24","guid":{"rendered":"https:\/\/www.infraestruturameioambiente.sp.gov.br\/institutogeologico\/?p=11190"},"modified":"2017-05-16T09:53:24","modified_gmt":"2017-05-16T12:53:24","slug":"instituto-geologico-perimetros-de-protecao-de-pocos-de-abastecimento-publico-em-rafard-sp-relatorio-tecnico-geraldo-hideo-oda-coord-sao-paulo-sma-ig-2014-50-p","status":"publish","type":"post","link":"https:\/\/www.infraestruturameioambiente.sp.gov.br\/institutogeologico\/2014\/01\/instituto-geologico-perimetros-de-protecao-de-pocos-de-abastecimento-publico-em-rafard-sp-relatorio-tecnico-geraldo-hideo-oda-coord-sao-paulo-sma-ig-2014-50-p\/","title":{"rendered":"Instituto Geol\u00f3gico. Per\u00edmetros de prote\u00e7\u00e3o de po\u00e7os de abastecimento p\u00fablico em Rafard (SP): Relat\u00f3rio T\u00e9cnico \/ Geraldo Hideo Oda (coord). \u2013 S\u00e3o Paulo: SMA \/ IG, 2014. 50 p."},"content":{"rendered":"<p><strong>Refer\u00eancia:<\/strong>\u00a0Instituto Geol\u00f3gico. Per\u00edmetros de prote\u00e7\u00e3o de po\u00e7os de abastecimento p\u00fablico em Rafard (SP): Relat\u00f3rio T\u00e9cnico \/ Geraldo Hideo Oda (coord). \u2013 S\u00e3o Paulo: SMA \/ IG, 2014. 50 p.<\/p>\n<p><strong>Tipo:<\/strong> Relat\u00f3rio T\u00e9cnico<\/p>\n<p><strong>Palavras Chave:<\/strong> \u00c1guas subterr\u00e2neas, Per\u00edmetros de prote\u00e7\u00e3o de po\u00e7os, Abastecimento p\u00fablico<\/p>\n<p><strong>Projeto:\u00a0<\/strong>Identifica\u00e7\u00e3o de \u00e1reas potenciais de restri\u00e7\u00e3o e controle de capta\u00e7\u00e3o e uso das \u00e1guas subterr\u00e2neas na por\u00e7\u00e3o sul da UGRHI05 \u2013 Projeto ARC-TUB1.<\/p>\n<p>Restri\u00e7\u00e3o: Sem Restri\u00e7\u00e3o<\/p>\n","protected":false},"excerpt":{"rendered":"<p>Refer\u00eancia:\u00a0Instituto Geol\u00f3gico. Per\u00edmetros de prote\u00e7\u00e3o de po\u00e7os de abastecimento p\u00fablico em Rafard (SP): Relat\u00f3rio T\u00e9cnico \/ Geraldo Hideo Oda (coord). \u2013 S\u00e3o Paulo: SMA \/ IG, 2014. 50 p. Tipo: Relat\u00f3rio T\u00e9cnico Palavras Chave: \u00c1guas subterr\u00e2neas, Per\u00edmetros de prote\u00e7\u00e3o de po\u00e7os, Abastecimento p\u00fablico Projeto:\u00a0Identifica\u00e7\u00e3o de \u00e1reas potenciais de restri\u00e7\u00e3o e controle de capta\u00e7\u00e3o e uso [&hellip;]<\/p>\n","protected":false},"author":25,"featured_media":0,"comment_status":"closed","ping_status":"open","sticky":false,"template":"","format":"standard","meta":[],"categories":[37],"tags":[],"_links":{"self":[{"href":"https:\/\/www.infraestruturameioambiente.sp.gov.br\/institutogeologico\/wp-json\/wp\/v2\/posts\/11190"}],"collection":[{"href":"https:\/\/www.infraestruturameioambiente.sp.gov.br\/institutogeologico\/wp-json\/wp\/v2\/posts"}],"about":[{"href":"https:\/\/www.infraestruturameioambiente.sp.gov.br\/institutogeologico\/wp-json\/wp\/v2\/types\/post"}],"author":[{"embeddable":true,"href":"https:\/\/www.infraestruturameioambiente.sp.gov.br\/institutogeologico\/wp-json\/wp\/v2\/users\/25"}],"replies":[{"embeddable":true,"href":"https:\/\/www.infraestruturameioambiente.sp.gov.br\/institutogeologico\/wp-json\/wp\/v2\/comments?post=11190"}],"version-history":[{"count":1,"href":"https:\/\/www.infraestruturameioambiente.sp.gov.br\/institutogeologico\/wp-json\/wp\/v2\/posts\/11190\/revisions"}],"predecessor-version":[{"id":11191,"href":"https:\/\/www.infraestruturameioambiente.sp.gov.br\/institutogeologico\/wp-json\/wp\/v2\/posts\/11190\/revisions\/11191"}],"wp:attachment":[{"href":"https:\/\/www.infraestruturameioambiente.sp.gov.br\/institutogeologico\/wp-json\/wp\/v2\/media?parent=11190"}],"wp:term":[{"taxonomy":"category","embeddable":true,"href":"https:\/\/www.infraestruturameioambiente.sp.gov.br\/institutogeologico\/wp-json\/wp\/v2\/categories?post=11190"},{"taxonomy":"post_tag","embeddable":true,"href":"https:\/\/www.infraestruturameioambiente.sp.gov.br\/institutogeologico\/wp-json\/wp\/v2\/tags?post=11190"}],"curies":[{"name":"wp","href":"https:\/\/api.w.org\/{rel}","templated":true}]}}