{"id":11165,"date":"2014-01-01T00:00:14","date_gmt":"2014-01-01T02:00:14","guid":{"rendered":"https:\/\/www.infraestruturameioambiente.sp.gov.br\/institutogeologico\/?p=11165"},"modified":"2017-05-16T09:32:36","modified_gmt":"2017-05-16T12:32:36","slug":"11165","status":"publish","type":"post","link":"https:\/\/www.infraestruturameioambiente.sp.gov.br\/institutogeologico\/2014\/01\/11165\/","title":{"rendered":"BARROS, E. J., AGUILAR, P. A., ANDRADE, M. R. M., OLIVEIRA, E. S., RIBEIRO, R. R., BRAGA, D. A. 2013. Estrutura\u00e7\u00e3o do geoparque Ciclo do Ouro, Guarulhos, SP. In: GEOBRHERITAGE \u2013 SIMPOSIO BRASILEIRO DE PATRIM\u00d4NIO GEOL\u00d3GICO, 02, Ouro Preto (MG), Anais, 1: p. 16."},"content":{"rendered":"<p><strong>Refer\u00eancia:\u00a0<\/strong>BARROS, E. J., AGUILAR, P. A., ANDRADE, M. R. M., OLIVEIRA, E. S., RIBEIRO, R. R., BRAGA, D. A. 2013. Estrutura\u00e7\u00e3o do geoparque Ciclo do Ouro, Guarulhos, SP. In: GEOBRHERITAGE \u2013 SIMPOSIO BRASILEIRO DE PATRIM\u00d4NIO GEOL\u00d3GICO, 02, Ouro Preto (MG), <em>Anais<\/em>, 1: p. 16.<\/p>\n<p><strong>Tipo:<\/strong> Anais<\/p>\n<p><strong>Palavras Chave:<\/strong>\u00a0Geoparque Ciclo do Ouro, estruturas arqueol\u00f3gicas da lavra de ouro, Grupo Serra do Itaberaba<\/p>\n<p><strong>Projeto:\u00a0<\/strong>Projeto Monumentos Geol\u00f3gicos do Estado de S\u00e3o Paulo<\/p>\n<p><strong>Restri\u00e7\u00e3o:<\/strong> Sem Restri\u00e7\u00e3o<\/p>\n","protected":false},"excerpt":{"rendered":"<p>Refer\u00eancia:\u00a0BARROS, E. J., AGUILAR, P. A., ANDRADE, M. R. M., OLIVEIRA, E. S., RIBEIRO, R. R., BRAGA, D. A. 2013. Estrutura\u00e7\u00e3o do geoparque Ciclo do Ouro, Guarulhos, SP. In: GEOBRHERITAGE \u2013 SIMPOSIO BRASILEIRO DE PATRIM\u00d4NIO GEOL\u00d3GICO, 02, Ouro Preto (MG), Anais, 1: p. 16. Tipo: Anais Palavras Chave:\u00a0Geoparque Ciclo do Ouro, estruturas arqueol\u00f3gicas da lavra [&hellip;]<\/p>\n","protected":false},"author":25,"featured_media":0,"comment_status":"closed","ping_status":"open","sticky":false,"template":"","format":"standard","meta":[],"categories":[37],"tags":[],"_links":{"self":[{"href":"https:\/\/www.infraestruturameioambiente.sp.gov.br\/institutogeologico\/wp-json\/wp\/v2\/posts\/11165"}],"collection":[{"href":"https:\/\/www.infraestruturameioambiente.sp.gov.br\/institutogeologico\/wp-json\/wp\/v2\/posts"}],"about":[{"href":"https:\/\/www.infraestruturameioambiente.sp.gov.br\/institutogeologico\/wp-json\/wp\/v2\/types\/post"}],"author":[{"embeddable":true,"href":"https:\/\/www.infraestruturameioambiente.sp.gov.br\/institutogeologico\/wp-json\/wp\/v2\/users\/25"}],"replies":[{"embeddable":true,"href":"https:\/\/www.infraestruturameioambiente.sp.gov.br\/institutogeologico\/wp-json\/wp\/v2\/comments?post=11165"}],"version-history":[{"count":2,"href":"https:\/\/www.infraestruturameioambiente.sp.gov.br\/institutogeologico\/wp-json\/wp\/v2\/posts\/11165\/revisions"}],"predecessor-version":[{"id":11169,"href":"https:\/\/www.infraestruturameioambiente.sp.gov.br\/institutogeologico\/wp-json\/wp\/v2\/posts\/11165\/revisions\/11169"}],"wp:attachment":[{"href":"https:\/\/www.infraestruturameioambiente.sp.gov.br\/institutogeologico\/wp-json\/wp\/v2\/media?parent=11165"}],"wp:term":[{"taxonomy":"category","embeddable":true,"href":"https:\/\/www.infraestruturameioambiente.sp.gov.br\/institutogeologico\/wp-json\/wp\/v2\/categories?post=11165"},{"taxonomy":"post_tag","embeddable":true,"href":"https:\/\/www.infraestruturameioambiente.sp.gov.br\/institutogeologico\/wp-json\/wp\/v2\/tags?post=11165"}],"curies":[{"name":"wp","href":"https:\/\/api.w.org\/{rel}","templated":true}]}}