{"id":11135,"date":"2014-01-01T00:00:02","date_gmt":"2014-01-01T02:00:02","guid":{"rendered":"https:\/\/www.infraestruturameioambiente.sp.gov.br\/institutogeologico\/?p=11135"},"modified":"2017-05-16T09:07:02","modified_gmt":"2017-05-16T12:07:02","slug":"luchetti-a-c-f-nardy-a-j-r-arnosio-j-m-gravley-d-m-gualda-g-a-r-madeira-j-e-o-machado-f-b-negri-f-a-2014-emplacement-of-silicic-volcanic-rocks-of-the-parana-magmatic-province-i","status":"publish","type":"post","link":"https:\/\/www.infraestruturameioambiente.sp.gov.br\/institutogeologico\/2014\/01\/luchetti-a-c-f-nardy-a-j-r-arnosio-j-m-gravley-d-m-gualda-g-a-r-madeira-j-e-o-machado-f-b-negri-f-a-2014-emplacement-of-silicic-volcanic-rocks-of-the-parana-magmatic-province-i\/","title":{"rendered":"Luchetti, A.C.F; Nardy, A.J.R.; Arnosio, J.M.; Gravley, D.M.; Gualda, G.A.R.; Madeira, J.E.O.; Machado, F.B.; Negri, F.A. 2014. Emplacement of silicic volcanic rocks of the Paran\u00e1 Magmatic Province. In: SBG, CONGRESSO BRASILEIRO DE GEOLOGIA, 47, SALVADOR, BA, Anais"},"content":{"rendered":"<p><strong>Refer\u00eancia:\u00a0<\/strong>Luchetti, A.C.F;\u00a0Nardy, A.J.R.; Arnosio, J.M.; Gravley, D.M.; Gualda, G.A.R.; Madeira, J.E.O.; Machado, F.B.;\u00a0Negri, F.A.<em>\u00a02014.\u00a0<\/em>Emplacement of silicic volcanic rocks of the Paran\u00e1 Magmatic Province.\u00a0<em>In<\/em>: SBG,\u00a0CONGRESSO BRASILEIRO DE GEOLOGIA, 47, SALVADOR, BA,\u00a0<em>Anais<\/em><\/p>\n<p><strong>Tipo:<\/strong> Anais<\/p>\n<p><strong>Palavras Chave:\u00a0<\/strong>CHAPEC\u00d3 MEMBER, PALMAS MEMBER, SILICIC VOLCANISM<\/p>\n<p><strong>Projeto:<\/strong> &#8211;<\/p>\n<p><strong>Restri\u00e7\u00e3o:<\/strong> Sem Restri\u00e7\u00e3o<\/p>\n","protected":false},"excerpt":{"rendered":"<p>Refer\u00eancia:\u00a0Luchetti, A.C.F;\u00a0Nardy, A.J.R.; Arnosio, J.M.; Gravley, D.M.; Gualda, G.A.R.; Madeira, J.E.O.; Machado, F.B.;\u00a0Negri, F.A.\u00a02014.\u00a0Emplacement of silicic volcanic rocks of the Paran\u00e1 Magmatic Province.\u00a0In: SBG,\u00a0CONGRESSO BRASILEIRO DE GEOLOGIA, 47, SALVADOR, BA,\u00a0Anais Tipo: Anais Palavras Chave:\u00a0CHAPEC\u00d3 MEMBER, PALMAS MEMBER, SILICIC VOLCANISM Projeto: &#8211; Restri\u00e7\u00e3o: Sem Restri\u00e7\u00e3o<\/p>\n","protected":false},"author":25,"featured_media":0,"comment_status":"closed","ping_status":"open","sticky":false,"template":"","format":"standard","meta":[],"categories":[37],"tags":[],"_links":{"self":[{"href":"https:\/\/www.infraestruturameioambiente.sp.gov.br\/institutogeologico\/wp-json\/wp\/v2\/posts\/11135"}],"collection":[{"href":"https:\/\/www.infraestruturameioambiente.sp.gov.br\/institutogeologico\/wp-json\/wp\/v2\/posts"}],"about":[{"href":"https:\/\/www.infraestruturameioambiente.sp.gov.br\/institutogeologico\/wp-json\/wp\/v2\/types\/post"}],"author":[{"embeddable":true,"href":"https:\/\/www.infraestruturameioambiente.sp.gov.br\/institutogeologico\/wp-json\/wp\/v2\/users\/25"}],"replies":[{"embeddable":true,"href":"https:\/\/www.infraestruturameioambiente.sp.gov.br\/institutogeologico\/wp-json\/wp\/v2\/comments?post=11135"}],"version-history":[{"count":1,"href":"https:\/\/www.infraestruturameioambiente.sp.gov.br\/institutogeologico\/wp-json\/wp\/v2\/posts\/11135\/revisions"}],"predecessor-version":[{"id":11136,"href":"https:\/\/www.infraestruturameioambiente.sp.gov.br\/institutogeologico\/wp-json\/wp\/v2\/posts\/11135\/revisions\/11136"}],"wp:attachment":[{"href":"https:\/\/www.infraestruturameioambiente.sp.gov.br\/institutogeologico\/wp-json\/wp\/v2\/media?parent=11135"}],"wp:term":[{"taxonomy":"category","embeddable":true,"href":"https:\/\/www.infraestruturameioambiente.sp.gov.br\/institutogeologico\/wp-json\/wp\/v2\/categories?post=11135"},{"taxonomy":"post_tag","embeddable":true,"href":"https:\/\/www.infraestruturameioambiente.sp.gov.br\/institutogeologico\/wp-json\/wp\/v2\/tags?post=11135"}],"curies":[{"name":"wp","href":"https:\/\/api.w.org\/{rel}","templated":true}]}}