{"id":11101,"date":"2014-01-01T00:00:01","date_gmt":"2014-01-01T02:00:01","guid":{"rendered":"https:\/\/www.infraestruturameioambiente.sp.gov.br\/institutogeologico\/?p=11101"},"modified":"2017-05-16T08:29:21","modified_gmt":"2017-05-16T11:29:21","slug":"falcao-p-m-souza-c-r-de-g-2014-por-que-estudar-os-pellets-de-plastico-na-geomorfologia-costeira-47o-congresso-brasileiro-de-geologia-realizado-de-21-a-26-de-setembro-de-2014-em-salvador","status":"publish","type":"post","link":"https:\/\/www.infraestruturameioambiente.sp.gov.br\/institutogeologico\/2014\/01\/falcao-p-m-souza-c-r-de-g-2014-por-que-estudar-os-pellets-de-plastico-na-geomorfologia-costeira-47o-congresso-brasileiro-de-geologia-realizado-de-21-a-26-de-setembro-de-2014-em-salvador\/","title":{"rendered":"Falc\u00e3o, P.M &amp; Souza, C.R de G..2014. POR QUE ESTUDAR OS PELLETS DE PL\u00c1STICO NA GEOMORFOLOGIA COSTEIRA? 47\u00ba Congresso Brasileiro de Geologia, realizado de 21 a 26 de setembro de 2014, em  Salvador &#8211; BA"},"content":{"rendered":"<p><strong>Refer\u00eancia:<\/strong>\u00a0Falc\u00e3o, P.M &amp; Souza, C.R de G..2014. POR QUE ESTUDAR OS PELLETS DE PL\u00c1STICO NA GEOMORFOLOGIA COSTEIRA? 47\u00ba Congresso Brasileiro de Geologia, realizado de 21 a 26 de setembro de 2014, em\u00a0 Salvador &#8211; BA<\/p>\n<p><strong>Tipo:<\/strong> Anais<\/p>\n<p><strong>Palavras Chave:<\/strong>\u00a0pellets pl\u00e1sticos, praias, S\u00e3o Paulo<\/p>\n<p><strong>Projeto:<\/strong> &#8211;<\/p>\n<p><strong>Restri\u00e7\u00e3o:<\/strong> Sem Restri\u00e7\u00e3o<\/p>\n","protected":false},"excerpt":{"rendered":"<p>Refer\u00eancia:\u00a0Falc\u00e3o, P.M &amp; Souza, C.R de G..2014. POR QUE ESTUDAR OS PELLETS DE PL\u00c1STICO NA GEOMORFOLOGIA COSTEIRA? 47\u00ba Congresso Brasileiro de Geologia, realizado de 21 a 26 de setembro de 2014, em\u00a0 Salvador &#8211; BA Tipo: Anais Palavras Chave:\u00a0pellets pl\u00e1sticos, praias, S\u00e3o Paulo Projeto: &#8211; Restri\u00e7\u00e3o: Sem Restri\u00e7\u00e3o<\/p>\n","protected":false},"author":25,"featured_media":0,"comment_status":"closed","ping_status":"open","sticky":false,"template":"","format":"standard","meta":[],"categories":[37],"tags":[],"_links":{"self":[{"href":"https:\/\/www.infraestruturameioambiente.sp.gov.br\/institutogeologico\/wp-json\/wp\/v2\/posts\/11101"}],"collection":[{"href":"https:\/\/www.infraestruturameioambiente.sp.gov.br\/institutogeologico\/wp-json\/wp\/v2\/posts"}],"about":[{"href":"https:\/\/www.infraestruturameioambiente.sp.gov.br\/institutogeologico\/wp-json\/wp\/v2\/types\/post"}],"author":[{"embeddable":true,"href":"https:\/\/www.infraestruturameioambiente.sp.gov.br\/institutogeologico\/wp-json\/wp\/v2\/users\/25"}],"replies":[{"embeddable":true,"href":"https:\/\/www.infraestruturameioambiente.sp.gov.br\/institutogeologico\/wp-json\/wp\/v2\/comments?post=11101"}],"version-history":[{"count":1,"href":"https:\/\/www.infraestruturameioambiente.sp.gov.br\/institutogeologico\/wp-json\/wp\/v2\/posts\/11101\/revisions"}],"predecessor-version":[{"id":11102,"href":"https:\/\/www.infraestruturameioambiente.sp.gov.br\/institutogeologico\/wp-json\/wp\/v2\/posts\/11101\/revisions\/11102"}],"wp:attachment":[{"href":"https:\/\/www.infraestruturameioambiente.sp.gov.br\/institutogeologico\/wp-json\/wp\/v2\/media?parent=11101"}],"wp:term":[{"taxonomy":"category","embeddable":true,"href":"https:\/\/www.infraestruturameioambiente.sp.gov.br\/institutogeologico\/wp-json\/wp\/v2\/categories?post=11101"},{"taxonomy":"post_tag","embeddable":true,"href":"https:\/\/www.infraestruturameioambiente.sp.gov.br\/institutogeologico\/wp-json\/wp\/v2\/tags?post=11101"}],"curies":[{"name":"wp","href":"https:\/\/api.w.org\/{rel}","templated":true}]}}