{"id":11076,"date":"2014-01-01T00:00:14","date_gmt":"2014-01-01T02:00:14","guid":{"rendered":"https:\/\/www.infraestruturameioambiente.sp.gov.br\/institutogeologico\/?p=11076"},"modified":"2017-05-12T11:44:33","modified_gmt":"2017-05-12T14:44:33","slug":"fernandes-amelia-joao-negri-f-a-azevedo-sobrinho-jose-maria-secoes-estratigraficas-de-campo-e-quimioestratigrafia-no-estudo-da-zonalidade-vertical-dos-derrames-basalticos-de-alto-ti-da-form","status":"publish","type":"post","link":"https:\/\/www.infraestruturameioambiente.sp.gov.br\/institutogeologico\/2014\/01\/fernandes-amelia-joao-negri-f-a-azevedo-sobrinho-jose-maria-secoes-estratigraficas-de-campo-e-quimioestratigrafia-no-estudo-da-zonalidade-vertical-dos-derrames-basalticos-de-alto-ti-da-form\/","title":{"rendered":"FERNANDES, Am\u00e9lia Jo\u00e3o; NEGRI, F. A.; AZEVEDO SOBRINHO, Jos\u00e9 Maria. Se\u00e7\u00f5es estratigr\u00e1ficas de campo e quimioestratigrafia no estudo da zonalidade vertical dos derrames bas\u00e1lticos de alto-Ti da Forma\u00e7\u00e3o Serra Geral, na regi\u00e3o central do Estado de S\u00e3o Paulo. In: 47\u00b0 Congresso Brasileiro de Geologia, 2014, Salvador. 47\u00b0 Congresso Brasileiro de Geologia, 2014."},"content":{"rendered":"<p><strong>Refer\u00eancia:<\/strong>\u00a0FERNANDES, Am\u00e9lia Jo\u00e3o ; NEGRI, F. A. ; AZEVEDO SOBRINHO, Jos\u00e9 Maria . Se\u00e7\u00f5es estratigr\u00e1ficas de campo e quimioestratigrafia no estudo da zonalidade vertical dos derrames bas\u00e1lticos de alto-Ti da Forma\u00e7\u00e3o Serra Geral, na regi\u00e3o central do Estado de S\u00e3o Paulo. In: 47\u00b0 Congresso Brasileiro de Geologia, 2014, Salvador. 47\u00b0 Congresso Brasileiro de Geologia, 2014.<\/p>\n<p><strong>Tipo:<\/strong> Anais<\/p>\n<p><strong>Palavras Chave:\u00a0<\/strong>QUIMIOESTRATIGRAFIA, BASALTO, SERRA GERAL<\/p>\n<p><strong>Projeto:\u00a0<\/strong>FRATASG II<\/p>\n<p><strong>Restri\u00e7\u00e3o:<\/strong> Sem Restri\u00e7\u00e3o<\/p>\n","protected":false},"excerpt":{"rendered":"<p>Refer\u00eancia:\u00a0FERNANDES, Am\u00e9lia Jo\u00e3o ; NEGRI, F. A. ; AZEVEDO SOBRINHO, Jos\u00e9 Maria . Se\u00e7\u00f5es estratigr\u00e1ficas de campo e quimioestratigrafia no estudo da zonalidade vertical dos derrames bas\u00e1lticos de alto-Ti da Forma\u00e7\u00e3o Serra Geral, na regi\u00e3o central do Estado de S\u00e3o Paulo. In: 47\u00b0 Congresso Brasileiro de Geologia, 2014, Salvador. 47\u00b0 Congresso Brasileiro de Geologia, 2014. [&hellip;]<\/p>\n","protected":false},"author":25,"featured_media":0,"comment_status":"closed","ping_status":"open","sticky":false,"template":"","format":"standard","meta":[],"categories":[37],"tags":[],"_links":{"self":[{"href":"https:\/\/www.infraestruturameioambiente.sp.gov.br\/institutogeologico\/wp-json\/wp\/v2\/posts\/11076"}],"collection":[{"href":"https:\/\/www.infraestruturameioambiente.sp.gov.br\/institutogeologico\/wp-json\/wp\/v2\/posts"}],"about":[{"href":"https:\/\/www.infraestruturameioambiente.sp.gov.br\/institutogeologico\/wp-json\/wp\/v2\/types\/post"}],"author":[{"embeddable":true,"href":"https:\/\/www.infraestruturameioambiente.sp.gov.br\/institutogeologico\/wp-json\/wp\/v2\/users\/25"}],"replies":[{"embeddable":true,"href":"https:\/\/www.infraestruturameioambiente.sp.gov.br\/institutogeologico\/wp-json\/wp\/v2\/comments?post=11076"}],"version-history":[{"count":3,"href":"https:\/\/www.infraestruturameioambiente.sp.gov.br\/institutogeologico\/wp-json\/wp\/v2\/posts\/11076\/revisions"}],"predecessor-version":[{"id":11079,"href":"https:\/\/www.infraestruturameioambiente.sp.gov.br\/institutogeologico\/wp-json\/wp\/v2\/posts\/11076\/revisions\/11079"}],"wp:attachment":[{"href":"https:\/\/www.infraestruturameioambiente.sp.gov.br\/institutogeologico\/wp-json\/wp\/v2\/media?parent=11076"}],"wp:term":[{"taxonomy":"category","embeddable":true,"href":"https:\/\/www.infraestruturameioambiente.sp.gov.br\/institutogeologico\/wp-json\/wp\/v2\/categories?post=11076"},{"taxonomy":"post_tag","embeddable":true,"href":"https:\/\/www.infraestruturameioambiente.sp.gov.br\/institutogeologico\/wp-json\/wp\/v2\/tags?post=11076"}],"curies":[{"name":"wp","href":"https:\/\/api.w.org\/{rel}","templated":true}]}}