{"id":11051,"date":"2014-01-01T00:00:10","date_gmt":"2014-01-01T02:00:10","guid":{"rendered":"https:\/\/www.infraestruturameioambiente.sp.gov.br\/institutogeologico\/?p=11051"},"modified":"2017-05-09T13:23:58","modified_gmt":"2017-05-09T16:23:58","slug":"iritani-m-a-rossini-penteado-d-ezaki-s-oda-g-h-2013-proposta-de-classificacao-das-fontes-potenciais-de-contaminacao-da-agua-subterranea-revista-do-instituto-geologico-342-1-26","status":"publish","type":"post","link":"https:\/\/www.infraestruturameioambiente.sp.gov.br\/institutogeologico\/2014\/01\/iritani-m-a-rossini-penteado-d-ezaki-s-oda-g-h-2013-proposta-de-classificacao-das-fontes-potenciais-de-contaminacao-da-agua-subterranea-revista-do-instituto-geologico-342-1-26\/","title":{"rendered":"Iritani, M.A.; Rossini-Penteado, D.; Ezaki, S.; Oda, G.H. 2013. Proposta de classifica\u00e7\u00e3o das fontes potenciais de contamina\u00e7\u00e3o da \u00e1gua subterr\u00e2nea. Revista do Instituto Geol\u00f3gico, 34(2): 1-26."},"content":{"rendered":"<p><strong>Refer\u00eancia:\u00a0<\/strong>Iritani, M.A.; Rossini-Penteado, D.; Ezaki, S.; Oda, G.H. 2013. Proposta de classifica\u00e7\u00e3o das fontes potenciais de contamina\u00e7\u00e3o da \u00e1gua subterr\u00e2nea. Revista do Instituto Geol\u00f3gico, 34(2): 1-26. Dispon\u00edvel online em (<a href=\"http:\/\/dx.doi.org\/10.5935\/0100-929X.20130006\">http:\/\/dx.doi.org\/10.5935\/0100-929X.20130006<\/a>)<\/p>\n<p><strong>Tipo: <\/strong>Revista<\/p>\n<p><strong>Palavras Chave:\u00a0<\/strong>fontes potenciais de contamina\u00e7\u00e3o, sistema de classifica\u00e7\u00e3o, m\u00e9todo POSH, carga potencial de contamina\u00e7\u00e3o<\/p>\n<p><strong>Projeto:\u00a0<\/strong>Identifica\u00e7\u00e3o de \u00e1reas potenciais de restri\u00e7\u00e3o e controle de capta\u00e7\u00e3o e uso das \u00e1guas subterr\u00e2neas na por\u00e7\u00e3o sul da UGRHI05 \u2013 Projeto ARC-TUB1<\/p>\n<p><strong>Restri\u00e7\u00e3o: <\/strong>Sem Restri\u00e7\u00e3o<\/p>\n","protected":false},"excerpt":{"rendered":"<p>Refer\u00eancia:\u00a0Iritani, M.A.; Rossini-Penteado, D.; Ezaki, S.; Oda, G.H. 2013. Proposta de classifica\u00e7\u00e3o das fontes potenciais de contamina\u00e7\u00e3o da \u00e1gua subterr\u00e2nea. Revista do Instituto Geol\u00f3gico, 34(2): 1-26. Dispon\u00edvel online em (http:\/\/dx.doi.org\/10.5935\/0100-929X.20130006) Tipo: Revista Palavras Chave:\u00a0fontes potenciais de contamina\u00e7\u00e3o, sistema de classifica\u00e7\u00e3o, m\u00e9todo POSH, carga potencial de contamina\u00e7\u00e3o Projeto:\u00a0Identifica\u00e7\u00e3o de \u00e1reas potenciais de restri\u00e7\u00e3o e controle de [&hellip;]<\/p>\n","protected":false},"author":25,"featured_media":0,"comment_status":"closed","ping_status":"open","sticky":false,"template":"","format":"standard","meta":[],"categories":[37],"tags":[],"_links":{"self":[{"href":"https:\/\/www.infraestruturameioambiente.sp.gov.br\/institutogeologico\/wp-json\/wp\/v2\/posts\/11051"}],"collection":[{"href":"https:\/\/www.infraestruturameioambiente.sp.gov.br\/institutogeologico\/wp-json\/wp\/v2\/posts"}],"about":[{"href":"https:\/\/www.infraestruturameioambiente.sp.gov.br\/institutogeologico\/wp-json\/wp\/v2\/types\/post"}],"author":[{"embeddable":true,"href":"https:\/\/www.infraestruturameioambiente.sp.gov.br\/institutogeologico\/wp-json\/wp\/v2\/users\/25"}],"replies":[{"embeddable":true,"href":"https:\/\/www.infraestruturameioambiente.sp.gov.br\/institutogeologico\/wp-json\/wp\/v2\/comments?post=11051"}],"version-history":[{"count":1,"href":"https:\/\/www.infraestruturameioambiente.sp.gov.br\/institutogeologico\/wp-json\/wp\/v2\/posts\/11051\/revisions"}],"predecessor-version":[{"id":11052,"href":"https:\/\/www.infraestruturameioambiente.sp.gov.br\/institutogeologico\/wp-json\/wp\/v2\/posts\/11051\/revisions\/11052"}],"wp:attachment":[{"href":"https:\/\/www.infraestruturameioambiente.sp.gov.br\/institutogeologico\/wp-json\/wp\/v2\/media?parent=11051"}],"wp:term":[{"taxonomy":"category","embeddable":true,"href":"https:\/\/www.infraestruturameioambiente.sp.gov.br\/institutogeologico\/wp-json\/wp\/v2\/categories?post=11051"},{"taxonomy":"post_tag","embeddable":true,"href":"https:\/\/www.infraestruturameioambiente.sp.gov.br\/institutogeologico\/wp-json\/wp\/v2\/tags?post=11051"}],"curies":[{"name":"wp","href":"https:\/\/api.w.org\/{rel}","templated":true}]}}