{"id":10972,"date":"2013-01-01T10:52:32","date_gmt":"2013-01-01T12:52:32","guid":{"rendered":"https:\/\/www.infraestruturameioambiente.sp.gov.br\/institutogeologico\/?p=10972"},"modified":"2017-04-17T10:54:38","modified_gmt":"2017-04-17T13:54:38","slug":"fernando-a-pires-cristina-b-s-raffaelli-implantacao-de-novas-acoes-museologicas-no-parque-da-agua-branca","status":"publish","type":"post","link":"https:\/\/www.infraestruturameioambiente.sp.gov.br\/institutogeologico\/2013\/01\/fernando-a-pires-cristina-b-s-raffaelli-implantacao-de-novas-acoes-museologicas-no-parque-da-agua-branca\/","title":{"rendered":"FERNANDO A. PIRES, CRISTINA B. S. RAFFAELLI. Implanta\u00e7\u00e3o de novas a\u00e7\u00f5es museol\u00f3gicas no parque da \u00e1gua branca"},"content":{"rendered":"<p><strong>Refer\u00eancia:\u00a0<\/strong>FERNANDO A. PIRES, CRISTINA B. S. RAFFAELLI. Implanta\u00e7\u00e3o de novas a\u00e7\u00f5es museol\u00f3gicas no parque da \u00e1gua branca<\/p>\n<p><strong>Tipo:<\/strong> Resumo<\/p>\n<p><strong>Palavras Chave:\u00a0<\/strong>A\u00e7\u00f5es Museol\u00f3gicas, Caminho Geol\u00f3gico, Geoci\u00eancias<\/p>\n<p><strong>Projeto:<\/strong> &#8211;<\/p>\n<p><strong>Restri\u00e7\u00e3o:<\/strong> Sem Restri\u00e7\u00e3o<\/p>\n","protected":false},"excerpt":{"rendered":"<p>Refer\u00eancia:\u00a0FERNANDO A. PIRES, CRISTINA B. S. RAFFAELLI. Implanta\u00e7\u00e3o de novas a\u00e7\u00f5es museol\u00f3gicas no parque da \u00e1gua branca Tipo: Resumo Palavras Chave:\u00a0A\u00e7\u00f5es Museol\u00f3gicas, Caminho Geol\u00f3gico, Geoci\u00eancias Projeto: &#8211; Restri\u00e7\u00e3o: Sem Restri\u00e7\u00e3o<\/p>\n","protected":false},"author":25,"featured_media":0,"comment_status":"closed","ping_status":"open","sticky":false,"template":"","format":"standard","meta":[],"categories":[1887,37],"tags":[],"_links":{"self":[{"href":"https:\/\/www.infraestruturameioambiente.sp.gov.br\/institutogeologico\/wp-json\/wp\/v2\/posts\/10972"}],"collection":[{"href":"https:\/\/www.infraestruturameioambiente.sp.gov.br\/institutogeologico\/wp-json\/wp\/v2\/posts"}],"about":[{"href":"https:\/\/www.infraestruturameioambiente.sp.gov.br\/institutogeologico\/wp-json\/wp\/v2\/types\/post"}],"author":[{"embeddable":true,"href":"https:\/\/www.infraestruturameioambiente.sp.gov.br\/institutogeologico\/wp-json\/wp\/v2\/users\/25"}],"replies":[{"embeddable":true,"href":"https:\/\/www.infraestruturameioambiente.sp.gov.br\/institutogeologico\/wp-json\/wp\/v2\/comments?post=10972"}],"version-history":[{"count":1,"href":"https:\/\/www.infraestruturameioambiente.sp.gov.br\/institutogeologico\/wp-json\/wp\/v2\/posts\/10972\/revisions"}],"predecessor-version":[{"id":10973,"href":"https:\/\/www.infraestruturameioambiente.sp.gov.br\/institutogeologico\/wp-json\/wp\/v2\/posts\/10972\/revisions\/10973"}],"wp:attachment":[{"href":"https:\/\/www.infraestruturameioambiente.sp.gov.br\/institutogeologico\/wp-json\/wp\/v2\/media?parent=10972"}],"wp:term":[{"taxonomy":"category","embeddable":true,"href":"https:\/\/www.infraestruturameioambiente.sp.gov.br\/institutogeologico\/wp-json\/wp\/v2\/categories?post=10972"},{"taxonomy":"post_tag","embeddable":true,"href":"https:\/\/www.infraestruturameioambiente.sp.gov.br\/institutogeologico\/wp-json\/wp\/v2\/tags?post=10972"}],"curies":[{"name":"wp","href":"https:\/\/api.w.org\/{rel}","templated":true}]}}