{"id":10928,"date":"2013-01-01T09:37:01","date_gmt":"2013-01-01T11:37:01","guid":{"rendered":"https:\/\/www.infraestruturameioambiente.sp.gov.br\/institutogeologico\/?p=10928"},"modified":"2017-04-17T09:38:59","modified_gmt":"2017-04-17T12:38:59","slug":"mantesso-neto-v-ribeiro-r-r-garcia-m-g-m-del-lama-e-a-theodorovicz-a-2013-patrimonio-geologico-natural-construido-e-de-historia-da-mineracao-no-estado-de-sao-paulo","status":"publish","type":"post","link":"https:\/\/www.infraestruturameioambiente.sp.gov.br\/institutogeologico\/2013\/01\/mantesso-neto-v-ribeiro-r-r-garcia-m-g-m-del-lama-e-a-theodorovicz-a-2013-patrimonio-geologico-natural-construido-e-de-historia-da-mineracao-no-estado-de-sao-paulo\/","title":{"rendered":"MANTESSO-NETO, V.; RIBEIRO, R. R., GARCIA, M. G. M.; DEL LAMA, E. A.; THEODOROVICZ, A. 2013. Patrim\u00f4nio geol\u00f3gico natural, constru\u00eddo e de hist\u00f3ria da minera\u00e7\u00e3o no estado de S\u00e3o Paulo"},"content":{"rendered":"<p><strong>Refer\u00eancia:\u00a0<\/strong>MANTESSO-NETO, V.; RIBEIRO, R. R., GARCIA, M. G. M.; DEL LAMA, E. A.; THEODOROVICZ, A. 2013. Patrim\u00f4nio geol\u00f3gico natural, constru\u00eddo e de hist\u00f3ria da minera\u00e7\u00e3o no estado de S\u00e3o Paulo. <em>In: <\/em>SIMP\u00d3SIO BRASILEIRO DE PATRIM\u00d4NIO GEOL\u00d3GICO, 2, Ouro Preto, Minas Gerais, <em>Anais<\/em>: 127.<\/p>\n<p><strong>Tipo:<\/strong> Resumo<\/p>\n<p><strong>Palavras Chave:\u00a0<\/strong>Geodiversidade<strong>, <\/strong>Patrim\u00f4nio Geol\u00f3gico; Instituto Geol\u00f3gico<\/p>\n<p><strong>Projeto:<\/strong>\u00a0Projeto Monumentos Geol\u00f3gicos de S\u00e3o Paulo e Projeto Monumentos Geol\u00f3gicos da Regi\u00e3o de Rio Claro<\/p>\n<p><strong>Restri\u00e7\u00e3o:<\/strong> Sem Restri\u00e7\u00e3o<\/p>\n","protected":false},"excerpt":{"rendered":"<p>Refer\u00eancia:\u00a0MANTESSO-NETO, V.; RIBEIRO, R. R., GARCIA, M. G. M.; DEL LAMA, E. A.; THEODOROVICZ, A. 2013. Patrim\u00f4nio geol\u00f3gico natural, constru\u00eddo e de hist\u00f3ria da minera\u00e7\u00e3o no estado de S\u00e3o Paulo. In: SIMP\u00d3SIO BRASILEIRO DE PATRIM\u00d4NIO GEOL\u00d3GICO, 2, Ouro Preto, Minas Gerais, Anais: 127. Tipo: Resumo Palavras Chave:\u00a0Geodiversidade, Patrim\u00f4nio Geol\u00f3gico; Instituto Geol\u00f3gico Projeto:\u00a0Projeto Monumentos Geol\u00f3gicos de [&hellip;]<\/p>\n","protected":false},"author":25,"featured_media":0,"comment_status":"closed","ping_status":"open","sticky":false,"template":"","format":"standard","meta":[],"categories":[1887,37],"tags":[],"_links":{"self":[{"href":"https:\/\/www.infraestruturameioambiente.sp.gov.br\/institutogeologico\/wp-json\/wp\/v2\/posts\/10928"}],"collection":[{"href":"https:\/\/www.infraestruturameioambiente.sp.gov.br\/institutogeologico\/wp-json\/wp\/v2\/posts"}],"about":[{"href":"https:\/\/www.infraestruturameioambiente.sp.gov.br\/institutogeologico\/wp-json\/wp\/v2\/types\/post"}],"author":[{"embeddable":true,"href":"https:\/\/www.infraestruturameioambiente.sp.gov.br\/institutogeologico\/wp-json\/wp\/v2\/users\/25"}],"replies":[{"embeddable":true,"href":"https:\/\/www.infraestruturameioambiente.sp.gov.br\/institutogeologico\/wp-json\/wp\/v2\/comments?post=10928"}],"version-history":[{"count":1,"href":"https:\/\/www.infraestruturameioambiente.sp.gov.br\/institutogeologico\/wp-json\/wp\/v2\/posts\/10928\/revisions"}],"predecessor-version":[{"id":10929,"href":"https:\/\/www.infraestruturameioambiente.sp.gov.br\/institutogeologico\/wp-json\/wp\/v2\/posts\/10928\/revisions\/10929"}],"wp:attachment":[{"href":"https:\/\/www.infraestruturameioambiente.sp.gov.br\/institutogeologico\/wp-json\/wp\/v2\/media?parent=10928"}],"wp:term":[{"taxonomy":"category","embeddable":true,"href":"https:\/\/www.infraestruturameioambiente.sp.gov.br\/institutogeologico\/wp-json\/wp\/v2\/categories?post=10928"},{"taxonomy":"post_tag","embeddable":true,"href":"https:\/\/www.infraestruturameioambiente.sp.gov.br\/institutogeologico\/wp-json\/wp\/v2\/tags?post=10928"}],"curies":[{"name":"wp","href":"https:\/\/api.w.org\/{rel}","templated":true}]}}