{"id":10918,"date":"2013-01-01T09:09:22","date_gmt":"2013-01-01T11:09:22","guid":{"rendered":"https:\/\/www.infraestruturameioambiente.sp.gov.br\/institutogeologico\/?p=10918"},"modified":"2017-04-17T09:13:19","modified_gmt":"2017-04-17T12:13:19","slug":"portela-v-d-a-mendes-r-m-o-uso-do-modelo-de-feicoes-minimas-para-subsidiar-a-escolha-de-areas-suscetiveis-a-escorregamentos-aplicacao-em-areas-de-risco","status":"publish","type":"post","link":"https:\/\/www.infraestruturameioambiente.sp.gov.br\/institutogeologico\/2013\/01\/portela-v-d-a-mendes-r-m-o-uso-do-modelo-de-feicoes-minimas-para-subsidiar-a-escolha-de-areas-suscetiveis-a-escorregamentos-aplicacao-em-areas-de-risco\/","title":{"rendered":"PORTELA, V. D.A; MENDES, R.M. O uso do modelo de fei\u00e7\u00f5es m\u00ednimas para subsidiar a escolha de \u00e1reas suscet\u00edveis \u00e0 escorregamentos: aplica\u00e7\u00e3o em \u00e1reas de risco"},"content":{"rendered":"<p><strong>Refer\u00eancia:\u00a0<\/strong>PORTELA, V. D.A; MENDES, R.M. O uso do modelo de fei\u00e7\u00f5es m\u00ednimas para subsidiar a escolha de \u00e1reas suscet\u00edveis \u00e0 escorregamentos: aplica\u00e7\u00e3o em \u00e1reas de risco. In: <strong>XV Simp\u00f3sio Brasileiro de Geografia F\u00edsica Aplicada<\/strong>. 2013. Vit\u00f3ria, Esp\u00edrito Santo. Anais do Simp\u00f3sio Brasileiro de Geografia F\u00edsica Aplicada [recurso eletr\u00f4nico] \/ Claudia C\u00e2mara do Vale [et al.], organizadores. \u2013 v. 15 (2013). \u2013 Vit\u00f3ria: UFES. 1 CD-ROM. ISSN 2236-5311.<\/p>\n<p><strong>Tipo:<\/strong> Resumo Completo<\/p>\n<p><strong>Palavras Chave:\u00a0<\/strong>geomorfologia, monitoramento, SIG<\/p>\n<p><strong>Projeto:\u00a0<\/strong>Estudos de campos experimentais de monitoramento de vari\u00e1veis clim\u00e1ticas e geot\u00e9cnicas para implanta\u00e7\u00e3o de sistemas de alerta para escorregamentos no estado de S\u00e3o Paulo (SMA n\u00b0 16.459\/2011 e Fapesp n\u00b0 2011\/22577-2).<\/p>\n<p><strong>Restri\u00e7\u00e3o:<\/strong> Sem Restri\u00e7\u00e3o<\/p>\n","protected":false},"excerpt":{"rendered":"<p>Refer\u00eancia:\u00a0PORTELA, V. D.A; MENDES, R.M. O uso do modelo de fei\u00e7\u00f5es m\u00ednimas para subsidiar a escolha de \u00e1reas suscet\u00edveis \u00e0 escorregamentos: aplica\u00e7\u00e3o em \u00e1reas de risco. In: XV Simp\u00f3sio Brasileiro de Geografia F\u00edsica Aplicada. 2013. Vit\u00f3ria, Esp\u00edrito Santo. Anais do Simp\u00f3sio Brasileiro de Geografia F\u00edsica Aplicada [recurso eletr\u00f4nico] \/ Claudia C\u00e2mara do Vale [et al.], [&hellip;]<\/p>\n","protected":false},"author":25,"featured_media":0,"comment_status":"closed","ping_status":"open","sticky":false,"template":"","format":"standard","meta":[],"categories":[1877,1886,37],"tags":[],"_links":{"self":[{"href":"https:\/\/www.infraestruturameioambiente.sp.gov.br\/institutogeologico\/wp-json\/wp\/v2\/posts\/10918"}],"collection":[{"href":"https:\/\/www.infraestruturameioambiente.sp.gov.br\/institutogeologico\/wp-json\/wp\/v2\/posts"}],"about":[{"href":"https:\/\/www.infraestruturameioambiente.sp.gov.br\/institutogeologico\/wp-json\/wp\/v2\/types\/post"}],"author":[{"embeddable":true,"href":"https:\/\/www.infraestruturameioambiente.sp.gov.br\/institutogeologico\/wp-json\/wp\/v2\/users\/25"}],"replies":[{"embeddable":true,"href":"https:\/\/www.infraestruturameioambiente.sp.gov.br\/institutogeologico\/wp-json\/wp\/v2\/comments?post=10918"}],"version-history":[{"count":1,"href":"https:\/\/www.infraestruturameioambiente.sp.gov.br\/institutogeologico\/wp-json\/wp\/v2\/posts\/10918\/revisions"}],"predecessor-version":[{"id":10919,"href":"https:\/\/www.infraestruturameioambiente.sp.gov.br\/institutogeologico\/wp-json\/wp\/v2\/posts\/10918\/revisions\/10919"}],"wp:attachment":[{"href":"https:\/\/www.infraestruturameioambiente.sp.gov.br\/institutogeologico\/wp-json\/wp\/v2\/media?parent=10918"}],"wp:term":[{"taxonomy":"category","embeddable":true,"href":"https:\/\/www.infraestruturameioambiente.sp.gov.br\/institutogeologico\/wp-json\/wp\/v2\/categories?post=10918"},{"taxonomy":"post_tag","embeddable":true,"href":"https:\/\/www.infraestruturameioambiente.sp.gov.br\/institutogeologico\/wp-json\/wp\/v2\/tags?post=10918"}],"curies":[{"name":"wp","href":"https:\/\/api.w.org\/{rel}","templated":true}]}}