{"id":10893,"date":"2017-04-11T08:57:23","date_gmt":"2017-04-11T11:57:23","guid":{"rendered":"https:\/\/www.infraestruturameioambiente.sp.gov.br\/institutogeologico\/?p=10893"},"modified":"2017-04-27T09:40:14","modified_gmt":"2017-04-27T12:40:14","slug":"durante-o-encerramento-do-plano-preventivo-de-defesa-civil-ppdc-2016-2017-o-instituto-geologico-apresenta-balanco-final","status":"publish","type":"post","link":"https:\/\/www.infraestruturameioambiente.sp.gov.br\/institutogeologico\/2017\/04\/durante-o-encerramento-do-plano-preventivo-de-defesa-civil-ppdc-2016-2017-o-instituto-geologico-apresenta-balanco-final\/","title":{"rendered":"Durante o Encerramento do Plano Preventivo de Defesa Civil (PPDC) 2016-2017 o Instituto Geol\u00f3gico apresenta balan\u00e7o final"},"content":{"rendered":"<div class=\"wc-gallery\"><div id='gallery-1' data-gutter-width='5' data-columns='1' class='gallery wc-gallery-captions-onhover gallery-link-file gallery-masonry galleryid-10893 gallery-columns-1 gallery-size-thumbnail wc-gallery-bottomspace-default wc-gallery-clear'><div class='gallery-item gallery-item-position-1 gallery-item-attachment-10895'>\n\t\t\t\t<div class='gallery-icon landscape'>\n\t\t\t\t\t<a href='https:\/\/www.infraestruturameioambiente.sp.gov.br\/institutogeologico\/wp-content\/uploads\/sites\/233\/2017\/04\/Final_PPDC_2017_01-600x480.jpg' title='Final_PPDC_2017_01' target='_self'><img width=\"150\" height=\"150\" src=\"https:\/\/www.infraestruturameioambiente.sp.gov.br\/institutogeologico\/wp-content\/uploads\/sites\/233\/2017\/04\/Final_PPDC_2017_01-150x150.jpg\" class=\"attachment-thumbnail size-thumbnail\" alt=\"\" decoding=\"async\" loading=\"lazy\" \/><\/a>\n\t\t\t\t<\/div>\n\t\t\t\t\t<div class='wp-caption-text gallery-caption'>\n\t\t\t\t\t\t<p>\n\t\t\t\t\t\tCaraguatatuba\n\t\t\t\t\t\t<\/p>\n\t\t\t\t\t<\/div><\/div><div class='gallery-item gallery-item-position-2 gallery-item-attachment-10896'>\n\t\t\t\t<div class='gallery-icon landscape'>\n\t\t\t\t\t<a href='https:\/\/www.infraestruturameioambiente.sp.gov.br\/institutogeologico\/wp-content\/uploads\/sites\/233\/2017\/04\/Final_PPDC_2017_03-600x480.jpg' title='Final_PPDC_2017_03' target='_self'><img width=\"150\" height=\"150\" src=\"https:\/\/www.infraestruturameioambiente.sp.gov.br\/institutogeologico\/wp-content\/uploads\/sites\/233\/2017\/04\/Final_PPDC_2017_03-150x150.jpg\" class=\"attachment-thumbnail size-thumbnail\" alt=\"\" decoding=\"async\" loading=\"lazy\" \/><\/a>\n\t\t\t\t<\/div>\n\t\t\t\t\t<div class='wp-caption-text gallery-caption'>\n\t\t\t\t\t\t<p>\n\t\t\t\t\t\tFranco da Rocha\n\t\t\t\t\t\t<\/p>\n\t\t\t\t\t<\/div><\/div><div class='gallery-item gallery-item-position-3 gallery-item-attachment-10897'>\n\t\t\t\t<div class='gallery-icon landscape'>\n\t\t\t\t\t<a href='https:\/\/www.infraestruturameioambiente.sp.gov.br\/institutogeologico\/wp-content\/uploads\/sites\/233\/2017\/04\/Final_PPDC_2017_04-600x480.jpg' title='Final_PPDC_2017_04' target='_self'><img width=\"150\" height=\"150\" src=\"https:\/\/www.infraestruturameioambiente.sp.gov.br\/institutogeologico\/wp-content\/uploads\/sites\/233\/2017\/04\/Final_PPDC_2017_04-150x150.jpg\" class=\"attachment-thumbnail size-thumbnail\" alt=\"\" decoding=\"async\" loading=\"lazy\" \/><\/a>\n\t\t\t\t<\/div>\n\t\t\t\t\t<div class='wp-caption-text gallery-caption'>\n\t\t\t\t\t\t<p>\n\t\t\t\t\t\tFranco da Rocha\n\t\t\t\t\t\t<\/p>\n\t\t\t\t\t<\/div><\/div><\/div>\n<\/div>\n<p style=\"text-align: justify\">O Plano Preventivo de Defesa Civil (PPDC) entra em opera\u00e7\u00e3o anualmente, no per\u00edodo de (01\/12 \u00e0 31\/03) por isso tamb\u00e9m \u00e9 conhecido como \u201cOpera\u00e7\u00e3o Chuvas de Ver\u00e3o\u201d. \u00c9 coordenado pela Coordenadoria Estadual de Defesa Civil (CEDEC) e conta com o apoio t\u00e9cnico do Instituto Geol\u00f3gico (IG), institu\u00eddo por meio de Termo de Coopera\u00e7\u00e3o T\u00e9cnica entre os dois \u00f3rg\u00e3os. Atualmente o plano abrange um total de 175 munic\u00edpios em diversas regi\u00f5es do estado.<\/p>\n<p style=\"text-align: justify\">O PPDC envolve a\u00e7\u00f5es de monitoramento dos \u00edndices pluviom\u00e9tricos (chuvas), previs\u00e3o meteorol\u00f3gica, vistorias de campo e atendimentos emergenciais. O Plano est\u00e1 dividido em 4 n\u00edveis operacionais: OBSERVA\u00c7\u00c3O, ATEN\u00c7\u00c3O, ALERTA E ALERTA M\u00c1XIMO e para cada n\u00edvel existe uma a\u00e7\u00e3o espec\u00edfica para enfrentamento da situa\u00e7\u00e3o. O PPDC tem um car\u00e1ter preventivo, com objetivo principal de evitar a ocorr\u00eancia de mortes, por meio da remo\u00e7\u00e3o preventiva e\/ou tempor\u00e1ria da popula\u00e7\u00e3o que ocupa as \u00e1reas de risco, antes que os escorregamentos atinjam suas moradias.<\/p>\n<p style=\"text-align: justify\">Desde que foi criado em 1989 o PPDC constitui-se em um importante instrumento capaz de subsidiar as a\u00e7\u00f5es preventivas dos poderes p\u00fablicos municipais e estadual, principalmente quando estes buscam solu\u00e7\u00f5es de problemas causados pela ocupa\u00e7\u00e3o de \u00e1reas de risco. Tamb\u00e9m podem ocorrer atendimentos emergenciais a outras localidades que n\u00e3o possuem Planos Preventivos, tendo em vista a preven\u00e7\u00e3o de acidentes, a partir do acionamento e an\u00e1lise do evento por parte da CEDEC e do IG.<\/p>\n<p style=\"text-align: justify\">As vistorias t\u00e9cnicas implicam em fazer a avalia\u00e7\u00e3o das \u00e1reas atingidas por escorregamentos de encosta indicadas pelas Defesas Civis Municipais (COMDECS) de forma a propor a interdi\u00e7\u00e3o de moradias em risco iminente com necessidade de remo\u00e7\u00e3o de moradores. Esta atua\u00e7\u00e3o tem por objetivo principal preservar a vida dessas pessoas.<\/p>\n<p style=\"text-align: justify\">Na \u201cOpera\u00e7\u00e3o Chuvas de Ver\u00e3o\u201d que se encerrou em 31 de mar\u00e7o, foram realizados 15 atendimentos em 11 munic\u00edpios (que operam os planos preventivos): Caieiras, Francisco Morato, Franco da Rocha, Jandira, Itapevi, Vargem Grande Paulista, Caraguatatuba, Santa Branca, S\u00e3o Roque, S\u00e3o Sebasti\u00e3o, S\u00e3o Vicente e Bom Jesus dos Perd\u00f5es. Al\u00e9m destes, por solicita\u00e7\u00e3o da CEDEC, o IG realizou tamb\u00e9m vistorias em \u00c1guas de Lind\u00f3ia, Vargem Grande do Sul e Santa Branca para atender demandas do Minist\u00e9rio P\u00fablico ou da Justi\u00e7a. Como balan\u00e7o final dos atendimentos realizados constatou-se:<\/p>\n<p style=\"text-align: justify\">\u2013 interdi\u00e7\u00e3o tempor\u00e1ria de 55 casas;<\/p>\n<p style=\"text-align: justify\">\u2013 remo\u00e7\u00e3o preventiva de 220 pessoas;<\/p>\n<p style=\"text-align: justify\">\u2013 interdi\u00e7\u00e3o definitiva de 14 moradias;<\/p>\n<p style=\"text-align: justify\">\u2013 remo\u00e7\u00e3o definitiva de 56 pessoas.<\/p>\n<p style=\"text-align: justify\">Para mais informa\u00e7\u00f5es acesse o site da Defesa Civil: (<a href=\"http:\/\/www.defesacivil.sp.gov.br\/\">http:\/\/www.defesacivil.sp.gov.br\/<\/a>)<\/p>\n","protected":false},"excerpt":{"rendered":"<p>O Plano Preventivo de Defesa Civil (PPDC) entra em opera\u00e7\u00e3o anualmente, no per\u00edodo de (01\/12 \u00e0 31\/03) por isso tamb\u00e9m \u00e9 conhecido como \u201cOpera\u00e7\u00e3o Chuvas de Ver\u00e3o\u201d. \u00c9 coordenado pela Coordenadoria Estadual de Defesa Civil (CEDEC) e conta com o apoio t\u00e9cnico do Instituto Geol\u00f3gico (IG), institu\u00eddo por meio de Termo de Coopera\u00e7\u00e3o T\u00e9cnica entre [&hellip;]<\/p>\n","protected":false},"author":25,"featured_media":10894,"comment_status":"closed","ping_status":"open","sticky":false,"template":"","format":"standard","meta":[],"categories":[1850],"tags":[],"_links":{"self":[{"href":"https:\/\/www.infraestruturameioambiente.sp.gov.br\/institutogeologico\/wp-json\/wp\/v2\/posts\/10893"}],"collection":[{"href":"https:\/\/www.infraestruturameioambiente.sp.gov.br\/institutogeologico\/wp-json\/wp\/v2\/posts"}],"about":[{"href":"https:\/\/www.infraestruturameioambiente.sp.gov.br\/institutogeologico\/wp-json\/wp\/v2\/types\/post"}],"author":[{"embeddable":true,"href":"https:\/\/www.infraestruturameioambiente.sp.gov.br\/institutogeologico\/wp-json\/wp\/v2\/users\/25"}],"replies":[{"embeddable":true,"href":"https:\/\/www.infraestruturameioambiente.sp.gov.br\/institutogeologico\/wp-json\/wp\/v2\/comments?post=10893"}],"version-history":[{"count":1,"href":"https:\/\/www.infraestruturameioambiente.sp.gov.br\/institutogeologico\/wp-json\/wp\/v2\/posts\/10893\/revisions"}],"predecessor-version":[{"id":10898,"href":"https:\/\/www.infraestruturameioambiente.sp.gov.br\/institutogeologico\/wp-json\/wp\/v2\/posts\/10893\/revisions\/10898"}],"wp:featuredmedia":[{"embeddable":true,"href":"https:\/\/www.infraestruturameioambiente.sp.gov.br\/institutogeologico\/wp-json\/wp\/v2\/media\/10894"}],"wp:attachment":[{"href":"https:\/\/www.infraestruturameioambiente.sp.gov.br\/institutogeologico\/wp-json\/wp\/v2\/media?parent=10893"}],"wp:term":[{"taxonomy":"category","embeddable":true,"href":"https:\/\/www.infraestruturameioambiente.sp.gov.br\/institutogeologico\/wp-json\/wp\/v2\/categories?post=10893"},{"taxonomy":"post_tag","embeddable":true,"href":"https:\/\/www.infraestruturameioambiente.sp.gov.br\/institutogeologico\/wp-json\/wp\/v2\/tags?post=10893"}],"curies":[{"name":"wp","href":"https:\/\/api.w.org\/{rel}","templated":true}]}}