{"id":10416,"date":"2016-10-11T11:38:46","date_gmt":"2016-10-11T14:38:46","guid":{"rendered":"https:\/\/www.infraestruturameioambiente.sp.gov.br\/institutogeologico\/?p=10416"},"modified":"2016-10-11T11:38:46","modified_gmt":"2016-10-11T14:38:46","slug":"instituto-geologico-e-coordenadoria-estadual-de-defesa-civil-iniciam-etapa-de-cursos-preparatorios-para-a-operacao-verao-20162017-nos-municipios-que-operam-o-plano-preventivo-de-defesa-civil","status":"publish","type":"post","link":"https:\/\/www.infraestruturameioambiente.sp.gov.br\/institutogeologico\/2016\/10\/instituto-geologico-e-coordenadoria-estadual-de-defesa-civil-iniciam-etapa-de-cursos-preparatorios-para-a-operacao-verao-20162017-nos-municipios-que-operam-o-plano-preventivo-de-defesa-civil\/","title":{"rendered":"Instituto Geol\u00f3gico e Coordenadoria Estadual de Defesa Civil Iniciam etapa de cursos preparat\u00f3rios para a Opera\u00e7\u00e3o Ver\u00e3o 2016\/2017 nos munic\u00edpios que operam o Plano Preventivo de Defesa Civil"},"content":{"rendered":"<div style=\"text-align: justify\">\n<div class=\"wc-gallery\"><div id='gallery-1' data-gutter-width='5' data-columns='1' class='gallery wc-gallery-captions-onhover gallery-link-file gallery-masonry galleryid-10416 gallery-columns-1 gallery-size-thumbnail wc-gallery-bottomspace-default wc-gallery-clear'><div class='gallery-item gallery-item-position-1 gallery-item-attachment-10418'>\n\t\t\t\t<div class='gallery-icon landscape'>\n\t\t\t\t\t<a href='https:\/\/www.infraestruturameioambiente.sp.gov.br\/institutogeologico\/wp-content\/uploads\/sites\/233\/2016\/10\/Jair_Cajati_out-2016-1-600x600.jpg' title='Jair_Cajati_out-2016-1' target='_self'><img width=\"150\" height=\"150\" src=\"https:\/\/www.infraestruturameioambiente.sp.gov.br\/institutogeologico\/wp-content\/uploads\/sites\/233\/2016\/10\/Jair_Cajati_out-2016-1-150x150.jpg\" class=\"attachment-thumbnail size-thumbnail\" alt=\"\" decoding=\"async\" loading=\"lazy\" srcset=\"https:\/\/www.infraestruturameioambiente.sp.gov.br\/institutogeologico\/wp-content\/uploads\/sites\/233\/2016\/10\/Jair_Cajati_out-2016-1-150x150.jpg 150w, https:\/\/www.infraestruturameioambiente.sp.gov.br\/institutogeologico\/wp-content\/uploads\/sites\/233\/2016\/10\/Jair_Cajati_out-2016-1-600x600.jpg 600w\" sizes=\"(max-width: 150px) 100vw, 150px\" \/><\/a>\n\t\t\t\t<\/div><\/div><div class='gallery-item gallery-item-position-2 gallery-item-attachment-10419'>\n\t\t\t\t<div class='gallery-icon landscape'>\n\t\t\t\t\t<a href='https:\/\/www.infraestruturameioambiente.sp.gov.br\/institutogeologico\/wp-content\/uploads\/sites\/233\/2016\/10\/Jair_Cajati_out-2016-2-600x600.jpg' title='Jair_Cajati_out-2016-2' target='_self'><img width=\"150\" height=\"150\" src=\"https:\/\/www.infraestruturameioambiente.sp.gov.br\/institutogeologico\/wp-content\/uploads\/sites\/233\/2016\/10\/Jair_Cajati_out-2016-2-150x150.jpg\" class=\"attachment-thumbnail size-thumbnail\" alt=\"\" decoding=\"async\" loading=\"lazy\" srcset=\"https:\/\/www.infraestruturameioambiente.sp.gov.br\/institutogeologico\/wp-content\/uploads\/sites\/233\/2016\/10\/Jair_Cajati_out-2016-2-150x150.jpg 150w, https:\/\/www.infraestruturameioambiente.sp.gov.br\/institutogeologico\/wp-content\/uploads\/sites\/233\/2016\/10\/Jair_Cajati_out-2016-2-600x600.jpg 600w\" sizes=\"(max-width: 150px) 100vw, 150px\" \/><\/a>\n\t\t\t\t<\/div><\/div><\/div>\n<\/div>\n<p>A Coordenadoria Estadual de Defesa Civil (CEDEC) iniciou as oficinas preparat\u00f3rias para as atividades voltadas para a Opera\u00e7\u00e3o Ver\u00e3o 2016\/2017. Participam das oficinas al\u00e9m da CEDEC, o Instituto Geol\u00f3gico (IG) e a empresa SOMAR meteorologia.<\/p><\/div>\n<div style=\"text-align: justify\"><\/div>\n<div style=\"text-align: justify\">As oficinas preparat\u00f3rias ocorrem nos meses de outubro e novembro e visam o treinamento dos munic\u00edpios que operam os Planos Preventivos de Defesa Civil (PPDC). O PPDC tem como objetivo o monitoramento das \u00e1reas de risco a escorregamentos e visam a remo\u00e7\u00e3o preventiva dos moradores que ocupam estas \u00e1reas.<\/div>\n<div style=\"text-align: justify\"><\/div>\n<div style=\"text-align: justify\">A primeira regi\u00e3o do Estado a receber a oficina foi a REDEC Registro (I-1), que contempla 14 munic\u00edpios, em Cajati nos dias 04 e 05 de outubro o Ge\u00f3logo Dr. Jair Santoro ministrou sobre aspectos dos riscos geol\u00f3gicos e no\u00e7\u00f5es sobre procedimentos e reconhecimento de situa\u00e7\u00f5es potencialmente perigosas aos escorregamentos de encostas e a\u00e7\u00f5es preventivas e capacitou os mais de 50 participantes a usar e preencher a ficha de vistoria de campo.<\/div>\n<div style=\"text-align: justify\"><\/div>\n<div style=\"text-align: justify\">Atualmente s\u00e3o monitorados, por meio do PPDC, 175 munic\u00edpios em v\u00e1rias regionais do Estado, que s\u00e3o: Registro (14 munic\u00edpios); S\u00e3o Jos\u00e9 dos Campos e Litoral Norte (39 munic\u00edpios); Itapeva (32 munic\u00edpios); Campinas (90 munic\u00edpios); Baixada Santista (9 munic\u00edpios); Sorocaba (47 munic\u00edpios) e Regi\u00e3o Metropolitana de S\u00e3o Paulo (39 munic\u00edpios).<\/div>\n<div style=\"text-align: justify\"><\/div>\n<div style=\"text-align: justify\">Este \u00e9 o 28\u00ba ano de opera\u00e7\u00e3o do PPDC e a Opera\u00e7\u00e3o Ver\u00e3o 2016\/2017 tem o seu in\u00edcio em 1\u00ba de dezembro de 2016 e vig\u00eancia at\u00e9 31 de mar\u00e7o de 2017, podendo ou n\u00e3o ser prorrogado.<\/div>\n<div style=\"text-align: justify\"><\/div>\n<div style=\"text-align: justify\">O Plano est\u00e1 estruturado em n\u00edveis operacionais &#8211; OBSERVA\u00c7\u00c3O, ATEN\u00c7\u00c3O, ALERTA e ALERTA M\u00c1XIMO &#8211; e para cada n\u00edvel operacional existem as a\u00e7\u00f5es correspondentes. Est\u00e1 baseado em um trip\u00e9 t\u00e9cnico, que inclui:<\/div>\n<div>\n<ul>\n<li style=\"text-align: justify\">o acompanhamento das chuvas de cada munic\u00edpio, com a leitura di\u00e1ria do acumulado de chuvas de 24 horas, e o c\u00e1lculo do acumulado de chuvas de 3 dias;<\/li>\n<li style=\"text-align: justify\">o acompanhamento das previs\u00f5es meteorol\u00f3gicas;<\/li>\n<li style=\"text-align: justify\">a realiza\u00e7\u00e3o de vistorias de campo.<\/li>\n<\/ul>\n<p>Para ver a programa\u00e7\u00e3o e o calend\u00e1rio das pr\u00f3ximas oficinas acesse o site da Defesa Civil<\/p>\n<p>http:\/\/www.sidec.sp.gov.br\/defesacivil\/<\/p>\n<\/div>\n","protected":false},"excerpt":{"rendered":"<p>A Coordenadoria Estadual de Defesa Civil (CEDEC) iniciou as oficinas preparat\u00f3rias para as atividades voltadas para a Opera\u00e7\u00e3o Ver\u00e3o 2016\/2017. Participam das oficinas al\u00e9m da CEDEC, o Instituto Geol\u00f3gico (IG) e a empresa SOMAR meteorologia. As oficinas preparat\u00f3rias ocorrem nos meses de outubro e novembro e visam o treinamento dos munic\u00edpios que operam os Planos [&hellip;]<\/p>\n","protected":false},"author":25,"featured_media":10417,"comment_status":"closed","ping_status":"open","sticky":false,"template":"","format":"standard","meta":[],"categories":[1850],"tags":[],"_links":{"self":[{"href":"https:\/\/www.infraestruturameioambiente.sp.gov.br\/institutogeologico\/wp-json\/wp\/v2\/posts\/10416"}],"collection":[{"href":"https:\/\/www.infraestruturameioambiente.sp.gov.br\/institutogeologico\/wp-json\/wp\/v2\/posts"}],"about":[{"href":"https:\/\/www.infraestruturameioambiente.sp.gov.br\/institutogeologico\/wp-json\/wp\/v2\/types\/post"}],"author":[{"embeddable":true,"href":"https:\/\/www.infraestruturameioambiente.sp.gov.br\/institutogeologico\/wp-json\/wp\/v2\/users\/25"}],"replies":[{"embeddable":true,"href":"https:\/\/www.infraestruturameioambiente.sp.gov.br\/institutogeologico\/wp-json\/wp\/v2\/comments?post=10416"}],"version-history":[{"count":1,"href":"https:\/\/www.infraestruturameioambiente.sp.gov.br\/institutogeologico\/wp-json\/wp\/v2\/posts\/10416\/revisions"}],"predecessor-version":[{"id":10420,"href":"https:\/\/www.infraestruturameioambiente.sp.gov.br\/institutogeologico\/wp-json\/wp\/v2\/posts\/10416\/revisions\/10420"}],"wp:featuredmedia":[{"embeddable":true,"href":"https:\/\/www.infraestruturameioambiente.sp.gov.br\/institutogeologico\/wp-json\/wp\/v2\/media\/10417"}],"wp:attachment":[{"href":"https:\/\/www.infraestruturameioambiente.sp.gov.br\/institutogeologico\/wp-json\/wp\/v2\/media?parent=10416"}],"wp:term":[{"taxonomy":"category","embeddable":true,"href":"https:\/\/www.infraestruturameioambiente.sp.gov.br\/institutogeologico\/wp-json\/wp\/v2\/categories?post=10416"},{"taxonomy":"post_tag","embeddable":true,"href":"https:\/\/www.infraestruturameioambiente.sp.gov.br\/institutogeologico\/wp-json\/wp\/v2\/tags?post=10416"}],"curies":[{"name":"wp","href":"https:\/\/api.w.org\/{rel}","templated":true}]}}