{"id":10264,"date":"2016-06-10T16:20:43","date_gmt":"2016-06-10T19:20:43","guid":{"rendered":"https:\/\/www.infraestruturameioambiente.sp.gov.br\/institutogeologico\/?p=10264"},"modified":"2016-06-10T16:20:43","modified_gmt":"2016-06-10T19:20:43","slug":"instituto-geologico-realizou-o-6o-seminario-de-iniciacao-cientifica-pibic-ig","status":"publish","type":"post","link":"https:\/\/www.infraestruturameioambiente.sp.gov.br\/institutogeologico\/2016\/06\/instituto-geologico-realizou-o-6o-seminario-de-iniciacao-cientifica-pibic-ig\/","title":{"rendered":"Instituto Geol\u00f3gico realizou o 6\u00ba Semin\u00e1rio de Inicia\u00e7\u00e3o Cient\u00edfica PIBIC-IG"},"content":{"rendered":"<div class=\"wc-gallery\"><div id='gallery-1' data-gutter-width='5' data-columns='1' class='gallery wc-gallery-captions-onhover gallery-link-file gallery-masonry galleryid-10264 gallery-columns-1 gallery-size-thumbnail wc-gallery-bottomspace-default wc-gallery-clear'><div class='gallery-item gallery-item-position-1 gallery-item-attachment-10265'>\n\t\t\t\t<div class='gallery-icon landscape'>\n\t\t\t\t\t<a href='https:\/\/www.infraestruturameioambiente.sp.gov.br\/institutogeologico\/wp-content\/uploads\/sites\/233\/2016\/06\/6PIBIC_01-600x1080.jpg' title='6PIBIC_01' target='_self'><img width=\"150\" height=\"150\" src=\"https:\/\/www.infraestruturameioambiente.sp.gov.br\/institutogeologico\/wp-content\/uploads\/sites\/233\/2016\/06\/6PIBIC_01-150x150.jpg\" class=\"attachment-thumbnail size-thumbnail\" alt=\"\" decoding=\"async\" loading=\"lazy\" \/><\/a>\n\t\t\t\t<\/div>\n\t\t\t\t\t<div class='wp-caption-text gallery-caption'>\n\t\t\t\t\t\t<p>\n\t\t\t\t\t\tApresenta\u00e7\u00f5es\n\t\t\t\t\t\t<\/p>\n\t\t\t\t\t<\/div><\/div><div class='gallery-item gallery-item-position-2 gallery-item-attachment-10267'>\n\t\t\t\t<div class='gallery-icon landscape'>\n\t\t\t\t\t<a href='https:\/\/www.infraestruturameioambiente.sp.gov.br\/institutogeologico\/wp-content\/uploads\/sites\/233\/2016\/06\/6PIBIC_03-600x1080.jpg' title='6PIBIC_03' target='_self'><img width=\"150\" height=\"150\" src=\"https:\/\/www.infraestruturameioambiente.sp.gov.br\/institutogeologico\/wp-content\/uploads\/sites\/233\/2016\/06\/6PIBIC_03-150x150.jpg\" class=\"attachment-thumbnail size-thumbnail\" alt=\"\" decoding=\"async\" loading=\"lazy\" \/><\/a>\n\t\t\t\t<\/div>\n\t\t\t\t\t<div class='wp-caption-text gallery-caption'>\n\t\t\t\t\t\t<p>\n\t\t\t\t\t\tMarcos Vin\u00edcius\n\t\t\t\t\t\t<\/p>\n\t\t\t\t\t<\/div><\/div><div class='gallery-item gallery-item-position-3 gallery-item-attachment-10268'>\n\t\t\t\t<div class='gallery-icon landscape'>\n\t\t\t\t\t<a href='https:\/\/www.infraestruturameioambiente.sp.gov.br\/institutogeologico\/wp-content\/uploads\/sites\/233\/2016\/06\/6PIBIC_04-600x1080.jpg' title='6PIBIC_04' target='_self'><img width=\"150\" height=\"150\" src=\"https:\/\/www.infraestruturameioambiente.sp.gov.br\/institutogeologico\/wp-content\/uploads\/sites\/233\/2016\/06\/6PIBIC_04-150x150.jpg\" class=\"attachment-thumbnail size-thumbnail\" alt=\"\" decoding=\"async\" loading=\"lazy\" \/><\/a>\n\t\t\t\t<\/div>\n\t\t\t\t\t<div class='wp-caption-text gallery-caption'>\n\t\t\t\t\t\t<p>\n\t\t\t\t\t\tGuilherme Mascalchi\n\t\t\t\t\t\t<\/p>\n\t\t\t\t\t<\/div><\/div><div class='gallery-item gallery-item-position-4 gallery-item-attachment-10266'>\n\t\t\t\t<div class='gallery-icon landscape'>\n\t\t\t\t\t<a href='https:\/\/www.infraestruturameioambiente.sp.gov.br\/institutogeologico\/wp-content\/uploads\/sites\/233\/2016\/06\/6PIBIC_02-600x1080.jpg' title='6PIBIC_02' target='_self'><img width=\"150\" height=\"150\" src=\"https:\/\/www.infraestruturameioambiente.sp.gov.br\/institutogeologico\/wp-content\/uploads\/sites\/233\/2016\/06\/6PIBIC_02-150x150.jpg\" class=\"attachment-thumbnail size-thumbnail\" alt=\"\" decoding=\"async\" loading=\"lazy\" \/><\/a>\n\t\t\t\t<\/div>\n\t\t\t\t\t<div class='wp-caption-text gallery-caption'>\n\t\t\t\t\t\t<p>\n\t\t\t\t\t\tMaur\u00edcio Santos \n\t\t\t\t\t\t<\/p>\n\t\t\t\t\t<\/div><\/div><div class='gallery-item gallery-item-position-5 gallery-item-attachment-10269'>\n\t\t\t\t<div class='gallery-icon landscape'>\n\t\t\t\t\t<a href='https:\/\/www.infraestruturameioambiente.sp.gov.br\/institutogeologico\/wp-content\/uploads\/sites\/233\/2016\/06\/6PIBIC_05-600x1080.jpg' title='6PIBIC_05' target='_self'><img width=\"150\" height=\"150\" src=\"https:\/\/www.infraestruturameioambiente.sp.gov.br\/institutogeologico\/wp-content\/uploads\/sites\/233\/2016\/06\/6PIBIC_05-150x150.jpg\" class=\"attachment-thumbnail size-thumbnail\" alt=\"\" decoding=\"async\" loading=\"lazy\" \/><\/a>\n\t\t\t\t<\/div>\n\t\t\t\t\t<div class='wp-caption-text gallery-caption'>\n\t\t\t\t\t\t<p>\n\t\t\t\t\t\tRicardo Brandolt\n\t\t\t\t\t\t<\/p>\n\t\t\t\t\t<\/div><\/div><\/div>\n<\/div>\n<p style=\"text-align: justify\">No dia 07 de junho de 2016 o Instituto Geol\u00f3gico (IG) realizou o \u201c6\u00ba Semin\u00e1rio de Inicia\u00e7\u00e3o Cient\u00edfica PIBIC-IG\u201d na Sede do IG, sito na Rua Joaquim T\u00e1vora, 822, S\u00e3o Paulo.<\/p>\n<p style=\"text-align: justify\">Com uma vis\u00e3o multidisciplinar, o semin\u00e1rio teve uma tem\u00e1tica moderna, atraindo profissionais, t\u00e9cnicos, professores, graduandos e o p\u00fablico em geral. No evento foram apresentados trabalhos cient\u00edficos de atividades de pesquisa em Geoci\u00eancias dos bolsistas de inicia\u00e7\u00e3o cient\u00edfica dos Programas de Bolsas de Inicia\u00e7\u00e3o Cient\u00edfica do IG (PIBIC ensino m\u00e9dio, e PIBIC ensino superior) que fomentaram debates sobre diversos\u00a0temas das Geoci\u00eancias e Meio Ambiente.<\/p>\n<p style=\"text-align: justify\">Houve duas avalia\u00e7\u00f5es dos trabalhos apresentados, uma realizada por pesquisadores da institui\u00e7\u00e3o, e outra pelo p\u00fablico participante. Na avalia\u00e7\u00e3o do p\u00fablico, na modalidade Ensino M\u00e9dio, ficou em primeiro lugar o trabalho intitulado: \u201c<em>MONITORAMENTO DO RISCO DE ESCORREGAMENTOS NO SERT\u00c3O DO BAIRRO DA ENSEADA \u2013 UBATUBA (SP)<\/em>\u201d do bolsista Marcos Vin\u00edcius de Jesus Guimar\u00e3es; e na modalidade Ensino Superior o trabalho premiado foi: \u201c<em>CONTAMINA\u00c7\u00c3O POR NITRATO E SUA RELA\u00c7\u00c3O COM O CRESCIMENTO URBANO NO SISTEMA AQU\u00cdFERO BAURU, NA \u00c1REA URBANA DE MAR\u00cdLIA (SP)<\/em>\u201d do bolsista Guilherme Mascalchi de Figueiredo. Na avalia\u00e7\u00e3o dos pesquisadores, na modalidade Ensino M\u00e9dio, ficou em primeiro lugar o trabalho intitulado: \u201c<em>O USO DE SIG NA CARACTERIZA\u00c7\u00c3O DE RISCOS GEODIN\u00c2MICOS EM ESCOLAS DO MUNIC\u00cdPIO DE UBATUBA, SP<\/em>\u201d do bolsista Maur\u00edcio Santos de Jesus; e na modalidade Ensino Superior o trabalho premiado foi: \u201c<em>RELA\u00c7\u00c3O ENTRE O CLIMA URBANO E A INCID\u00caNCIA DE DENGUE EM S\u00c3O PAULO\/SP E PORTO ALEGRE\/RS NO ANO DE 2014<\/em>\u201d do bolsista Ricardo Brandolt.<\/p>\n<p style=\"text-align: justify\">Para Baixar os Resumos dos Trabalhos Apresentados:\u00a0<a href=\"https:\/\/www.infraestruturameioambiente.sp.gov.br\/wp-content\/uploads\/sites\/233\/2016\/06\/RESUMOS_6_SIC-IG_2016.pdf\">CLIQUE AQUI<\/a><\/p>\n<p style=\"text-align: justify\">O evento foi organizado pelo Comit\u00ea Institucional do Programa Institucional de Bolsas de Inicia\u00e7\u00e3o Cient\u00edfica do Instituto Geol\u00f3gico &#8211; PIBIC-IG. A Comiss\u00e3o Cient\u00edfica foi constitu\u00edda pelos membros do Comit\u00ea.<\/p>\n","protected":false},"excerpt":{"rendered":"<p>No dia 07 de junho de 2016 o Instituto Geol\u00f3gico (IG) realizou o \u201c6\u00ba Semin\u00e1rio de Inicia\u00e7\u00e3o Cient\u00edfica PIBIC-IG\u201d na Sede do IG, sito na Rua Joaquim T\u00e1vora, 822, S\u00e3o Paulo. Com uma vis\u00e3o multidisciplinar, o semin\u00e1rio teve uma tem\u00e1tica moderna, atraindo profissionais, t\u00e9cnicos, professores, graduandos e o p\u00fablico em geral. No evento foram apresentados [&hellip;]<\/p>\n","protected":false},"author":25,"featured_media":10272,"comment_status":"closed","ping_status":"open","sticky":false,"template":"","format":"standard","meta":[],"categories":[1850],"tags":[],"_links":{"self":[{"href":"https:\/\/www.infraestruturameioambiente.sp.gov.br\/institutogeologico\/wp-json\/wp\/v2\/posts\/10264"}],"collection":[{"href":"https:\/\/www.infraestruturameioambiente.sp.gov.br\/institutogeologico\/wp-json\/wp\/v2\/posts"}],"about":[{"href":"https:\/\/www.infraestruturameioambiente.sp.gov.br\/institutogeologico\/wp-json\/wp\/v2\/types\/post"}],"author":[{"embeddable":true,"href":"https:\/\/www.infraestruturameioambiente.sp.gov.br\/institutogeologico\/wp-json\/wp\/v2\/users\/25"}],"replies":[{"embeddable":true,"href":"https:\/\/www.infraestruturameioambiente.sp.gov.br\/institutogeologico\/wp-json\/wp\/v2\/comments?post=10264"}],"version-history":[{"count":2,"href":"https:\/\/www.infraestruturameioambiente.sp.gov.br\/institutogeologico\/wp-json\/wp\/v2\/posts\/10264\/revisions"}],"predecessor-version":[{"id":10273,"href":"https:\/\/www.infraestruturameioambiente.sp.gov.br\/institutogeologico\/wp-json\/wp\/v2\/posts\/10264\/revisions\/10273"}],"wp:featuredmedia":[{"embeddable":true,"href":"https:\/\/www.infraestruturameioambiente.sp.gov.br\/institutogeologico\/wp-json\/wp\/v2\/media\/10272"}],"wp:attachment":[{"href":"https:\/\/www.infraestruturameioambiente.sp.gov.br\/institutogeologico\/wp-json\/wp\/v2\/media?parent=10264"}],"wp:term":[{"taxonomy":"category","embeddable":true,"href":"https:\/\/www.infraestruturameioambiente.sp.gov.br\/institutogeologico\/wp-json\/wp\/v2\/categories?post=10264"},{"taxonomy":"post_tag","embeddable":true,"href":"https:\/\/www.infraestruturameioambiente.sp.gov.br\/institutogeologico\/wp-json\/wp\/v2\/tags?post=10264"}],"curies":[{"name":"wp","href":"https:\/\/api.w.org\/{rel}","templated":true}]}}