{"id":10117,"date":"2016-05-05T11:55:06","date_gmt":"2016-05-05T14:55:06","guid":{"rendered":"https:\/\/www.infraestruturameioambiente.sp.gov.br\/institutogeologico\/?p=10117"},"modified":"2017-01-11T15:45:07","modified_gmt":"2017-01-11T17:45:07","slug":"pesquisa-inedita-analisa-fossil-de-morcego-do-acervo-do-instituto-geologico","status":"publish","type":"post","link":"https:\/\/www.infraestruturameioambiente.sp.gov.br\/institutogeologico\/2016\/05\/pesquisa-inedita-analisa-fossil-de-morcego-do-acervo-do-instituto-geologico\/","title":{"rendered":"Pesquisa in\u00e9dita analisa f\u00f3ssil de morcego do acervo do Instituto Geol\u00f3gico"},"content":{"rendered":"<div class=\"wc-gallery\"><div id='gallery-1' data-gutter-width='5' data-columns='1' class='gallery wc-gallery-captions-onhover gallery-link-file gallery-masonry galleryid-10117 gallery-columns-1 gallery-size-thumbnail wc-gallery-bottomspace-default wc-gallery-clear'><div class='gallery-item gallery-item-position-1 gallery-item-attachment-10202'>\n\t\t\t\t<div class='gallery-icon landscape'>\n\t\t\t\t\t<a href='https:\/\/www.infraestruturameioambiente.sp.gov.br\/institutogeologico\/wp-content\/uploads\/sites\/233\/2016\/05\/DSC00609-600x2628.jpg' title='DSC00609' target='_self'><img width=\"150\" height=\"150\" src=\"https:\/\/www.infraestruturameioambiente.sp.gov.br\/institutogeologico\/wp-content\/uploads\/sites\/233\/2016\/05\/DSC00609-150x150.jpg\" class=\"attachment-thumbnail size-thumbnail\" alt=\"\" decoding=\"async\" loading=\"lazy\" \/><\/a>\n\t\t\t\t<\/div><\/div><div class='gallery-item gallery-item-position-2 gallery-item-attachment-10205'>\n\t\t\t\t<div class='gallery-icon landscape'>\n\t\t\t\t\t<a href='https:\/\/www.infraestruturameioambiente.sp.gov.br\/institutogeologico\/wp-content\/uploads\/sites\/233\/2016\/05\/Morcego_Mugeo_Scanner21-600x600.jpg' title='Morcego_Mugeo_Scanner2' target='_self'><img width=\"150\" height=\"150\" src=\"https:\/\/www.infraestruturameioambiente.sp.gov.br\/institutogeologico\/wp-content\/uploads\/sites\/233\/2016\/05\/Morcego_Mugeo_Scanner21-150x150.jpg\" class=\"attachment-thumbnail size-thumbnail\" alt=\"\" decoding=\"async\" loading=\"lazy\" srcset=\"https:\/\/www.infraestruturameioambiente.sp.gov.br\/institutogeologico\/wp-content\/uploads\/sites\/233\/2016\/05\/Morcego_Mugeo_Scanner21-150x150.jpg 150w, https:\/\/www.infraestruturameioambiente.sp.gov.br\/institutogeologico\/wp-content\/uploads\/sites\/233\/2016\/05\/Morcego_Mugeo_Scanner21-600x600.jpg 600w\" sizes=\"(max-width: 150px) 100vw, 150px\" \/><\/a>\n\t\t\t\t<\/div><\/div><div class='gallery-item gallery-item-position-3 gallery-item-attachment-10203'>\n\t\t\t\t<div class='gallery-icon landscape'>\n\t\t\t\t\t<a href='https:\/\/www.infraestruturameioambiente.sp.gov.br\/institutogeologico\/wp-content\/uploads\/sites\/233\/2016\/05\/Morcego_MUGEO_foto-600x600.jpg' title='Morcego_MUGEO_foto' target='_self'><img width=\"150\" height=\"150\" src=\"https:\/\/www.infraestruturameioambiente.sp.gov.br\/institutogeologico\/wp-content\/uploads\/sites\/233\/2016\/05\/Morcego_MUGEO_foto-150x150.jpg\" class=\"attachment-thumbnail size-thumbnail\" alt=\"\" decoding=\"async\" loading=\"lazy\" srcset=\"https:\/\/www.infraestruturameioambiente.sp.gov.br\/institutogeologico\/wp-content\/uploads\/sites\/233\/2016\/05\/Morcego_MUGEO_foto-150x150.jpg 150w, https:\/\/www.infraestruturameioambiente.sp.gov.br\/institutogeologico\/wp-content\/uploads\/sites\/233\/2016\/05\/Morcego_MUGEO_foto-600x600.jpg 600w\" sizes=\"(max-width: 150px) 100vw, 150px\" \/><\/a>\n\t\t\t\t<\/div><\/div><\/div>\n<\/div>\n<p>Um estudo in\u00e9dito coordenado pelo Dr. Leandro de Oliveira Salles do Museu Nacional (UFRJ\/RJ) pretende analisar o f\u00f3ssil de morcego do acervo do Instituto Geol\u00f3gico (IG) utilizado o moderno e recente equipamento de tomografia computadorizada do Museu de Zoologia da Universidade de S\u00e3o Paulo.<\/p>\n<p>O f\u00f3ssil de morcego faz parte do Acervo Paleontol\u00f3gico do IG da curadora e pesquisadora Maria da Saudade A. S. Maranh\u00e3o e atualmente encontra-se exposto ao p\u00fablico no Museu Geol\u00f3gico &#8211; MUGEO no Parque da \u00c1gua Branca, em Perdizes, sendo um dos tr\u00eas exemplares expostos conhecidos em toda a Am\u00e9rica.<\/p>\n<p>Coletado na cidade de Trememb\u00e9, na desativada mineradora Nossa Senhora da Guia nos anos 50, o f\u00f3ssil do morcego foi o primeiro f\u00f3ssil de mam\u00edfero encontrado na Forma\u00e7\u00e3o Trememb\u00e9. Na \u00e9poca foi identificado e descrito por Paula Couto em 1956 como <i>Tadarida faustoi<\/i>, j\u00e1 em 1984 Legendre fez um estudo comparativo com outros f\u00f3sseis e morcegos recentes de v\u00e1rios g\u00eaneros e subg\u00eaneros, datando-o entre 33 milh\u00f5es h\u00e1 23 milh\u00f5es de anos, propondo ent\u00e3o a mudan\u00e7a do g\u00eanero para <i>Mormopterus<\/i>, atribuindo-lhe um novo subg\u00eanero (Neomops), designando-o como <i>Mormopterus (Neomops) faustoi<\/i>. Em geral, f\u00f3sseis de morcegos s\u00e3o raros e pouco estudados, pois a fragilidade de seus ossos dificulta a conserva\u00e7\u00e3o e fossiliza\u00e7\u00e3o.<\/p>\n<p>A pesquisa in\u00e9dita realizada em f\u00f3sseis de morcegos no Brasil com a an\u00e1lise das imagens tridimensionais obtidas pelo tom\u00f3grafo computadorizado ser\u00e1 poss\u00edvel detectar com precis\u00e3o as estruturas \u00f3sseas presentes, principalmente a denti\u00e7\u00e3o, auxiliando na compreens\u00e3o das rela\u00e7\u00f5es filogen\u00e9ticas. O exemplar analisado possui grande import\u00e2ncia cient\u00edfica pelo seu ineditismo, curiosamente \u00e9 o \u00fanico mam\u00edfero procedente dos folhelhos pirobetuminosos (rocha formada em um antigo lago h\u00e1 28-24 milh\u00f5es de anos), na Forma\u00e7\u00e3o Geol\u00f3gica Trememb\u00e9 os demais f\u00f3sseis de mam\u00edferos procedem de camadas de argila.<\/p>\n<p>Atualmente os morcegos representam um quarto de toda as esp\u00e9cies de mam\u00edferos do mundo, s\u00e3o pelo menos 1.116 esp\u00e9cies que\u00a0s\u00e3o respons\u00e1veis por 60% da recupera\u00e7\u00e3o das florestas, sendo imprescind\u00edveis para a manuten\u00e7\u00e3o do ecossistema, regenera\u00e7\u00e3o das matas e para o equil\u00edbrio da cadeia alimentar.<\/p>\n","protected":false},"excerpt":{"rendered":"<p>Um estudo in\u00e9dito coordenado pelo Dr. Leandro de Oliveira Salles do Museu Nacional (UFRJ\/RJ) pretende analisar o f\u00f3ssil de morcego do acervo do Instituto Geol\u00f3gico (IG) utilizado o moderno e recente equipamento de tomografia computadorizada do Museu de Zoologia da Universidade de S\u00e3o Paulo. O f\u00f3ssil de morcego faz parte do Acervo Paleontol\u00f3gico do IG [&hellip;]<\/p>\n","protected":false},"author":25,"featured_media":10202,"comment_status":"closed","ping_status":"open","sticky":false,"template":"","format":"standard","meta":[],"categories":[1850],"tags":[],"_links":{"self":[{"href":"https:\/\/www.infraestruturameioambiente.sp.gov.br\/institutogeologico\/wp-json\/wp\/v2\/posts\/10117"}],"collection":[{"href":"https:\/\/www.infraestruturameioambiente.sp.gov.br\/institutogeologico\/wp-json\/wp\/v2\/posts"}],"about":[{"href":"https:\/\/www.infraestruturameioambiente.sp.gov.br\/institutogeologico\/wp-json\/wp\/v2\/types\/post"}],"author":[{"embeddable":true,"href":"https:\/\/www.infraestruturameioambiente.sp.gov.br\/institutogeologico\/wp-json\/wp\/v2\/users\/25"}],"replies":[{"embeddable":true,"href":"https:\/\/www.infraestruturameioambiente.sp.gov.br\/institutogeologico\/wp-json\/wp\/v2\/comments?post=10117"}],"version-history":[{"count":1,"href":"https:\/\/www.infraestruturameioambiente.sp.gov.br\/institutogeologico\/wp-json\/wp\/v2\/posts\/10117\/revisions"}],"predecessor-version":[{"id":10206,"href":"https:\/\/www.infraestruturameioambiente.sp.gov.br\/institutogeologico\/wp-json\/wp\/v2\/posts\/10117\/revisions\/10206"}],"wp:featuredmedia":[{"embeddable":true,"href":"https:\/\/www.infraestruturameioambiente.sp.gov.br\/institutogeologico\/wp-json\/wp\/v2\/media\/10202"}],"wp:attachment":[{"href":"https:\/\/www.infraestruturameioambiente.sp.gov.br\/institutogeologico\/wp-json\/wp\/v2\/media?parent=10117"}],"wp:term":[{"taxonomy":"category","embeddable":true,"href":"https:\/\/www.infraestruturameioambiente.sp.gov.br\/institutogeologico\/wp-json\/wp\/v2\/categories?post=10117"},{"taxonomy":"post_tag","embeddable":true,"href":"https:\/\/www.infraestruturameioambiente.sp.gov.br\/institutogeologico\/wp-json\/wp\/v2\/tags?post=10117"}],"curies":[{"name":"wp","href":"https:\/\/api.w.org\/{rel}","templated":true}]}}