{"id":10012,"date":"2015-11-04T16:17:14","date_gmt":"2015-11-04T18:17:14","guid":{"rendered":"https:\/\/www.infraestruturameioambiente.sp.gov.br\/institutogeologico\/?p=10012"},"modified":"2015-11-04T16:17:14","modified_gmt":"2015-11-04T18:17:14","slug":"instituto-geologico-participa-do-14o-simposio-de-geologia-do-sudeste-em-campos-do-jordao","status":"publish","type":"post","link":"https:\/\/www.infraestruturameioambiente.sp.gov.br\/institutogeologico\/2015\/11\/instituto-geologico-participa-do-14o-simposio-de-geologia-do-sudeste-em-campos-do-jordao\/","title":{"rendered":"Instituto Geol\u00f3gico participa do 14\u00ba Simp\u00f3sio de Geologia do Sudeste em Campos do Jord\u00e3o"},"content":{"rendered":"<div class=\"wc-gallery\"><div id='gallery-1' data-gutter-width='5' data-columns='1' class='gallery wc-gallery-captions-onhover gallery-link-file gallery-masonry galleryid-10012 gallery-columns-1 gallery-size-thumbnail wc-gallery-bottomspace-default wc-gallery-clear'><div class='gallery-item gallery-item-position-1 gallery-item-attachment-10014'>\n\t\t\t\t<div class='gallery-icon landscape'>\n\t\t\t\t\t<a href='https:\/\/www.infraestruturameioambiente.sp.gov.br\/institutogeologico\/wp-content\/uploads\/sites\/233\/2015\/11\/14-Simp_Geol_Sudes_CJ_01-600x600.jpg' title='14 Simp_Geol_Sudes_CJ_01' target='_self'><img width=\"150\" height=\"150\" src=\"https:\/\/www.infraestruturameioambiente.sp.gov.br\/institutogeologico\/wp-content\/uploads\/sites\/233\/2015\/11\/14-Simp_Geol_Sudes_CJ_01-150x150.jpg\" class=\"attachment-thumbnail size-thumbnail\" alt=\"\" decoding=\"async\" loading=\"lazy\" srcset=\"https:\/\/www.infraestruturameioambiente.sp.gov.br\/institutogeologico\/wp-content\/uploads\/sites\/233\/2015\/11\/14-Simp_Geol_Sudes_CJ_01-150x150.jpg 150w, https:\/\/www.infraestruturameioambiente.sp.gov.br\/institutogeologico\/wp-content\/uploads\/sites\/233\/2015\/11\/14-Simp_Geol_Sudes_CJ_01-600x600.jpg 600w\" sizes=\"(max-width: 150px) 100vw, 150px\" \/><\/a>\n\t\t\t\t<\/div><\/div><div class='gallery-item gallery-item-position-2 gallery-item-attachment-10015'>\n\t\t\t\t<div class='gallery-icon landscape'>\n\t\t\t\t\t<a href='https:\/\/www.infraestruturameioambiente.sp.gov.br\/institutogeologico\/wp-content\/uploads\/sites\/233\/2015\/11\/14-Simp_Geol_Sudes_CJ_02-600x600.jpg' title='14 Simp_Geol_Sudes_CJ_02' target='_self'><img width=\"150\" height=\"150\" src=\"https:\/\/www.infraestruturameioambiente.sp.gov.br\/institutogeologico\/wp-content\/uploads\/sites\/233\/2015\/11\/14-Simp_Geol_Sudes_CJ_02-150x150.jpg\" class=\"attachment-thumbnail size-thumbnail\" alt=\"\" decoding=\"async\" loading=\"lazy\" srcset=\"https:\/\/www.infraestruturameioambiente.sp.gov.br\/institutogeologico\/wp-content\/uploads\/sites\/233\/2015\/11\/14-Simp_Geol_Sudes_CJ_02-150x150.jpg 150w, https:\/\/www.infraestruturameioambiente.sp.gov.br\/institutogeologico\/wp-content\/uploads\/sites\/233\/2015\/11\/14-Simp_Geol_Sudes_CJ_02-600x600.jpg 600w\" sizes=\"(max-width: 150px) 100vw, 150px\" \/><\/a>\n\t\t\t\t<\/div><\/div><div class='gallery-item gallery-item-position-3 gallery-item-attachment-10016'>\n\t\t\t\t<div class='gallery-icon landscape'>\n\t\t\t\t\t<a href='https:\/\/www.infraestruturameioambiente.sp.gov.br\/institutogeologico\/wp-content\/uploads\/sites\/233\/2015\/11\/14-Simp_Geol_Sudes_CJ_03-600x600.jpg' title='14 Simp_Geol_Sudes_CJ_03' target='_self'><img width=\"150\" height=\"150\" src=\"https:\/\/www.infraestruturameioambiente.sp.gov.br\/institutogeologico\/wp-content\/uploads\/sites\/233\/2015\/11\/14-Simp_Geol_Sudes_CJ_03-150x150.jpg\" class=\"attachment-thumbnail size-thumbnail\" alt=\"\" decoding=\"async\" loading=\"lazy\" srcset=\"https:\/\/www.infraestruturameioambiente.sp.gov.br\/institutogeologico\/wp-content\/uploads\/sites\/233\/2015\/11\/14-Simp_Geol_Sudes_CJ_03-150x150.jpg 150w, https:\/\/www.infraestruturameioambiente.sp.gov.br\/institutogeologico\/wp-content\/uploads\/sites\/233\/2015\/11\/14-Simp_Geol_Sudes_CJ_03-600x600.jpg 600w\" sizes=\"(max-width: 150px) 100vw, 150px\" \/><\/a>\n\t\t\t\t<\/div><\/div><div class='gallery-item gallery-item-position-4 gallery-item-attachment-10017'>\n\t\t\t\t<div class='gallery-icon landscape'>\n\t\t\t\t\t<a href='https:\/\/www.infraestruturameioambiente.sp.gov.br\/institutogeologico\/wp-content\/uploads\/sites\/233\/2015\/11\/14-Simp_Geol_Sudes_CJ_04-600x761.jpg' title='14 Simp_Geol_Sudes_CJ_04' target='_self'><img width=\"150\" height=\"150\" src=\"https:\/\/www.infraestruturameioambiente.sp.gov.br\/institutogeologico\/wp-content\/uploads\/sites\/233\/2015\/11\/14-Simp_Geol_Sudes_CJ_04-150x150.jpg\" class=\"attachment-thumbnail size-thumbnail\" alt=\"\" decoding=\"async\" loading=\"lazy\" \/><\/a>\n\t\t\t\t<\/div><\/div><div class='gallery-item gallery-item-position-5 gallery-item-attachment-10018'>\n\t\t\t\t<div class='gallery-icon landscape'>\n\t\t\t\t\t<a href='https:\/\/www.infraestruturameioambiente.sp.gov.br\/institutogeologico\/wp-content\/uploads\/sites\/233\/2015\/11\/14-Simp_Geol_Sudes_CJ_05-600x947.jpg' title='14 Simp_Geol_Sudes_CJ_05' target='_self'><img width=\"150\" height=\"150\" src=\"https:\/\/www.infraestruturameioambiente.sp.gov.br\/institutogeologico\/wp-content\/uploads\/sites\/233\/2015\/11\/14-Simp_Geol_Sudes_CJ_05-150x150.jpg\" class=\"attachment-thumbnail size-thumbnail\" alt=\"\" decoding=\"async\" loading=\"lazy\" \/><\/a>\n\t\t\t\t<\/div><\/div><\/div>\n<\/div>\n<p>Entre os dias 26 a 29 de outubro de 2015 a Sociedade Brasileira de Geologia (SBG) promoveu o 14\u00ba Simp\u00f3sio de Geologia do Sudeste (SBG), o 8\u00ba do Cret\u00e1ceo do Brasil e o VI Simp\u00f3sio Nacional de Ensino e Hist\u00f3rias de Ci\u00eancias da Terra (EnsinoGeo) em Campos do Jord\u00e3o.<\/p>\n<p>O Simp\u00f3sio teve como tema central \u201cA Import\u00e2ncia dos Recursos Naturais na Economia Brasileira\u201d, e contou com sess\u00f5es t\u00e9cnicas nas \u00e1reas de: Bacias Sedimentares, Recursos Minerais e Hidrocarbonetos, Geotect\u00f4nica e Evolu\u00e7\u00e3o Crustal, Geodin\u00e2mica do Cenozoico, Geotecnologias, Ensino e Divulga\u00e7\u00e3o em Geoci\u00eancias e Geoci\u00eancias Aplicadas e Ambientais.<\/p>\n<p>O Instituto Geol\u00f3gico (IG) apoiou a realiza\u00e7\u00e3o do evento, organizando e participando de mesas redondas, comiss\u00e3o cient\u00edfica, coordena\u00e7\u00e3o de sess\u00f5es t\u00e9cnicas, apresenta\u00e7\u00f5es de trabalhos e com estande de divulga\u00e7\u00e3o, onde foram distribu\u00eddas publica\u00e7\u00f5es desenvolvidas na Institui\u00e7\u00e3o com resultados de trabalhos realizados pelos pesquisadores e t\u00e9cnicos.<\/p>\n<p>O pesquisador William Sallun Filho participou da comiss\u00e3o cient\u00edfica e da coordena\u00e7\u00e3o da Sess\u00e3o T\u00e9cnica 4 &#8211; Geodin\u00e2mica do Cenoz\u00f3ico, e a pesquisadora L\u00eddia Keiko Tominaga coordenou a Sess\u00e3o T\u00e9cnica 7 &#8211; Geoci\u00eancias Aplicadas e Ambientais, al\u00e9m de apresentarem trabalhos.<\/p>\n<p>Durante o evento o Diretor Geral do Instituto Geol\u00f3gico (IG) Ricardo Vedovello coordenou a Mesa Redonda: \u201cContexto atual da gest\u00e3o de riscos de desastres no Estado de S\u00e3o Paulo\u201d, Dr. Vedovello representou a Secret\u00e1ria do Meio Ambiente Dra. Patr\u00edcia Iglecias na ocasi\u00e3o. A mesa contou ainda com a participa\u00e7\u00e3o do Secret\u00e1rio-Chefe da Casa Militar e Coordenador Estadual de Defesa Civil Cel. Jos\u00e9 Roberto Rodrigues de Oliveira; do Prefeito de Campos do Jord\u00e3o Sr. Frederico Guidoni Scaranello; do Especialista Ambiental do Instituto Geol\u00f3gico Eduardo de Andrade e da Ge\u00f3loga do Servi\u00e7o Geol\u00f3gico do Brasil (CPRM) Dra. Andrea Fregolente Lazaretti.<\/p>\n<p>Ao todo foram apresentados 13 trabalhos cient\u00edficos entre posteres e apresenta\u00e7\u00f5es orais que envolveram cerca de 20 profissionais do Instituto Geol\u00f3gico (IG) entre pesquisadores e t\u00e9cnicos e em alguns casos, os trabalhos contaram com a parceria de outros profissionais de institui\u00e7\u00f5es de pesquisa e ensino.<\/p>\n<p>O p\u00fablico presente foi cerca de 400 participantes da \u00e1rea de Geoci\u00eancias, entre pesquisadores, profissionais e estudantes de gradua\u00e7\u00e3o e de p\u00f3s-gradua\u00e7\u00e3o, al\u00e9m de profissionais de ensino.<\/p>\n","protected":false},"excerpt":{"rendered":"<p>Entre os dias 26 a 29 de outubro de 2015 a Sociedade Brasileira de Geologia (SBG) promoveu o 14\u00ba Simp\u00f3sio de Geologia do Sudeste (SBG), o 8\u00ba do Cret\u00e1ceo do Brasil e o VI Simp\u00f3sio Nacional de Ensino e Hist\u00f3rias de Ci\u00eancias da Terra (EnsinoGeo) em Campos do Jord\u00e3o. O Simp\u00f3sio teve como tema central [&hellip;]<\/p>\n","protected":false},"author":27,"featured_media":10013,"comment_status":"closed","ping_status":"open","sticky":false,"template":"","format":"standard","meta":[],"categories":[1850],"tags":[],"_links":{"self":[{"href":"https:\/\/www.infraestruturameioambiente.sp.gov.br\/institutogeologico\/wp-json\/wp\/v2\/posts\/10012"}],"collection":[{"href":"https:\/\/www.infraestruturameioambiente.sp.gov.br\/institutogeologico\/wp-json\/wp\/v2\/posts"}],"about":[{"href":"https:\/\/www.infraestruturameioambiente.sp.gov.br\/institutogeologico\/wp-json\/wp\/v2\/types\/post"}],"author":[{"embeddable":true,"href":"https:\/\/www.infraestruturameioambiente.sp.gov.br\/institutogeologico\/wp-json\/wp\/v2\/users\/27"}],"replies":[{"embeddable":true,"href":"https:\/\/www.infraestruturameioambiente.sp.gov.br\/institutogeologico\/wp-json\/wp\/v2\/comments?post=10012"}],"version-history":[{"count":2,"href":"https:\/\/www.infraestruturameioambiente.sp.gov.br\/institutogeologico\/wp-json\/wp\/v2\/posts\/10012\/revisions"}],"predecessor-version":[{"id":10021,"href":"https:\/\/www.infraestruturameioambiente.sp.gov.br\/institutogeologico\/wp-json\/wp\/v2\/posts\/10012\/revisions\/10021"}],"wp:featuredmedia":[{"embeddable":true,"href":"https:\/\/www.infraestruturameioambiente.sp.gov.br\/institutogeologico\/wp-json\/wp\/v2\/media\/10013"}],"wp:attachment":[{"href":"https:\/\/www.infraestruturameioambiente.sp.gov.br\/institutogeologico\/wp-json\/wp\/v2\/media?parent=10012"}],"wp:term":[{"taxonomy":"category","embeddable":true,"href":"https:\/\/www.infraestruturameioambiente.sp.gov.br\/institutogeologico\/wp-json\/wp\/v2\/categories?post=10012"},{"taxonomy":"post_tag","embeddable":true,"href":"https:\/\/www.infraestruturameioambiente.sp.gov.br\/institutogeologico\/wp-json\/wp\/v2\/tags?post=10012"}],"curies":[{"name":"wp","href":"https:\/\/api.w.org\/{rel}","templated":true}]}}