{"id":35559,"date":"2022-10-13T17:50:09","date_gmt":"2022-10-13T20:50:09","guid":{"rendered":"https:\/\/www.infraestruturameioambiente.sp.gov.br\/editais\/?p=35559"},"modified":"2023-07-24T02:33:10","modified_gmt":"2023-07-24T05:33:10","slug":"concorrencia-01-2022-gs","status":"publish","type":"post","link":"https:\/\/www.infraestruturameioambiente.sp.gov.br\/editais\/2022\/10\/concorrencia-01-2022-gs\/","title":{"rendered":"Concorr\u00eancia 01\/2022\/GS"},"content":{"rendered":"<p class=\"x_MsoNormal\"><b><span class=\"x_ContentPasted1\">GOVERNO DO ESTADO DE S\u00c3O PAULO<br \/>\n<\/span><\/b><b><span class=\"x_ContentPasted1\">SECRETARIA DE INFRAESTRUTURA E MEIO AMBIENTE\u00a0<\/span><\/b><\/p>\n<p><span class=\"x_ContentPasted1\">Acha-se aberta no Gabinete do Secret\u00e1rio, da Secretaria de Infraestrutura e Meio Ambiente, a licita\u00e7\u00e3o na modalidade concorr\u00eancia\u00a0<b class=\"x_ContentPasted1\">01\/2022\/GS<\/b>, do tipo maior valor fixo anual ofertado,\u00a0processo 70.082\/2021, destinada\u00a0a permiss\u00e3o de uso de \u00e1rea das Esta\u00e7\u00f5es Experimentais de Itapeva e Itirapina e das Florestas de \u00c1guas de Santa Barbara, Angatuba e Piraju visando manejo florestal em \u00e1reas de florestas ex\u00f3ticas plantadas e atividades associadas para gest\u00e3o t\u00e9cnica e comercial, com foco em produtos e subprodutos florestais, para madeira ou resina de pinus e novos plantios comerciais de pinus e\/ou eucaliptos,\u00a0com o recebimento dos envelopes de proposta financeira e de habilita\u00e7\u00e3o, bem como, a abertura das propostas dar-se-\u00e3o no dia\u00a0<b class=\"x_ContentPasted1\">17\/11<\/b><b class=\"x_ContentPasted1\">\/2022\u00a0<\/b>\u00e0s\u00a0<b class=\"x_ContentPasted1\">09h00<\/b>, em sess\u00e3o p\u00fablica a ser realizada na sede da Secretaria de Infraestrutura e Meio Ambiente, \u00e0\u00a0Av. Prof. Frederico Hermann J\u00fanior, 345, Alto de Pinheiros, S\u00e3o Paulo, SP.\u00a0Os interessados poder\u00e3o consultar o edital completo nos sites\u00a0<a class=\"x_ContentPasted1\" href=\"http:\/\/www.imprensaoficial.com.br\/\" target=\"_blank\" rel=\"noopener noreferrer\" data-auth=\"NotApplicable\" data-safelink=\"true\" data-linkindex=\"0\">www.imprensaoficial.com.br<\/a>\u00a0e\u00a0<a class=\"x_ContentPasted1\" href=\"http:\/\/www.infraestruturameioambiente.sp.gov.br\/\" target=\"_blank\" rel=\"noopener noreferrer\" data-auth=\"NotApplicable\" data-safelink=\"true\" data-linkindex=\"1\">www.infraestruturameioambiente.sp.gov.br<\/a>. Maiores esclarecimentos podem ser solicitados atrav\u00e9s do e-mail:\u00a0<a class=\"x_ContentPasted1\" href=\"mailto:smalicitacoes@gmail.com\" target=\"_blank\" rel=\"noopener noreferrer\" data-auth=\"NotApplicable\" data-safelink=\"true\" data-linkindex=\"2\">sima.licitacoes@gmail.com<\/a>\u00a0ou encaminhados ao Centro de Licita\u00e7\u00f5es e Contratos, \u00e0 Av. Prof. Frederico Hermann J\u00fanior, 345, pr\u00e9dio 1, 6\u00ba andar, Alto de Pinheiros, S\u00e3o Paulo, SP, CEP 05459-010.<\/span><\/p>\n<ul>\n<li><a href=\"https:\/\/smastr16.blob.core.windows.net\/editais\/sites\/41\/2022\/10\/edital-concorrencia-01-2022-gs.pdf\">Download do edital<\/a><\/li>\n<\/ul>\n<p><strong>Material de Apoio<\/strong><\/p>\n<ul>\n<li><a href=\"https:\/\/smastr16.blob.core.windows.net\/editais\/sites\/41\/2022\/10\/cadastro-florestal_2022_08_11.xlsx\">Cadastro Florestal<\/a><\/li>\n<li><a href=\"https:\/\/smastr16.blob.core.windows.net\/editais\/sites\/41\/2022\/10\/relatorio-contribuicoes_oitiva-madeira-e-resina.pdf\">Relatorio Contribuicoes &#8211; Oitiva Madeira e Resina<\/a><\/li>\n<li><a href=\"https:\/\/smastr16.blob.core.windows.net\/editais\/sites\/41\/2022\/10\/valores-referenciais_concorrencia_vf.pdf\">Valores referenciais_Concorr\u00eancia<\/a><\/li>\n<\/ul>\n<div>\n<hr \/>\n<p class=\"x_MsoNormal\"><b><span class=\"x_ContentPasted1\">PEDIDO DE ESCLARECIMENTOS<\/span><span class=\"x_ContentPasted1\">\u00a0<\/span><\/b><\/p>\n<p class=\"x_MsoNormal\"><b><span class=\"x_ContentPasted1\">PERGUNTA:<\/span><span class=\"x_ContentPasted1\">\u00a0<\/span><\/b><\/p>\n<p class=\"x_MsoNormal\"><span class=\"x_ContentPasted1\">Gostaria de tirar algumas d\u00favidas sobre o processo e receber alguns documentos t\u00e9cnicos da \u00e1rea de Itapeva (Lote 2).<\/span><span class=\"x_ContentPasted1\">\u00a0<\/span><\/p>\n<p class=\"x_MsoNormal\"><span class=\"x_ContentPasted1\">D\u00favidas:<\/span><span class=\"x_ContentPasted1\">\u00a0<\/span><\/p>\n<p class=\"x_MsoNormal\"><span class=\"x_ContentPasted1\">1- Qual a data limite para envio da documenta\u00e7\u00e3o e proposta?<\/span><span class=\"x_ContentPasted1\">\u00a0<\/span><\/p>\n<p class=\"x_MsoNormal\"><span class=\"x_ContentPasted1\">2- Posso enviar uma proposta apenas para o Lote 2?<\/span><span class=\"x_ContentPasted1\">\u00a0<\/span><\/p>\n<p class=\"x_MsoNormal\"><span class=\"x_ContentPasted1\">3- Como agendar uma visita na \u00e1rea?<\/span><span class=\"x_ContentPasted1\">\u00a0<\/span><\/p>\n<p class=\"x_MsoNormal\"><span class=\"x_ContentPasted1\">4 -Solicita\u00e7\u00e3o Documentos T\u00e9cnicos:<\/span><span class=\"x_ContentPasted1\">\u00a0<\/span><\/p>\n<p class=\"x_MsoNormal\"><span class=\"x_ContentPasted1\">Cadastro de plantio (Talh\u00f5es, Esp\u00e9cies, Data de Plantio, Manejo, Espa\u00e7amento)<\/span><span class=\"x_ContentPasted1\"><br \/>\n<\/span><span class=\"x_ContentPasted1\">Invent\u00e1rio Florestal (Se poss\u00edvel)<\/span><span class=\"x_ContentPasted1\"><br \/>\n<\/span><span class=\"x_ContentPasted1\">Mapas<\/span><span class=\"x_ContentPasted1\">\u00a0<\/span><\/p>\n<p class=\"x_MsoNormal\"><b><span class=\"x_ContentPasted1\">RESPOSTA:<\/span><span class=\"x_ContentPasted1\">\u00a0<\/span><\/b><\/p>\n<p class=\"x_MsoNormal\"><span class=\"x_ContentPasted1\">1-\u00a0<\/span><span class=\"x_xxcontentpasted0\"><span class=\"x_ContentPasted1\">Conforme previsto no item 6.1 do edital, \u201c<\/span><i><span class=\"x_ContentPasted1\">no local, data e hor\u00e1rio indicados no pre\u00e2mbulo deste Edital, a Comiss\u00e3o Julgadora da Licita\u00e7\u00e3o instalar\u00e1 a sess\u00e3o p\u00fablica para receber os ENVELOPES N\u00ba 1 \u2013 PROPOSTA, os ENVELOPES N\u00ba 2 \u2013 HABILITA\u00c7\u00c3O e as declara\u00e7\u00f5es complementares a que se refere o subitem 3.2<\/span><\/i><span class=\"x_ContentPasted1\">\u201d, j\u00e1, no pre\u00e2mbulo, consta a data e o hor\u00e1rio da realiza\u00e7\u00e3o da sess\u00e3o p\u00fablica, qual seja, 17\/11\/2022 \u00e0s 09h00.\u00a0<\/span>\u00a0<\/span><\/p>\n<p class=\"x_MsoNormal\"><span class=\"x_xxcontentpasted0\"><span class=\"x_ContentPasted1\">2- De acordo com o item 4.2 do edital, e \u201c<\/span><span class=\"x_ContentPasted1\"><i class=\"x_ContentPasted1\">c<\/i><\/span><i><span class=\"x_ContentPasted1\">onsiderando a exist\u00eancia de dois lotes, as propostas dever\u00e3o ser apresentadas separadamente pelo licitante dentro do mesmo ENVELOPE N\u00ba 1 \u2013 PROPOSTA ou apenas do Lote espec\u00edfico que ser\u00e1 feita a proposta<\/span><\/i><span class=\"x_ContentPasted1\">\u201d.<\/span><\/span><span class=\"x_ContentPasted1\">\u00a0<\/span><span class=\"x_xxcontentpasted0\">\u00a0<\/span><\/p>\n<p class=\"x_MsoNormal\"><i><span class=\"x_ContentPasted1\">3-\u00a0<\/span><\/i><i><span class=\"x_ContentPasted1\">As interessadas que pretenderem realizar visita t\u00e9cnica destinada ao conhecimento e verifica\u00e7\u00e3o das unidades de produ\u00e7\u00e3o, nas condi\u00e7\u00f5es f\u00edsico-operacionais em que se encontram, bem como \u00e0 verifica\u00e7\u00e3o in loco das condi\u00e7\u00f5es, natureza e mensura\u00e7\u00e3o dos materiais e equipamentos necess\u00e1rios \u00e0 execu\u00e7\u00e3o da permiss\u00e3o de uso dever\u00e3o encaminhar, at\u00e9 o dia<\/span><span class=\"x_ContentPasted1\"><b class=\"x_ContentPasted1\">\u00a0<\/b><\/span><span class=\"x_ContentPasted1\">04 de novembro de 2022<\/span><span class=\"x_ContentPasted1\">,<b class=\"x_ContentPasted1\">\u00a0<\/b>correspond\u00eancia eletr\u00f4nica, para o e-mail sima.licitacoes@gmail.com, com t\u00edtulo \u201cVisita T\u00e9cnica | Concorr\u00eancia 01\/2022\/GS\u201d, contendo a indica\u00e7\u00e3o e qualifica\u00e7\u00e3o dos representantes da interessada para a realiza\u00e7\u00e3o da visita e \u00e1reas de interesse para a visita\u00e7\u00e3o.\u00a0A rela\u00e7\u00e3o de interessadas que realizaram a visita t\u00e9cnica ser\u00e1 mantida em sigilo. Recebida a correspond\u00eancia eletr\u00f4nica, ser\u00e1 encaminhado e-mail \u00e0 interessada para agendamento de data e hor\u00e1rio da visita t\u00e9cnica.\u00a0<\/span><\/i><\/p>\n<p class=\"x_MsoNormal\"><span class=\"x_ContentPasted1\">Em rela\u00e7\u00e3o aos documentos t\u00e9cnicos, em \u201cmaterial de apoio\u201d, no link da Concorr\u00eancia 01\/2022\/GS (<\/span><span class=\"x_ContentPasted1\"><u class=\"x_ContentPasted1\"><a class=\"x_ContentPasted1\" href=\"https:\/\/www.infraestruturameioambiente.sp.gov.br\/editais\/2022\/10\/concorrencia-01-2022-gs\/\" target=\"_blank\" rel=\"noopener noreferrer\" data-auth=\"NotApplicable\" data-safelink=\"true\" data-linkindex=\"1\">https:\/\/www.infraestruturameioambiente.sp.gov.br\/editais\/2022\/10\/concorrencia-01-2022-gs\/<\/a><\/u><\/span><span class=\"x_ContentPasted1\"><u class=\"x_ContentPasted1\">),<\/u><\/span><span class=\"x_ContentPasted1\">\u00a0consta planilha Excel com o Cadastro Florestal feito para o estudo de modelagem t\u00e9cnica-operacional deste Edital.\u00a0<\/span><span class=\"x_ContentPasted1\">\u00a0<\/span><\/p>\n<p class=\"x_MsoNormal\"><span class=\"x_ContentPasted1\">Os mapas constam nos Anexos do Edital:<\/span><span class=\"x_ContentPasted1\">\u00a0<\/span><\/p>\n<\/div>\n<div>\n<ul class=\"x_ContentPasted1\" type=\"disc\">\n<li class=\"x_MsoNormal\"><span class=\"x_ContentPasted1\">I.A (Mapa de delimita\u00e7\u00e3o das Esta\u00e7\u00f5es Experimentais e Florestas objeto da permiss\u00e3o de uso, bem como localiza\u00e7\u00e3o das Esta\u00e7\u00f5es Ecol\u00f3gicas Anexas as Unidades de Produ\u00e7\u00e3o),\u00a0<\/span><\/li>\n<\/ul>\n<ul class=\"x_ContentPasted1\" type=\"disc\">\n<li class=\"x_MsoNormal\"><span class=\"x_ContentPasted1\">I.B (Mapa do uso do solo atual das unidades objeto da permiss\u00e3o de uso),\u00a0<\/span><\/li>\n<li class=\"x_MsoNormal\"><span class=\"x_ContentPasted1\">I.C (Mapa de est\u00e1gios de regenera\u00e7\u00e3o nas unidades objeto da permiss\u00e3o de uso),\u00a0<\/span><\/li>\n<li class=\"x_MsoNormal\"><span class=\"x_ContentPasted1\">I.D (Mapa com a delimita\u00e7\u00e3o das \u00e1reas de uso atual para explora\u00e7\u00e3o com foco em produtos e subprodutos florestais, para madeira ou resina de pinus e novos plantios comerciais de pinus e\/ou eucaliptos das unidades objeto da permiss\u00e3o de uso) e<\/span><\/li>\n<li class=\"x_MsoNormal\">I.E (Mapa com a delimita\u00e7\u00e3o das \u00e1reas de uso futuro para explora\u00e7\u00e3o com foco em produtos e subprodutos florestais, para madeira ou resina de pinus e novos plantios comerciais de pinus e\/ou eucaliptos das unidades objeto da permiss\u00e3o de uso).<\/li>\n<\/ul>\n<\/div>\n<hr \/>\n<div>\n<p class=\"x_x_x_MsoNormal\"><b><span class=\"x_x_x_ContentPasted1 x_ContentPasted0\">PEDIDO DE ESCLARECIMENTOS<\/span><span class=\"x_x_x_ContentPasted1\"><span class=\"x_ContentPasted0\">\u00a0<\/span><\/span><\/b><\/p>\n<\/div>\n<div><b>PERGUNTA:\u00a0<\/b>Referente a participa\u00e7\u00e3o do Certame &#8211; Concorr\u00eancia 01\/2022\/GS na data 17\/11\/2022, empresas de outros Estados podem participar?<\/div>\n<div><b>RESPOSTA:<\/b> Sim, desde que atendam \u00e0s condi\u00e7\u00f5es previstas nos itens 2.1 e 2.2 (com seus subitens) do edital de licita\u00e7\u00e3o.<\/div>\n<div><\/div>\n<div><b>PERGUNTA:\u00a0<\/b>\u00c9 necess\u00e1rio apresentar plano de manejo no dia do Certame?<\/div>\n<div><b>RESPOSTA:<\/b> N\u00e3o.<\/div>\n<div><\/div>\n<div><b>PERGUNTA:\u00a0<\/b>\u00c9 necess\u00e1rio apresentar plano de manuten\u00e7\u00e3o com valores dos investimentos?<\/div>\n<div><b>RESPOSTA:<\/b> N\u00e3o.<\/div>\n<div><\/div>\n<div><b>PERGUNTA:<\/b>\u00a0Quanto \u00e0 entrega das \u00e1reas elas devem ser entregues plantadas no Final da Permiss\u00e3o?<\/div>\n<div><b>RESPOSTA:<\/b>\u00a0A Permission\u00e1ria ter\u00e1 o prazo da permiss\u00e3o para manejo florestal, respeitando as \u00e1reas autorizadas para uso atual e uso futuro identificadas na Permiss\u00e3o, al\u00e9m das especificidades das \u00e1reas onde poder\u00e3o ser exploradas para madeira e aquelas para resinas.<\/div>\n<div><\/div>\n<div>Adicionalmente, est\u00e1 previsto na Permiss\u00e3o:<\/div>\n<div>3.6. Ap\u00f3s o 13\u00b0 anivers\u00e1rio de assinatura do contrato a PERMITENTE juntamente com representantes da PERMISSION\u00c1RIA dever\u00e3o formar Comit\u00ea para planejamento das datas de devolu\u00e7\u00e3o das \u00e1reas ap\u00f3s colheita, ou realiza\u00e7\u00e3o de plantios\/condu\u00e7\u00e3o dos plantios existentes.<\/div>\n<div>3.6.1. A partir do 13\u00ba anivers\u00e1rio da Permiss\u00e3o, caso a PERMISSION\u00c1RIA opte por n\u00e3o realizar mais plantios nas \u00e1reas de explora\u00e7\u00e3o, a PERMITENTE poder\u00e1 implantar plantios nestas \u00e1reas subsistindo os demais encargos da presente permiss\u00e3o.<\/div>\n<div>3.6.2. No caso de exist\u00eancia de custos de plantio das \u00e1reas indicados pela PERMITENTE e antes da devolu\u00e7\u00e3o \u00e0 PERMITENTE, estes custos poder\u00e3o ser abatidos das outorgas restantes. A aprova\u00e7\u00e3o dos custos dever\u00e1 ser avaliada pelo Comit\u00ea formado com este prop\u00f3sito, antes da realiza\u00e7\u00e3o das atividades e abatimento na outorga.<\/div>\n<div>Respeitadas todas estas quest\u00f5es acima, a Permission\u00e1ria poder\u00e1 optar pela n\u00e3o realiza\u00e7\u00e3o de plantios ap\u00f3s o \u00faltimo ciclo ou por entregar a \u00e1rea plantada, sempre atendendo as regras de uso<\/div>\n<div><\/div>\n<div><b>PERGUNTA:\u00a0<\/b>Refere-se no item 6.1.2 e 6.1.2.1 queria mais esclarecimentos.<\/div>\n<div><b>RESPOSTA:<\/b>\u00a0Os pagamentos da outorga, por parte da empresa vencedora do certame, devem ocorrer trimestralmente. Sendo que o primeiro pagamento deve ser efetuado antecipadamente, como condi\u00e7\u00e3o para assinatura do termo de permiss\u00e3o de uso. Os demais pagamentos devem ser realizados, tamb\u00e9m de forma antecipada, em rela\u00e7\u00e3o a cada trimestre a contar da celebra\u00e7\u00e3o do contrato.<\/div>\n<hr \/>\n<p><strong>COMUNICADO<\/strong><\/p>\n<p>CONCORR\u00caNCIA: 01\/2022\/GS<\/p>\n<p>OBJETO: Permiss\u00e3o de uso de \u00e1rea das Esta\u00e7\u00f5es Experimentais de Itapeva e Itirapina e das Florestas de \u00c1guas de Santa Barbara, Angatuba e Piraju visando manejo florestal em \u00e1reas de florestas ex\u00f3ticas plantadas e atividades associadas para gest\u00e3o t\u00e9cnica e comercial, com foco em produtos e subprodutos florestais, para madeira ou resina de pinus e novos plantios comerciais de pinus e\/ou eucaliptos<\/p>\n<p>Em aten\u00e7\u00e3o ao disposto na publica\u00e7\u00e3o efetuada no Di\u00e1rio do Tribunal de Justi\u00e7a, em 25\/10\/2022, informamos que est\u00e1 suspensa a referida licita\u00e7\u00e3o sine die.<\/p>\n<p>Informa\u00e7\u00f5es posteriores ser\u00e3o publicadas no Di\u00e1rio Oficial do Estado.<\/p>\n","protected":false},"excerpt":{"rendered":"<p>GOVERNO DO ESTADO DE S\u00c3O PAULO SECRETARIA DE INFRAESTRUTURA E MEIO AMBIENTE\u00a0 Acha-se aberta no Gabinete do Secret\u00e1rio, da Secretaria de Infraestrutura e Meio Ambiente, a licita\u00e7\u00e3o na modalidade concorr\u00eancia\u00a001\/2022\/GS, do tipo maior valor fixo anual ofertado,\u00a0processo 70.082\/2021, destinada\u00a0a permiss\u00e3o de uso de \u00e1rea das Esta\u00e7\u00f5es Experimentais de Itapeva e Itirapina e das Florestas de [&hellip;]<\/p>\n","protected":false},"author":8,"featured_media":0,"comment_status":"open","ping_status":"open","sticky":false,"template":"","format":"standard","meta":[],"categories":[52,27],"tags":[],"_links":{"self":[{"href":"https:\/\/www.infraestruturameioambiente.sp.gov.br\/editais\/wp-json\/wp\/v2\/posts\/35559"}],"collection":[{"href":"https:\/\/www.infraestruturameioambiente.sp.gov.br\/editais\/wp-json\/wp\/v2\/posts"}],"about":[{"href":"https:\/\/www.infraestruturameioambiente.sp.gov.br\/editais\/wp-json\/wp\/v2\/types\/post"}],"author":[{"embeddable":true,"href":"https:\/\/www.infraestruturameioambiente.sp.gov.br\/editais\/wp-json\/wp\/v2\/users\/8"}],"replies":[{"embeddable":true,"href":"https:\/\/www.infraestruturameioambiente.sp.gov.br\/editais\/wp-json\/wp\/v2\/comments?post=35559"}],"version-history":[{"count":8,"href":"https:\/\/www.infraestruturameioambiente.sp.gov.br\/editais\/wp-json\/wp\/v2\/posts\/35559\/revisions"}],"predecessor-version":[{"id":35601,"href":"https:\/\/www.infraestruturameioambiente.sp.gov.br\/editais\/wp-json\/wp\/v2\/posts\/35559\/revisions\/35601"}],"wp:attachment":[{"href":"https:\/\/www.infraestruturameioambiente.sp.gov.br\/editais\/wp-json\/wp\/v2\/media?parent=35559"}],"wp:term":[{"taxonomy":"category","embeddable":true,"href":"https:\/\/www.infraestruturameioambiente.sp.gov.br\/editais\/wp-json\/wp\/v2\/categories?post=35559"},{"taxonomy":"post_tag","embeddable":true,"href":"https:\/\/www.infraestruturameioambiente.sp.gov.br\/editais\/wp-json\/wp\/v2\/tags?post=35559"}],"curies":[{"name":"wp","href":"https:\/\/api.w.org\/{rel}","templated":true}]}}