{"id":32719,"date":"2020-10-13T16:56:44","date_gmt":"2020-10-13T19:56:44","guid":{"rendered":"https:\/\/www.infraestruturameioambiente.sp.gov.br\/editais\/?p=32719"},"modified":"2023-07-24T02:37:03","modified_gmt":"2023-07-24T05:37:03","slug":"manifestacao-de-interesse-sima-ugp-no-01-2020","status":"publish","type":"post","link":"https:\/\/www.infraestruturameioambiente.sp.gov.br\/editais\/2020\/10\/manifestacao-de-interesse-sima-ugp-no-01-2020\/","title":{"rendered":"Manifesta\u00e7\u00e3o de Interesse SIMA\/UGP n\u00ba 01\/2020"},"content":{"rendered":"<p><strong>GOVERNO DO ESTADO DE S\u00c3O PAULO<\/strong><br \/>\n<strong>SECRETARIA DE INFRAESTRUTURA E MEIO AMBIENTE<\/strong><\/p>\n<p>Acha-se aberta na Unidade de Gest\u00e3o de Projetos, da Secretaria de Infraestrutura e Meio Ambiente, o procedimento de manifesta\u00e7\u00e3o de interesse SIMA\/UGP n\u00ba 01\/2020, Processo n\u00ba 39.543\/2020, que tem por objetivo selecionar propriet\u00e1rios e possuidores de im\u00f3veis rurais, interessados em receber conjuntos de mudas de esp\u00e9cies nativas com potencial para explora\u00e7\u00e3o econ\u00f4mica.<\/p>\n<p>Os interessados poder\u00e3o consultar o Edital completo nos sites https:\/\/www.infraestruturameioambiente.sp.gov.br\/ e www.imprensaoficial.com.br, op\u00e7\u00e3o(\u201cneg\u00f3cios p\u00fablicos\u201d), Maiores esclarecimentos podem ser solicitados atrav\u00e9s do e-mail: conex\u00e3o.mataatlantica@sp.gov.br.<\/p>\n<p><strong>Download<\/strong><\/p>\n<ul>\n<li><a href=\"https:\/\/smastr16.blob.core.windows.net\/editais\/sites\/41\/2020\/10\/edital-distribuicao-de-mudas-final-9out2020.pdf\">Edital Distribui\u00e7\u00e3o de Mudas<\/a><\/li>\n<li><a href=\"https:\/\/smastr16.blob.core.windows.net\/editais\/sites\/41\/2020\/10\/anexo-1-manifestacao-de-interesse_7out2020.pdf\">Anexo 1- Manifesta\u00e7\u00e3o de interesse<\/a><\/li>\n<li><a href=\"https:\/\/smastr16.blob.core.windows.net\/editais\/sites\/41\/2020\/10\/anexo-2-relacao-de-documentos.pdf\">Anexo 2 &#8211; Rela\u00e7\u00e3o de documentos<\/a><\/li>\n<li><a href=\"https:\/\/smastr16.blob.core.windows.net\/editais\/sites\/41\/2020\/10\/anexo-3-informacoes-sobre-o-projeto-conexao-mata-atlantica.pdf\">Anexo 3 &#8211; Informa\u00e7\u00f5es sobre o Projeto Conex\u00e3o Mata Atl\u00e2ntica<\/a><\/li>\n<li><a href=\"https:\/\/smastr16.blob.core.windows.net\/editais\/sites\/41\/2020\/10\/anexo-4_7out2020.pdf\">Anexo 4 &#8211; 7 OUT2020<\/a><\/li>\n<li><a href=\"https:\/\/smastr16.blob.core.windows.net\/editais\/sites\/41\/2020\/10\/anexo-5-declaracao-de-anuencia..pdf\">Anexo 5 &#8211; Declara\u00e7\u00e3o de Anu\u00eancia<\/a><\/li>\n<li><a href=\"https:\/\/smastr16.blob.core.windows.net\/editais\/sites\/41\/2020\/10\/anexo-6-termo-de-doacao-com-encargos-09.out_.pdf\">Anexo 6 &#8211; Termo de Doa\u00e7\u00e3o com Encargos 09.out<\/a><\/li>\n<li><a href=\"https:\/\/smastr16.blob.core.windows.net\/editais\/sites\/41\/2020\/10\/relatorio-final_site_rev-1.pdf\">Relat\u00f3rio Final<\/a><\/li>\n<\/ul>\n<p><strong>Comunicados<\/strong><\/p>\n<ul>\n<li><a href=\"https:\/\/smastr16.blob.core.windows.net\/editais\/sites\/41\/2020\/10\/comunicado_lista-de-espera_site_rev1.pdf\">Comunicado lista de espera<\/a><\/li>\n<\/ul>\n","protected":false},"excerpt":{"rendered":"<p>GOVERNO DO ESTADO DE S\u00c3O PAULO SECRETARIA DE INFRAESTRUTURA E MEIO AMBIENTE Acha-se aberta na Unidade de Gest\u00e3o de Projetos, da Secretaria de Infraestrutura e Meio Ambiente, o procedimento de manifesta\u00e7\u00e3o de interesse SIMA\/UGP n\u00ba 01\/2020, Processo n\u00ba 39.543\/2020, que tem por objetivo selecionar propriet\u00e1rios e possuidores de im\u00f3veis rurais, interessados em receber conjuntos de [&hellip;]<\/p>\n","protected":false},"author":4,"featured_media":0,"comment_status":"open","ping_status":"open","sticky":false,"template":"","format":"standard","meta":[],"categories":[52,5,27],"tags":[],"_links":{"self":[{"href":"https:\/\/www.infraestruturameioambiente.sp.gov.br\/editais\/wp-json\/wp\/v2\/posts\/32719"}],"collection":[{"href":"https:\/\/www.infraestruturameioambiente.sp.gov.br\/editais\/wp-json\/wp\/v2\/posts"}],"about":[{"href":"https:\/\/www.infraestruturameioambiente.sp.gov.br\/editais\/wp-json\/wp\/v2\/types\/post"}],"author":[{"embeddable":true,"href":"https:\/\/www.infraestruturameioambiente.sp.gov.br\/editais\/wp-json\/wp\/v2\/users\/4"}],"replies":[{"embeddable":true,"href":"https:\/\/www.infraestruturameioambiente.sp.gov.br\/editais\/wp-json\/wp\/v2\/comments?post=32719"}],"version-history":[{"count":7,"href":"https:\/\/www.infraestruturameioambiente.sp.gov.br\/editais\/wp-json\/wp\/v2\/posts\/32719\/revisions"}],"predecessor-version":[{"id":33303,"href":"https:\/\/www.infraestruturameioambiente.sp.gov.br\/editais\/wp-json\/wp\/v2\/posts\/32719\/revisions\/33303"}],"wp:attachment":[{"href":"https:\/\/www.infraestruturameioambiente.sp.gov.br\/editais\/wp-json\/wp\/v2\/media?parent=32719"}],"wp:term":[{"taxonomy":"category","embeddable":true,"href":"https:\/\/www.infraestruturameioambiente.sp.gov.br\/editais\/wp-json\/wp\/v2\/categories?post=32719"},{"taxonomy":"post_tag","embeddable":true,"href":"https:\/\/www.infraestruturameioambiente.sp.gov.br\/editais\/wp-json\/wp\/v2\/tags?post=32719"}],"curies":[{"name":"wp","href":"https:\/\/api.w.org\/{rel}","templated":true}]}}