{"id":31173,"date":"2018-12-28T15:41:02","date_gmt":"2018-12-28T17:41:02","guid":{"rendered":"https:\/\/www.infraestruturameioambiente.sp.gov.br\/editais\/?p=31173"},"modified":"2023-07-24T02:38:21","modified_gmt":"2023-07-24T05:38:21","slug":"edital-de-pregao-eletronico-instituto-florestal-n-11-2018","status":"publish","type":"post","link":"https:\/\/www.infraestruturameioambiente.sp.gov.br\/editais\/2018\/12\/edital-de-pregao-eletronico-instituto-florestal-n-11-2018\/","title":{"rendered":"EDITAL DE PREG\u00c3O ELETR\u00d4NICO INSTITUTO FLORESTAL n\u00b0 11\/2018"},"content":{"rendered":"<p>EDITAL DE PREG\u00c3O ELETR\u00d4NICO OBJETIVANDO A PRESTA\u00c7\u00c3O DE SERVI\u00c7OS DE VIGIL\u00c2NCIA E SEGURAN\u00c7A PATRIMONIAL \u2013 PARTICIPA\u00c7\u00c3O AMPLA<\/p>\n<p>EDITAL DE PREG\u00c3O ELETR\u00d4NICO INSTITUTO FLORESTAL n.\u00b011\/2018<br \/>\nPROCESSO SMA n.\u00b0 8.757\/2018<br \/>\nOFERTA DE COMPRA N\u00b0 260034000012018OC00048<br \/>\nENDERE\u00c7O ELETR\u00d4NICO: www.bec.sp.gov.br<br \/>\nDATA DO IN\u00cdCIO DO PRAZO PARA ENVIO DA PROPOSTA ELETR\u00d4NICA: 02\/01\/2019<br \/>\nDATA E HORA DA ABERTURA DA SESS\u00c3O P\u00daBLICA: \u2013 28\/01\/2019 \u00e0s 10h00min<\/p>\n<ul>\n<li><a href=\"https:\/\/smastr16.blob.core.windows.net\/editais\/2018\/12\/editalpe11-2018.pdf\">Download do edital<\/a><\/li>\n<\/ul>\n","protected":false},"excerpt":{"rendered":"<p>EDITAL DE PREG\u00c3O ELETR\u00d4NICO OBJETIVANDO A PRESTA\u00c7\u00c3O DE SERVI\u00c7OS DE VIGIL\u00c2NCIA E SEGURAN\u00c7A PATRIMONIAL \u2013 PARTICIPA\u00c7\u00c3O AMPLA EDITAL DE PREG\u00c3O ELETR\u00d4NICO INSTITUTO FLORESTAL n.\u00b011\/2018 PROCESSO SMA n.\u00b0 8.757\/2018 OFERTA DE COMPRA N\u00b0 260034000012018OC00048 ENDERE\u00c7O ELETR\u00d4NICO: www.bec.sp.gov.br DATA DO IN\u00cdCIO DO PRAZO PARA ENVIO DA PROPOSTA ELETR\u00d4NICA: 02\/01\/2019 DATA E HORA DA ABERTURA DA SESS\u00c3O P\u00daBLICA: [&hellip;]<\/p>\n","protected":false},"author":5,"featured_media":0,"comment_status":"open","ping_status":"open","sticky":false,"template":"","format":"standard","meta":[],"categories":[52,28],"tags":[],"_links":{"self":[{"href":"https:\/\/www.infraestruturameioambiente.sp.gov.br\/editais\/wp-json\/wp\/v2\/posts\/31173"}],"collection":[{"href":"https:\/\/www.infraestruturameioambiente.sp.gov.br\/editais\/wp-json\/wp\/v2\/posts"}],"about":[{"href":"https:\/\/www.infraestruturameioambiente.sp.gov.br\/editais\/wp-json\/wp\/v2\/types\/post"}],"author":[{"embeddable":true,"href":"https:\/\/www.infraestruturameioambiente.sp.gov.br\/editais\/wp-json\/wp\/v2\/users\/5"}],"replies":[{"embeddable":true,"href":"https:\/\/www.infraestruturameioambiente.sp.gov.br\/editais\/wp-json\/wp\/v2\/comments?post=31173"}],"version-history":[{"count":1,"href":"https:\/\/www.infraestruturameioambiente.sp.gov.br\/editais\/wp-json\/wp\/v2\/posts\/31173\/revisions"}],"predecessor-version":[{"id":31175,"href":"https:\/\/www.infraestruturameioambiente.sp.gov.br\/editais\/wp-json\/wp\/v2\/posts\/31173\/revisions\/31175"}],"wp:attachment":[{"href":"https:\/\/www.infraestruturameioambiente.sp.gov.br\/editais\/wp-json\/wp\/v2\/media?parent=31173"}],"wp:term":[{"taxonomy":"category","embeddable":true,"href":"https:\/\/www.infraestruturameioambiente.sp.gov.br\/editais\/wp-json\/wp\/v2\/categories?post=31173"},{"taxonomy":"post_tag","embeddable":true,"href":"https:\/\/www.infraestruturameioambiente.sp.gov.br\/editais\/wp-json\/wp\/v2\/tags?post=31173"}],"curies":[{"name":"wp","href":"https:\/\/api.w.org\/{rel}","templated":true}]}}