{"id":31169,"date":"2018-12-28T14:54:15","date_gmt":"2018-12-28T16:54:15","guid":{"rendered":"https:\/\/www.infraestruturameioambiente.sp.gov.br\/editais\/?p=31169"},"modified":"2023-07-24T02:38:21","modified_gmt":"2023-07-24T05:38:21","slug":"edital-de-pregao-eletronico-instituto-florestal-n-o-10-2018","status":"publish","type":"post","link":"https:\/\/www.infraestruturameioambiente.sp.gov.br\/editais\/2018\/12\/edital-de-pregao-eletronico-instituto-florestal-n-o-10-2018\/","title":{"rendered":"EDITAL DE PREG\u00c3O ELETR\u00d4NICO INSTITUTO FLORESTAL n.\u00ba 10\/2018"},"content":{"rendered":"<p>EDITAL DE PREG\u00c3O ELETR\u00d4NICO OBJETIVANDO A PRESTA\u00c7\u00c3O DE SERVI\u00c7OS N\u00c3O CONT\u00cdNUOS \u2013 PARTICIPA\u00c7\u00c3O AMPLA<\/p>\n<p>EDITAL DE PREG\u00c3O ELETR\u00d4NICO INSTITUTO FLORESTAL n.\u00ba 10\/2018<br \/>\nPROCESSO IF\/SMA n.\u00ba 1.633\/2018<br \/>\nOFERTA DE COMPRA N\u00b0 260108000012018OC00014<br \/>\nENDERE\u00c7O ELETR\u00d4NICO: www.bec.sp.gov.br<br \/>\nDATA DO IN\u00cdCIO DO PRAZO PARA ENVIO DA PROPOSTA ELETR\u00d4NICA: 02\/01\/2019<br \/>\nDATA E HORA DA ABERTURA DA SESS\u00c3O P\u00daBLICA: 14\/01\/2019 \u2013 as 10hs00min.<\/p>\n<ul>\n<li><a href=\"https:\/\/smastr16.blob.core.windows.net\/editais\/2018\/12\/editalpe010-2018.pdf\">Download do edital<\/a><\/li>\n<\/ul>\n","protected":false},"excerpt":{"rendered":"<p>EDITAL DE PREG\u00c3O ELETR\u00d4NICO OBJETIVANDO A PRESTA\u00c7\u00c3O DE SERVI\u00c7OS N\u00c3O CONT\u00cdNUOS \u2013 PARTICIPA\u00c7\u00c3O AMPLA EDITAL DE PREG\u00c3O ELETR\u00d4NICO INSTITUTO FLORESTAL n.\u00ba 10\/2018 PROCESSO IF\/SMA n.\u00ba 1.633\/2018 OFERTA DE COMPRA N\u00b0 260108000012018OC00014 ENDERE\u00c7O ELETR\u00d4NICO: www.bec.sp.gov.br DATA DO IN\u00cdCIO DO PRAZO PARA ENVIO DA PROPOSTA ELETR\u00d4NICA: 02\/01\/2019 DATA E HORA DA ABERTURA DA SESS\u00c3O P\u00daBLICA: 14\/01\/2019 \u2013 [&hellip;]<\/p>\n","protected":false},"author":5,"featured_media":0,"comment_status":"open","ping_status":"open","sticky":false,"template":"","format":"standard","meta":[],"categories":[52,28],"tags":[],"_links":{"self":[{"href":"https:\/\/www.infraestruturameioambiente.sp.gov.br\/editais\/wp-json\/wp\/v2\/posts\/31169"}],"collection":[{"href":"https:\/\/www.infraestruturameioambiente.sp.gov.br\/editais\/wp-json\/wp\/v2\/posts"}],"about":[{"href":"https:\/\/www.infraestruturameioambiente.sp.gov.br\/editais\/wp-json\/wp\/v2\/types\/post"}],"author":[{"embeddable":true,"href":"https:\/\/www.infraestruturameioambiente.sp.gov.br\/editais\/wp-json\/wp\/v2\/users\/5"}],"replies":[{"embeddable":true,"href":"https:\/\/www.infraestruturameioambiente.sp.gov.br\/editais\/wp-json\/wp\/v2\/comments?post=31169"}],"version-history":[{"count":1,"href":"https:\/\/www.infraestruturameioambiente.sp.gov.br\/editais\/wp-json\/wp\/v2\/posts\/31169\/revisions"}],"predecessor-version":[{"id":31171,"href":"https:\/\/www.infraestruturameioambiente.sp.gov.br\/editais\/wp-json\/wp\/v2\/posts\/31169\/revisions\/31171"}],"wp:attachment":[{"href":"https:\/\/www.infraestruturameioambiente.sp.gov.br\/editais\/wp-json\/wp\/v2\/media?parent=31169"}],"wp:term":[{"taxonomy":"category","embeddable":true,"href":"https:\/\/www.infraestruturameioambiente.sp.gov.br\/editais\/wp-json\/wp\/v2\/categories?post=31169"},{"taxonomy":"post_tag","embeddable":true,"href":"https:\/\/www.infraestruturameioambiente.sp.gov.br\/editais\/wp-json\/wp\/v2\/tags?post=31169"}],"curies":[{"name":"wp","href":"https:\/\/api.w.org\/{rel}","templated":true}]}}