{"id":31136,"date":"2018-12-12T17:12:31","date_gmt":"2018-12-12T19:12:31","guid":{"rendered":"https:\/\/www.infraestruturameioambiente.sp.gov.br\/editais\/?p=31136"},"modified":"2023-07-24T02:38:21","modified_gmt":"2023-07-24T05:38:21","slug":"pregao-eletronico-no-08-2018-if","status":"publish","type":"post","link":"https:\/\/www.infraestruturameioambiente.sp.gov.br\/editais\/2018\/12\/pregao-eletronico-no-08-2018-if\/","title":{"rendered":"Preg\u00e3o Eletr\u00f4nico n\u00ba 08\/2018\/IF"},"content":{"rendered":"<p><strong>PREG\u00c3O &#8211; PRESTA\u00c7\u00c3O DE SERVI\u00c7OS DE  MAPEAMENTO TEM\u00c1TICO DA COBERTURA VEGETAL NATIVA DO ESTADO DE S\u00c3O PAULO <\/strong><\/p>\n<p><strong>Processo SMA:<\/strong>\u00a01.633\/2018<br \/>\n<strong>Oferta de Compra:<\/strong> 260108000012018OC00014<br \/>\n<strong>Endere\u00e7o eletr\u00f4nico:\u00a0<u><a href=\"http:\/\/www.bec.sp.gov.br\">www.bec.sp.gov.br<\/a><br \/>\n<\/u><\/strong><strong>In\u00edcio do prazo para envio da proposta<\/strong>: 14\/12\/2018<br \/>\n<strong>Abertura da sess\u00e3o p\u00fablica:<\/strong>\u00a028\/12\/2018 \u2013 10:00<\/p>\n<p>O Instituto Florestal torna p\u00fablico que se acha aberta licita\u00e7\u00e3o na modalidade PREG\u00c3O ELETR\u00d4NICO, do tipo MENOR PRE\u00c7O, objetivando a PRESTA\u00c7\u00c3O DE SERVI\u00c7OS DE  MAPEAMENTO TEM\u00c1TICO DA COBERTURA VEGETAL NATIVA DO ESTADO DE S\u00c3O PAULO, sob o regime de empreitada por pre\u00e7o unit\u00e1rio, que ser\u00e1 regida pela Lei Federal n\u00ba 10.520\/2002, pelo Decreto Estadual n\u00b0 49.722\/2005 e pelo regulamento anexo \u00e0 Resolu\u00e7\u00e3o CC-27, de 25 de maio de 2006, aplicando-se, subsidiariamente, no que couberem, as disposi\u00e7\u00f5es da Lei Federal n\u00ba 8.666\/1993, do Decreto Estadual n\u00b0 47.297\/2002, do regulamento anexo \u00e0 Resolu\u00e7\u00e3o CEGP-10, de 19 de novembro de 2002, e demais normas regulamentares aplic\u00e1veis \u00e0 esp\u00e9cie.<\/p>\n<p><a href=\"https:\/\/smastr16.blob.core.windows.net\/editais\/2018\/12\/pe0082018.pdf\">Download do edital<\/a><\/p>\n","protected":false},"excerpt":{"rendered":"<p>PREG\u00c3O &#8211; PRESTA\u00c7\u00c3O DE SERVI\u00c7OS DE MAPEAMENTO TEM\u00c1TICO DA COBERTURA VEGETAL NATIVA DO ESTADO DE S\u00c3O PAULO Processo SMA:\u00a01.633\/2018 Oferta de Compra: 260108000012018OC00014 Endere\u00e7o eletr\u00f4nico:\u00a0www.bec.sp.gov.br In\u00edcio do prazo para envio da proposta: 14\/12\/2018 Abertura da sess\u00e3o p\u00fablica:\u00a028\/12\/2018 \u2013 10:00 O Instituto Florestal torna p\u00fablico que se acha aberta licita\u00e7\u00e3o na modalidade PREG\u00c3O ELETR\u00d4NICO, do tipo [&hellip;]<\/p>\n","protected":false},"author":75,"featured_media":0,"comment_status":"open","ping_status":"open","sticky":false,"template":"","format":"standard","meta":[],"categories":[52,28],"tags":[],"_links":{"self":[{"href":"https:\/\/www.infraestruturameioambiente.sp.gov.br\/editais\/wp-json\/wp\/v2\/posts\/31136"}],"collection":[{"href":"https:\/\/www.infraestruturameioambiente.sp.gov.br\/editais\/wp-json\/wp\/v2\/posts"}],"about":[{"href":"https:\/\/www.infraestruturameioambiente.sp.gov.br\/editais\/wp-json\/wp\/v2\/types\/post"}],"author":[{"embeddable":true,"href":"https:\/\/www.infraestruturameioambiente.sp.gov.br\/editais\/wp-json\/wp\/v2\/users\/75"}],"replies":[{"embeddable":true,"href":"https:\/\/www.infraestruturameioambiente.sp.gov.br\/editais\/wp-json\/wp\/v2\/comments?post=31136"}],"version-history":[{"count":1,"href":"https:\/\/www.infraestruturameioambiente.sp.gov.br\/editais\/wp-json\/wp\/v2\/posts\/31136\/revisions"}],"predecessor-version":[{"id":31139,"href":"https:\/\/www.infraestruturameioambiente.sp.gov.br\/editais\/wp-json\/wp\/v2\/posts\/31136\/revisions\/31139"}],"wp:attachment":[{"href":"https:\/\/www.infraestruturameioambiente.sp.gov.br\/editais\/wp-json\/wp\/v2\/media?parent=31136"}],"wp:term":[{"taxonomy":"category","embeddable":true,"href":"https:\/\/www.infraestruturameioambiente.sp.gov.br\/editais\/wp-json\/wp\/v2\/categories?post=31136"},{"taxonomy":"post_tag","embeddable":true,"href":"https:\/\/www.infraestruturameioambiente.sp.gov.br\/editais\/wp-json\/wp\/v2\/tags?post=31136"}],"curies":[{"name":"wp","href":"https:\/\/api.w.org\/{rel}","templated":true}]}}