{"id":30647,"date":"2018-07-16T11:11:26","date_gmt":"2018-07-16T14:11:26","guid":{"rendered":"https:\/\/www.infraestruturameioambiente.sp.gov.br\/editais\/?p=30647"},"modified":"2023-07-24T02:39:19","modified_gmt":"2023-07-24T05:39:19","slug":"edital-de-leilao-publico-no-02-2018-if","status":"publish","type":"post","link":"https:\/\/www.infraestruturameioambiente.sp.gov.br\/editais\/2018\/07\/edital-de-leilao-publico-no-02-2018-if\/","title":{"rendered":"Edital de leil\u00e3o p\u00fablico n\u00ba 02 \/ 2018 \/ IF"},"content":{"rendered":"<p style=\"text-align: left\" align=\"center\"><strong>LEIL\u00c3O P\u00daBLICO DE MADEIRA<\/strong><\/p>\n<p align=\"justify\"><strong>Processo SMA N\u00b0<\/strong>\u00a03.106\/2017<br \/>\n<strong>Edital de Leil\u00e3o:\u00a0<\/strong>02\/2018<br \/>\n<strong>Abertura da sess\u00e3o<\/strong>\u00a0<strong>p\u00fablica<\/strong>: 02\/08\/2018 \u00e0s 10 horas na Floresta Estadual de Manduri &#8211; Centro de Visitantes &#8211; Rua do Horto, s\/n, CEP 18.780-000, Bairro Horto Florestal, Manduri \u2013 SP.<\/p>\n<p align=\"justify\"><strong>Objeto:\u00a0<\/strong>Constitui objeto do presente leil\u00e3o a aliena\u00e7\u00e3o de madeiras de Pinus e Eucalyptus, na forma de matagem (\u00e1rvores em p\u00e9), esteres e lote, totalizando 40.413 (quarenta mil quatrocentos e treze) \u00e1rvores, 5.000 (cinco mil) metros esteres e 01 (um) lote de res\u00edduos de pesquisa (pinus e eucalipto), disponibilizados em talh\u00f5es e lotes, que dever\u00e3o sofrer corte raso, desbaste e limpeza, conforme Contrato e Termo de Refer\u00eancia.<\/p>\n<p>Os lotes referidos estar\u00e3o dispon\u00edveis para visita\u00e7\u00e3o a partir da publica\u00e7\u00e3o do presente Edital, at\u00e9 a v\u00e9spera do Leil\u00e3o, nos hor\u00e1rios compreendidos entre 08:00 e 11:00 horas, e, 13:00 e 15:00 horas.<\/p>\n<p>A vistoria dever\u00e1 ser agendada com os respons\u00e1veis pelas Unidades.<\/p>\n<table>\n<tbody>\n<tr>\n<td style=\"width: 155px\" width=\"151\"><strong>UNIDADE do IF<\/strong><\/td>\n<td style=\"width: 38px\" width=\"104\"><strong>MUNIC\u00cdPIO<\/strong><\/td>\n<td style=\"width: 225px\" width=\"151\"><strong>RESPONS\u00c1VEL<\/strong><\/td>\n<td style=\"width: 106px\" width=\"85\"><strong>TELEFONE<\/strong><\/td>\n<td style=\"width: 163px\" width=\"142\"><strong>E-MAIL<\/strong><\/td>\n<\/tr>\n<tr>\n<td style=\"width: 155px\" width=\"151\">E. Ec. de Assis e Floresta Estadual de Assis<\/td>\n<td style=\"width: 38px\" width=\"104\">Assis<\/td>\n<td style=\"width: 225px\" width=\"151\">Osmar Vilas Boa<\/td>\n<td style=\"width: 106px\" width=\"85\">18 3325-1066<\/p>\n<p>18 3325-1045<\/td>\n<td style=\"width: 163px\" width=\"142\">florestassis@gmail.com<\/td>\n<\/tr>\n<tr>\n<td style=\"width: 155px\" width=\"151\">E. Ec. \u00c1guas de Santa B\u00e1rbara, Floresta Estadual de Manduri e Floresta Estadual de Piraju<\/td>\n<td style=\"width: 38px\" width=\"104\">\u00c1guas de Santa B\u00e1rbara, Piraju e Manduri<\/td>\n<td style=\"width: 225px\" width=\"151\">Marli Maria Cardoso<\/td>\n<td style=\"width: 106px\" width=\"85\">14 3356-1621<\/p>\n<p>14 3356-1622<\/p>\n<p>14 3765-6125<\/td>\n<td style=\"width: 163px\" width=\"142\">floresmam@if.sp.gov.br<\/td>\n<\/tr>\n<\/tbody>\n<\/table>\n<p align=\"justify\"><a href=\"https:\/\/smastr16.blob.core.windows.net\/editais\/2018\/07\/leilao_if_02_2018.pdf\">Download do Edital<\/a><\/p>\n<p><a href=\"https:\/\/smastr16.blob.core.windows.net\/editais\/2018\/07\/leilao_if_02_2018_errata.pdf\">Errata<\/a> (19\/07\/2018)<\/p>\n","protected":false},"excerpt":{"rendered":"<p>LEIL\u00c3O P\u00daBLICO DE MADEIRA Processo SMA N\u00b0\u00a03.106\/2017 Edital de Leil\u00e3o:\u00a002\/2018 Abertura da sess\u00e3o\u00a0p\u00fablica: 02\/08\/2018 \u00e0s 10 horas na Floresta Estadual de Manduri &#8211; Centro de Visitantes &#8211; Rua do Horto, s\/n, CEP 18.780-000, Bairro Horto Florestal, Manduri \u2013 SP. Objeto:\u00a0Constitui objeto do presente leil\u00e3o a aliena\u00e7\u00e3o de madeiras de Pinus e Eucalyptus, na forma de [&hellip;]<\/p>\n","protected":false},"author":75,"featured_media":0,"comment_status":"closed","ping_status":"closed","sticky":false,"template":"","format":"standard","meta":[],"categories":[52,28],"tags":[],"_links":{"self":[{"href":"https:\/\/www.infraestruturameioambiente.sp.gov.br\/editais\/wp-json\/wp\/v2\/posts\/30647"}],"collection":[{"href":"https:\/\/www.infraestruturameioambiente.sp.gov.br\/editais\/wp-json\/wp\/v2\/posts"}],"about":[{"href":"https:\/\/www.infraestruturameioambiente.sp.gov.br\/editais\/wp-json\/wp\/v2\/types\/post"}],"author":[{"embeddable":true,"href":"https:\/\/www.infraestruturameioambiente.sp.gov.br\/editais\/wp-json\/wp\/v2\/users\/75"}],"replies":[{"embeddable":true,"href":"https:\/\/www.infraestruturameioambiente.sp.gov.br\/editais\/wp-json\/wp\/v2\/comments?post=30647"}],"version-history":[{"count":4,"href":"https:\/\/www.infraestruturameioambiente.sp.gov.br\/editais\/wp-json\/wp\/v2\/posts\/30647\/revisions"}],"predecessor-version":[{"id":30661,"href":"https:\/\/www.infraestruturameioambiente.sp.gov.br\/editais\/wp-json\/wp\/v2\/posts\/30647\/revisions\/30661"}],"wp:attachment":[{"href":"https:\/\/www.infraestruturameioambiente.sp.gov.br\/editais\/wp-json\/wp\/v2\/media?parent=30647"}],"wp:term":[{"taxonomy":"category","embeddable":true,"href":"https:\/\/www.infraestruturameioambiente.sp.gov.br\/editais\/wp-json\/wp\/v2\/categories?post=30647"},{"taxonomy":"post_tag","embeddable":true,"href":"https:\/\/www.infraestruturameioambiente.sp.gov.br\/editais\/wp-json\/wp\/v2\/tags?post=30647"}],"curies":[{"name":"wp","href":"https:\/\/api.w.org\/{rel}","templated":true}]}}