{"id":27853,"date":"2016-08-18T10:59:24","date_gmt":"2016-08-18T13:59:24","guid":{"rendered":"https:\/\/www.infraestruturameioambiente.sp.gov.br\/editais\/?p=27853"},"modified":"2023-07-24T02:41:09","modified_gmt":"2023-07-24T05:41:09","slug":"edital-de-leilao-no-022016","status":"publish","type":"post","link":"https:\/\/www.infraestruturameioambiente.sp.gov.br\/editais\/2016\/08\/edital-de-leilao-no-022016\/","title":{"rendered":"EDITAL DE LEIL\u00c3O N\u00ba 02\/2016"},"content":{"rendered":"<p align=\"center\"><strong>LEIL\u00c3O P\u00daBLICO DE MADEIRA<\/strong><\/p>\n<p align=\"justify\"><strong>Processo SMA N\u00b0<\/strong>\u00a010.968\/2015<br \/>\n<strong>Edital de Leil\u00e3o:\u00a0<\/strong>02\/2016<br \/>\n<strong>Abertura da sess\u00e3o<\/strong>\u00a0<strong>p\u00fablica<\/strong>: 14\/09\/2016 \u00e0s 09 horas no Audit\u00f3rio do Instituto Florestal &#8211; Rua do Horto, 931 &#8211; Horto Florestal &#8211; S\u00e3o Paulo &#8211; SP (entrada pela Rua Lu\u00eds Carlos Gentile de Laet, 553)<\/p>\n<p align=\"justify\"><strong>Objeto:<\/strong>\u00a0Constitui objeto do presente leil\u00e3o a aliena\u00e7\u00e3o de madeiras de <em>Pinus<\/em> e <em>Eucalyptus<\/em>, na forma de matagem (\u00e1rvores em p\u00e9), totalizando 81.454 (oitenta e um mil, quatrocentos e cinquenta e quatro) \u00e1rvores e 2.950 (dois mil novecentos e cinquenta) esteres (st), disponibilizadas em talh\u00f5es e lotes, que dever\u00e3o sofrer corte raso e desbaste, conforme <strong>Contrato e Termo de Refer\u00eancia<\/strong>, que integram este edital como Anexos I e II.<\/p>\n<p align=\"justify\">Para mais informa\u00e7\u00f5es, entrar em contato com <a href=\"mailto:dfee@if.sp.gov.br\">dfee@if.sp.gov.br<\/a>\u00a0\u2013 Tel. (11) 2231-8555 \/ Ramal 2054<\/p>\n<p align=\"justify\"><a href=\"https:\/\/smastr16.blob.core.windows.net\/editais\/2016\/08\/2_EDITAL_LEILAO-_E_MADEIRA_IF-2016.pdf\">Download do Edital<\/a><\/p>\n","protected":false},"excerpt":{"rendered":"<p>LEIL\u00c3O P\u00daBLICO DE MADEIRA Processo SMA N\u00b0\u00a010.968\/2015 Edital de Leil\u00e3o:\u00a002\/2016 Abertura da sess\u00e3o\u00a0p\u00fablica: 14\/09\/2016 \u00e0s 09 horas no Audit\u00f3rio do Instituto Florestal &#8211; Rua do Horto, 931 &#8211; Horto Florestal &#8211; S\u00e3o Paulo &#8211; SP (entrada pela Rua Lu\u00eds Carlos Gentile de Laet, 553) Objeto:\u00a0Constitui objeto do presente leil\u00e3o a aliena\u00e7\u00e3o de madeiras de Pinus [&hellip;]<\/p>\n","protected":false},"author":1,"featured_media":0,"comment_status":"closed","ping_status":"closed","sticky":false,"template":"","format":"standard","meta":[],"categories":[52,28],"tags":[],"_links":{"self":[{"href":"https:\/\/www.infraestruturameioambiente.sp.gov.br\/editais\/wp-json\/wp\/v2\/posts\/27853"}],"collection":[{"href":"https:\/\/www.infraestruturameioambiente.sp.gov.br\/editais\/wp-json\/wp\/v2\/posts"}],"about":[{"href":"https:\/\/www.infraestruturameioambiente.sp.gov.br\/editais\/wp-json\/wp\/v2\/types\/post"}],"author":[{"embeddable":true,"href":"https:\/\/www.infraestruturameioambiente.sp.gov.br\/editais\/wp-json\/wp\/v2\/users\/1"}],"replies":[{"embeddable":true,"href":"https:\/\/www.infraestruturameioambiente.sp.gov.br\/editais\/wp-json\/wp\/v2\/comments?post=27853"}],"version-history":[{"count":1,"href":"https:\/\/www.infraestruturameioambiente.sp.gov.br\/editais\/wp-json\/wp\/v2\/posts\/27853\/revisions"}],"predecessor-version":[{"id":36682,"href":"https:\/\/www.infraestruturameioambiente.sp.gov.br\/editais\/wp-json\/wp\/v2\/posts\/27853\/revisions\/36682"}],"wp:attachment":[{"href":"https:\/\/www.infraestruturameioambiente.sp.gov.br\/editais\/wp-json\/wp\/v2\/media?parent=27853"}],"wp:term":[{"taxonomy":"category","embeddable":true,"href":"https:\/\/www.infraestruturameioambiente.sp.gov.br\/editais\/wp-json\/wp\/v2\/categories?post=27853"},{"taxonomy":"post_tag","embeddable":true,"href":"https:\/\/www.infraestruturameioambiente.sp.gov.br\/editais\/wp-json\/wp\/v2\/tags?post=27853"}],"curies":[{"name":"wp","href":"https:\/\/api.w.org\/{rel}","templated":true}]}}