{"id":26806,"date":"2015-10-16T14:31:28","date_gmt":"2015-10-16T17:31:28","guid":{"rendered":"https:\/\/www.infraestruturameioambiente.sp.gov.br\/editais\/?p=26806"},"modified":"2023-07-24T02:41:24","modified_gmt":"2023-07-24T05:41:24","slug":"leilao-publico-no-032015-if","status":"publish","type":"post","link":"https:\/\/www.infraestruturameioambiente.sp.gov.br\/editais\/2015\/10\/leilao-publico-no-032015-if\/","title":{"rendered":"Leil\u00e3o P\u00fablico n\u00ba 03\/2015 &#8211; IF"},"content":{"rendered":"<h3><b>LEIL\u00c3O P\u00daBLICO DE MADEIRA<\/b><\/h3>\n<p align=\"justify\"><strong>Processo SMA N\u00b0<\/strong>\u00a0<strong>9<\/strong><b>.524\/2013<\/b><br \/>\n<strong>Leil\u00e3o P\u00fablico N\u00ba: <\/strong>003\/2015<br \/>\n<strong>Abertura da sess\u00e3o p\u00fablica: <\/strong>11\/11\/2015, 09:00 HORAS<\/p>\n<p align=\"justify\"><strong>Objeto:<\/strong> &#8211; Aliena\u00e7\u00e3o de madeiras de <i>Eucalyptus\u00a0<\/i>na forma de matagem (\u00e1rvores em p\u00e9) e metros c\u00fabicos, totalizando 212 (duzentas e doze) \u00e1rvores disponibilizadas em talh\u00f5es e divididos em lotes, conforme Contrato e Termo de Refer\u00eancia.<\/p>\n<p align=\"justify\">Para mais informa\u00e7\u00f5es, entrar em contato com <a href=\"mailto:dfee@if.sp.gov.br\">dfee@if.sp.gov.br<\/a>\u00a0&#8211; Tel. (11) 2231-8555 \/ Ramal 2054<\/p>\n<p align=\"justify\"><a style=\"line-height: 1.5em\" href=\"https:\/\/smastr16.blob.core.windows.net\/editais\/2015\/10\/LP_003_2015.pdf\">Edital<\/a><\/p>\n","protected":false},"excerpt":{"rendered":"<p>LEIL\u00c3O P\u00daBLICO DE MADEIRA Processo SMA N\u00b0\u00a09.524\/2013 Leil\u00e3o P\u00fablico N\u00ba: 003\/2015 Abertura da sess\u00e3o p\u00fablica: 11\/11\/2015, 09:00 HORAS Objeto: &#8211; Aliena\u00e7\u00e3o de madeiras de Eucalyptus\u00a0na forma de matagem (\u00e1rvores em p\u00e9) e metros c\u00fabicos, totalizando 212 (duzentas e doze) \u00e1rvores disponibilizadas em talh\u00f5es e divididos em lotes, conforme Contrato e Termo de Refer\u00eancia. Para mais [&hellip;]<\/p>\n","protected":false},"author":1,"featured_media":0,"comment_status":"closed","ping_status":"closed","sticky":false,"template":"","format":"standard","meta":[],"categories":[52,28],"tags":[],"_links":{"self":[{"href":"https:\/\/www.infraestruturameioambiente.sp.gov.br\/editais\/wp-json\/wp\/v2\/posts\/26806"}],"collection":[{"href":"https:\/\/www.infraestruturameioambiente.sp.gov.br\/editais\/wp-json\/wp\/v2\/posts"}],"about":[{"href":"https:\/\/www.infraestruturameioambiente.sp.gov.br\/editais\/wp-json\/wp\/v2\/types\/post"}],"author":[{"embeddable":true,"href":"https:\/\/www.infraestruturameioambiente.sp.gov.br\/editais\/wp-json\/wp\/v2\/users\/1"}],"replies":[{"embeddable":true,"href":"https:\/\/www.infraestruturameioambiente.sp.gov.br\/editais\/wp-json\/wp\/v2\/comments?post=26806"}],"version-history":[{"count":1,"href":"https:\/\/www.infraestruturameioambiente.sp.gov.br\/editais\/wp-json\/wp\/v2\/posts\/26806\/revisions"}],"predecessor-version":[{"id":36766,"href":"https:\/\/www.infraestruturameioambiente.sp.gov.br\/editais\/wp-json\/wp\/v2\/posts\/26806\/revisions\/36766"}],"wp:attachment":[{"href":"https:\/\/www.infraestruturameioambiente.sp.gov.br\/editais\/wp-json\/wp\/v2\/media?parent=26806"}],"wp:term":[{"taxonomy":"category","embeddable":true,"href":"https:\/\/www.infraestruturameioambiente.sp.gov.br\/editais\/wp-json\/wp\/v2\/categories?post=26806"},{"taxonomy":"post_tag","embeddable":true,"href":"https:\/\/www.infraestruturameioambiente.sp.gov.br\/editais\/wp-json\/wp\/v2\/tags?post=26806"}],"curies":[{"name":"wp","href":"https:\/\/api.w.org\/{rel}","templated":true}]}}