{"id":26673,"date":"2015-09-28T10:10:11","date_gmt":"2015-09-28T13:10:11","guid":{"rendered":"https:\/\/www.infraestruturameioambiente.sp.gov.br\/editais\/?p=26673"},"modified":"2023-07-24T02:41:27","modified_gmt":"2023-07-24T05:41:27","slug":"pregao-eletronico-no-122015-if","status":"publish","type":"post","link":"https:\/\/www.infraestruturameioambiente.sp.gov.br\/editais\/2015\/09\/pregao-eletronico-no-122015-if\/","title":{"rendered":"Preg\u00e3o Eletr\u00f4nico n\u00ba 12\/2015 &#8211; IF"},"content":{"rendered":"<p style=\"text-align: left\" align=\"center\"><strong>SERVI\u00c7OS CONT\u00cdNUOS DE CONTRATADOS SOB REGIME DE EMPREITADA POR PRE\u00c7OS UNIT\u00c1RIOS<\/strong><\/p>\n<h2><span style=\"font-size: 14px;line-height: 1.5em\">\u00a0<\/span><\/h2>\n<p align=\"justify\"><strong>Processo SMA N\u00b0<\/strong>\u00a01.160\/2015<br \/>\n<strong>Oferta de Compra n\u00ba:\u00a0<\/strong>260108000012015OC00015<br \/>\n<strong>Edital de Preg\u00e3o Eletr\u00f4nico: <\/strong>012\/2015<br \/>\n<strong>Data in\u00edcio do Prazo de envio para a proposta eletr\u00f4nica: <\/strong>28\/09\/2015<br \/>\n<strong>Abertura da sess\u00e3o p\u00fablica: <\/strong>15\/10\/2015, 10:00 HORAS<\/p>\n<p align=\"justify\"><strong>Objeto:<\/strong> &#8211; Preg\u00e3o eletr\u00f4nico do tipo menor pre\u00e7o, objetivando a presta\u00e7\u00e3o de servi\u00e7os de controle, opera\u00e7\u00e3o e fiscaliza\u00e7\u00e3o de portarias e edif\u00edcios para o Instituto Florestal &#8211; Floresta Estadual de Cajuru.<\/p>\n<p align=\"justify\"><a href=\"https:\/\/smastr16.blob.core.windows.net\/editais\/2015\/09\/PE_012_2015.pdf\">Download do Edital<\/a><\/p>\n","protected":false},"excerpt":{"rendered":"<p>SERVI\u00c7OS CONT\u00cdNUOS DE CONTRATADOS SOB REGIME DE EMPREITADA POR PRE\u00c7OS UNIT\u00c1RIOS \u00a0 Processo SMA N\u00b0\u00a01.160\/2015 Oferta de Compra n\u00ba:\u00a0260108000012015OC00015 Edital de Preg\u00e3o Eletr\u00f4nico: 012\/2015 Data in\u00edcio do Prazo de envio para a proposta eletr\u00f4nica: 28\/09\/2015 Abertura da sess\u00e3o p\u00fablica: 15\/10\/2015, 10:00 HORAS Objeto: &#8211; Preg\u00e3o eletr\u00f4nico do tipo menor pre\u00e7o, objetivando a presta\u00e7\u00e3o de servi\u00e7os [&hellip;]<\/p>\n","protected":false},"author":1,"featured_media":0,"comment_status":"closed","ping_status":"closed","sticky":false,"template":"","format":"standard","meta":[],"categories":[52,28],"tags":[],"_links":{"self":[{"href":"https:\/\/www.infraestruturameioambiente.sp.gov.br\/editais\/wp-json\/wp\/v2\/posts\/26673"}],"collection":[{"href":"https:\/\/www.infraestruturameioambiente.sp.gov.br\/editais\/wp-json\/wp\/v2\/posts"}],"about":[{"href":"https:\/\/www.infraestruturameioambiente.sp.gov.br\/editais\/wp-json\/wp\/v2\/types\/post"}],"author":[{"embeddable":true,"href":"https:\/\/www.infraestruturameioambiente.sp.gov.br\/editais\/wp-json\/wp\/v2\/users\/1"}],"replies":[{"embeddable":true,"href":"https:\/\/www.infraestruturameioambiente.sp.gov.br\/editais\/wp-json\/wp\/v2\/comments?post=26673"}],"version-history":[{"count":1,"href":"https:\/\/www.infraestruturameioambiente.sp.gov.br\/editais\/wp-json\/wp\/v2\/posts\/26673\/revisions"}],"predecessor-version":[{"id":36784,"href":"https:\/\/www.infraestruturameioambiente.sp.gov.br\/editais\/wp-json\/wp\/v2\/posts\/26673\/revisions\/36784"}],"wp:attachment":[{"href":"https:\/\/www.infraestruturameioambiente.sp.gov.br\/editais\/wp-json\/wp\/v2\/media?parent=26673"}],"wp:term":[{"taxonomy":"category","embeddable":true,"href":"https:\/\/www.infraestruturameioambiente.sp.gov.br\/editais\/wp-json\/wp\/v2\/categories?post=26673"},{"taxonomy":"post_tag","embeddable":true,"href":"https:\/\/www.infraestruturameioambiente.sp.gov.br\/editais\/wp-json\/wp\/v2\/tags?post=26673"}],"curies":[{"name":"wp","href":"https:\/\/api.w.org\/{rel}","templated":true}]}}